{"id":114596,"date":"2025-08-22T03:48:25","date_gmt":"2025-08-22T03:48:25","guid":{"rendered":"https:\/\/cordobaturismo.gov.ar\/?p=898021"},"modified":"2025-08-22T03:48:25","modified_gmt":"2025-08-22T03:48:25","slug":"turismo-en-accion-cordoba-vivio-una-gran-jornada-para-el-turismo-provincial","status":"publish","type":"post","link":"http:\/\/hoycordobaweb.com\/index.php\/2025\/08\/22\/turismo-en-accion-cordoba-vivio-una-gran-jornada-para-el-turismo-provincial\/","title":{"rendered":"Turismo en Acci\u00f3n: C\u00f3rdoba vivi\u00f3 una gran jornada para el turismo provincial"},"content":{"rendered":"<p>Este jueves C\u00f3rdoba volvi\u00f3 a vivir una cita imperdible con la realizaci\u00f3n de la cuarta edici\u00f3n de Turismo en Acci\u00f3n, el evento que reuni\u00f3 en un solo lugar a toda la cadena de valor del sector.<\/p>\n<p>Organizado por la C\u00e1mara de Turismo de la Provincia de C\u00f3rdoba, junto a la Agencia C\u00f3rdoba Turismo, el encuentro se desarroll\u00f3 desde las 9:00 hs en el Centro de Convenciones C\u00f3rdoba Brigadier Juan Bautista Bustos.<\/p>\n<p>Esta jornada, que lleg\u00f3 a su 4.\u00aa edici\u00f3n, se consolid\u00f3 como el espacio m\u00e1s representativo para el turismo provincial, combinando promoci\u00f3n, formaci\u00f3n, vinculaci\u00f3n comercial y experiencias gastron\u00f3micas en un clima colaborativo y de crecimiento conjunto.<\/p>\n<p>En este marco, el presidente de la Agencia C\u00f3rdoba Turismo, Dar\u00edo Capitani, destac\u00f3: \u201cEste evento crece a\u00f1o tras a\u00f1o y confirma que C\u00f3rdoba no solo es uno de los principales destinos tur\u00edsticos del pa\u00eds, sino tambi\u00e9n un espacio de innovaci\u00f3n y encuentro que potencia a todo el sector\u201d.<\/p>\n<p>El encuentro estuvo acompa\u00f1ado por las instituciones m\u00e1s importantes del pa\u00eds del sector privado, entre ellos, el presidente de <strong>FEHGRA, Fernando Desbots<\/strong>, el presidente de <strong>FAEVYT, Andr\u00e9s Dey\u00e1<\/strong>, y la presencia de la flamante presidente de la <strong>C\u00e1mara Argentina de Turismo, Laura Teruel<\/strong>.<\/p>\n<figure class=\"wp-block-image size-large\"><img loading=\"lazy\" fetchpriority=\"high\" decoding=\"async\" width=\"1024\" height=\"768\" src=\"http:\/\/hoycordobaweb.com\/wp-content\/uploads\/2025\/08\/turismo-en-accion-cordoba-vivio-una-gran-jornada-para-el-turismo-provincial.jpg\" alt class=\"wp-image-898023\" srcset=\"http:\/\/hoycordobaweb.com\/wp-content\/uploads\/2025\/08\/turismo-en-accion-cordoba-vivio-una-gran-jornada-para-el-turismo-provincial.jpg 1024w, http:\/\/hoycordobaweb.com\/wp-content\/uploads\/2025\/08\/turismo-en-accion-cordoba-vivio-una-gran-jornada-para-el-turismo-provincial-8.jpg 300w, http:\/\/hoycordobaweb.com\/wp-content\/uploads\/2025\/08\/turismo-en-accion-cordoba-vivio-una-gran-jornada-para-el-turismo-provincial-9.jpg 768w, http:\/\/hoycordobaweb.com\/wp-content\/uploads\/2025\/08\/turismo-en-accion-cordoba-vivio-una-gran-jornada-para-el-turismo-provincial-10.jpg 1536w, http:\/\/hoycordobaweb.com\/wp-content\/uploads\/2025\/08\/turismo-en-accion-cordoba-vivio-una-gran-jornada-para-el-turismo-provincial-11.jpg 1600w\" sizes=\"(max-width: 1024px) 100vw, 1024px\"><\/figure>\n<p>Esta edici\u00f3n ofreci\u00f3 una agenda diversa y participativa que contempl\u00f3:<\/p>\n<ul class=\"wp-block-list\">\n<li><strong>4.\u00aa Feria Provincial de Destinos Tur\u00edsticos<\/strong>: municipios y comunas mostraron su potencial tur\u00edstico, cultural y gastron\u00f3mico, acercando propuestas y sorteos tanto al p\u00fablico general como a los operadores.<\/li>\n<li><strong>Ciclo de Capacitaciones<\/strong>: especialistas y referentes compartieron herramientas y experiencias sobre innovaci\u00f3n, comunicaci\u00f3n, sostenibilidad y gesti\u00f3n de destinos.<\/li>\n<li><strong>C\u00f3rdoba Workshop<\/strong>: un espacio de vinculaci\u00f3n comercial renovado que favoreci\u00f3 el contacto directo entre operadores, agencias y prestadores.<\/li>\n<li><strong>C\u00f3rdoba Cocina<\/strong>: la ronda clasificatoria provincial del Torneo Federal de Chefs de FEHGRA, con equipos que compitieron en vivo mostrando la riqueza gastron\u00f3mica cordobesa.<\/li>\n<\/ul>\n<p>Turismo en Acci\u00f3n volvi\u00f3 a ser un ejemplo del trabajo conjunto entre el sector p\u00fablico y privado para proyectar a C\u00f3rdoba como un destino competitivo, diverso y en permanente movimiento.<\/p>\n<figure class=\"wp-block-gallery has-nested-images columns-default is-cropped wp-block-gallery-1 is-layout-flex wp-block-gallery-is-layout-flex\">\n<figure class=\"wp-block-image size-large\"><img loading=\"lazy\" decoding=\"async\" width=\"1024\" height=\"768\" data-id=\"898028\" src=\"http:\/\/hoycordobaweb.com\/wp-content\/uploads\/2025\/08\/turismo-en-accion-cordoba-vivio-una-gran-jornada-para-el-turismo-provincial-1.jpg\" alt class=\"wp-image-898028\" srcset=\"http:\/\/hoycordobaweb.com\/wp-content\/uploads\/2025\/08\/turismo-en-accion-cordoba-vivio-una-gran-jornada-para-el-turismo-provincial-1.jpg 1024w, http:\/\/hoycordobaweb.com\/wp-content\/uploads\/2025\/08\/turismo-en-accion-cordoba-vivio-una-gran-jornada-para-el-turismo-provincial-12.jpg 300w, http:\/\/hoycordobaweb.com\/wp-content\/uploads\/2025\/08\/turismo-en-accion-cordoba-vivio-una-gran-jornada-para-el-turismo-provincial-13.jpg 768w, http:\/\/hoycordobaweb.com\/wp-content\/uploads\/2025\/08\/turismo-en-accion-cordoba-vivio-una-gran-jornada-para-el-turismo-provincial-14.jpg 1280w\" sizes=\"(max-width: 1024px) 100vw, 1024px\"><\/figure>\n<figure class=\"wp-block-image size-large\"><img loading=\"lazy\" decoding=\"async\" width=\"1024\" height=\"768\" data-id=\"898022\" src=\"http:\/\/hoycordobaweb.com\/wp-content\/uploads\/2025\/08\/turismo-en-accion-cordoba-vivio-una-gran-jornada-para-el-turismo-provincial-2.jpg\" alt class=\"wp-image-898022\" srcset=\"http:\/\/hoycordobaweb.com\/wp-content\/uploads\/2025\/08\/turismo-en-accion-cordoba-vivio-una-gran-jornada-para-el-turismo-provincial-2.jpg 1024w, http:\/\/hoycordobaweb.com\/wp-content\/uploads\/2025\/08\/turismo-en-accion-cordoba-vivio-una-gran-jornada-para-el-turismo-provincial-15.jpg 300w, http:\/\/hoycordobaweb.com\/wp-content\/uploads\/2025\/08\/turismo-en-accion-cordoba-vivio-una-gran-jornada-para-el-turismo-provincial-16.jpg 768w, http:\/\/hoycordobaweb.com\/wp-content\/uploads\/2025\/08\/turismo-en-accion-cordoba-vivio-una-gran-jornada-para-el-turismo-provincial-17.jpg 1280w\" sizes=\"(max-width: 1024px) 100vw, 1024px\"><\/figure>\n<figure class=\"wp-block-image size-large\"><img loading=\"lazy\" decoding=\"async\" width=\"1024\" height=\"768\" data-id=\"898026\" src=\"http:\/\/hoycordobaweb.com\/wp-content\/uploads\/2025\/08\/turismo-en-accion-cordoba-vivio-una-gran-jornada-para-el-turismo-provincial-3.jpg\" alt class=\"wp-image-898026\" srcset=\"http:\/\/hoycordobaweb.com\/wp-content\/uploads\/2025\/08\/turismo-en-accion-cordoba-vivio-una-gran-jornada-para-el-turismo-provincial-3.jpg 1024w, http:\/\/hoycordobaweb.com\/wp-content\/uploads\/2025\/08\/turismo-en-accion-cordoba-vivio-una-gran-jornada-para-el-turismo-provincial-18.jpg 300w, http:\/\/hoycordobaweb.com\/wp-content\/uploads\/2025\/08\/turismo-en-accion-cordoba-vivio-una-gran-jornada-para-el-turismo-provincial-19.jpg 768w, http:\/\/hoycordobaweb.com\/wp-content\/uploads\/2025\/08\/turismo-en-accion-cordoba-vivio-una-gran-jornada-para-el-turismo-provincial-20.jpg 1280w\" sizes=\"auto, (max-width: 1024px) 100vw, 1024px\"><\/figure>\n<figure class=\"wp-block-image size-large\"><img loading=\"lazy\" decoding=\"async\" width=\"1024\" height=\"768\" data-id=\"898027\" src=\"http:\/\/hoycordobaweb.com\/wp-content\/uploads\/2025\/08\/turismo-en-accion-cordoba-vivio-una-gran-jornada-para-el-turismo-provincial-4.jpg\" alt class=\"wp-image-898027\" srcset=\"http:\/\/hoycordobaweb.com\/wp-content\/uploads\/2025\/08\/turismo-en-accion-cordoba-vivio-una-gran-jornada-para-el-turismo-provincial-4.jpg 1024w, http:\/\/hoycordobaweb.com\/wp-content\/uploads\/2025\/08\/turismo-en-accion-cordoba-vivio-una-gran-jornada-para-el-turismo-provincial-21.jpg 300w, http:\/\/hoycordobaweb.com\/wp-content\/uploads\/2025\/08\/turismo-en-accion-cordoba-vivio-una-gran-jornada-para-el-turismo-provincial-22.jpg 768w, http:\/\/hoycordobaweb.com\/wp-content\/uploads\/2025\/08\/turismo-en-accion-cordoba-vivio-una-gran-jornada-para-el-turismo-provincial-23.jpg 1280w\" sizes=\"auto, (max-width: 1024px) 100vw, 1024px\"><\/figure>\n<figure class=\"wp-block-image size-large\"><img loading=\"lazy\" decoding=\"async\" width=\"768\" height=\"1024\" data-id=\"898029\" src=\"http:\/\/hoycordobaweb.com\/wp-content\/uploads\/2025\/08\/turismo-en-accion-cordoba-vivio-una-gran-jornada-para-el-turismo-provincial-5.jpg\" alt class=\"wp-image-898029\" srcset=\"http:\/\/hoycordobaweb.com\/wp-content\/uploads\/2025\/08\/turismo-en-accion-cordoba-vivio-una-gran-jornada-para-el-turismo-provincial-5.jpg 768w, http:\/\/hoycordobaweb.com\/wp-content\/uploads\/2025\/08\/turismo-en-accion-cordoba-vivio-una-gran-jornada-para-el-turismo-provincial-24.jpg 225w, http:\/\/hoycordobaweb.com\/wp-content\/uploads\/2025\/08\/turismo-en-accion-cordoba-vivio-una-gran-jornada-para-el-turismo-provincial-25.jpg 960w\" sizes=\"auto, (max-width: 768px) 100vw, 768px\"><\/figure>\n<figure class=\"wp-block-image size-large\"><img loading=\"lazy\" decoding=\"async\" width=\"1024\" height=\"768\" data-id=\"898025\" src=\"http:\/\/hoycordobaweb.com\/wp-content\/uploads\/2025\/08\/turismo-en-accion-cordoba-vivio-una-gran-jornada-para-el-turismo-provincial-6.jpg\" alt class=\"wp-image-898025\" srcset=\"http:\/\/hoycordobaweb.com\/wp-content\/uploads\/2025\/08\/turismo-en-accion-cordoba-vivio-una-gran-jornada-para-el-turismo-provincial-6.jpg 1024w, http:\/\/hoycordobaweb.com\/wp-content\/uploads\/2025\/08\/turismo-en-accion-cordoba-vivio-una-gran-jornada-para-el-turismo-provincial-26.jpg 300w, http:\/\/hoycordobaweb.com\/wp-content\/uploads\/2025\/08\/turismo-en-accion-cordoba-vivio-una-gran-jornada-para-el-turismo-provincial-27.jpg 768w, http:\/\/hoycordobaweb.com\/wp-content\/uploads\/2025\/08\/turismo-en-accion-cordoba-vivio-una-gran-jornada-para-el-turismo-provincial-28.jpg 1280w\" sizes=\"auto, (max-width: 1024px) 100vw, 1024px\"><\/figure>\n<figure class=\"wp-block-image size-large\"><img loading=\"lazy\" decoding=\"async\" width=\"1024\" height=\"768\" data-id=\"898030\" src=\"http:\/\/hoycordobaweb.com\/wp-content\/uploads\/2025\/08\/turismo-en-accion-cordoba-vivio-una-gran-jornada-para-el-turismo-provincial-7.jpg\" alt class=\"wp-image-898030\" srcset=\"http:\/\/hoycordobaweb.com\/wp-content\/uploads\/2025\/08\/turismo-en-accion-cordoba-vivio-una-gran-jornada-para-el-turismo-provincial-7.jpg 1024w, http:\/\/hoycordobaweb.com\/wp-content\/uploads\/2025\/08\/turismo-en-accion-cordoba-vivio-una-gran-jornada-para-el-turismo-provincial-29.jpg 300w, http:\/\/hoycordobaweb.com\/wp-content\/uploads\/2025\/08\/turismo-en-accion-cordoba-vivio-una-gran-jornada-para-el-turismo-provincial-30.jpg 768w, http:\/\/hoycordobaweb.com\/wp-content\/uploads\/2025\/08\/turismo-en-accion-cordoba-vivio-una-gran-jornada-para-el-turismo-provincial-31.jpg 1280w\" sizes=\"auto, (max-width: 1024px) 100vw, 1024px\"><\/figure>\n<\/figure>\n","protected":false},"excerpt":{"rendered":"<p>Este jueves C\u00f3rdoba volvi\u00f3 a vivir una cita imperdible con la realizaci\u00f3n de la cuarta edici\u00f3n de Turismo en Acci\u00f3n, el evento que reuni\u00f3 en un solo lugar a toda la cadena de valor del sector. Organizado por la C\u00e1mara de Turismo de la Provincia de C\u00f3rdoba, junto a la Agencia C\u00f3rdoba Turismo, el encuentro [&hellip;]<\/p>\n","protected":false},"author":1,"featured_media":114597,"comment_status":"closed","ping_status":"closed","sticky":false,"template":"","format":"standard","meta":[],"categories":[19],"tags":[],"_links":{"self":[{"href":"http:\/\/hoycordobaweb.com\/index.php\/wp-json\/wp\/v2\/posts\/114596"}],"collection":[{"href":"http:\/\/hoycordobaweb.com\/index.php\/wp-json\/wp\/v2\/posts"}],"about":[{"href":"http:\/\/hoycordobaweb.com\/index.php\/wp-json\/wp\/v2\/types\/post"}],"author":[{"embeddable":true,"href":"http:\/\/hoycordobaweb.com\/index.php\/wp-json\/wp\/v2\/users\/1"}],"replies":[{"embeddable":true,"href":"http:\/\/hoycordobaweb.com\/index.php\/wp-json\/wp\/v2\/comments?post=114596"}],"version-history":[{"count":0,"href":"http:\/\/hoycordobaweb.com\/index.php\/wp-json\/wp\/v2\/posts\/114596\/revisions"}],"wp:featuredmedia":[{"embeddable":true,"href":"http:\/\/hoycordobaweb.com\/index.php\/wp-json\/wp\/v2\/media\/114597"}],"wp:attachment":[{"href":"http:\/\/hoycordobaweb.com\/index.php\/wp-json\/wp\/v2\/media?parent=114596"}],"wp:term":[{"taxonomy":"category","embeddable":true,"href":"http:\/\/hoycordobaweb.com\/index.php\/wp-json\/wp\/v2\/categories?post=114596"},{"taxonomy":"post_tag","embeddable":true,"href":"http:\/\/hoycordobaweb.com\/index.php\/wp-json\/wp\/v2\/tags?post=114596"}],"curies":[{"name":"wp","href":"https:\/\/api.w.org\/{rel}","templated":true}]}}