{"id":114594,"date":"2025-08-21T20:02:16","date_gmt":"2025-08-21T20:02:16","guid":{"rendered":"http:\/\/hoycordobaweb.com\/index.php\/2025\/08\/21\/semino-sobre-los-jubilados-estamos-en-una-situacion-de-una-crisis-que-se-lleva-vidas\/"},"modified":"2025-08-21T20:02:16","modified_gmt":"2025-08-21T20:02:16","slug":"semino-sobre-los-jubilados-estamos-en-una-situacion-de-una-crisis-que-se-lleva-vidas","status":"publish","type":"post","link":"http:\/\/hoycordobaweb.com\/index.php\/2025\/08\/21\/semino-sobre-los-jubilados-estamos-en-una-situacion-de-una-crisis-que-se-lleva-vidas\/","title":{"rendered":"Semino sobre los jubilados: \u00abEstamos en una situaci\u00f3n de una crisis que se lleva vidas\u00bb"},"content":{"rendered":"<div class=\"media_block\"><\/div>\n<div><img src=\"http:\/\/hoycordobaweb.com\/wp-content\/uploads\/2025\/08\/semino-sobre-los-jubilados-estamos-en-una-situacion-de-una-crisis-que-se-lleva-vidas.jpg\" class=\"ff-og-image-inserted\"><\/div>\n<p>Perfil Redacci\u00f3n NEA<\/p>\n<p>El Defensor de la Tercera Edad de la Ciudad de Buenos Aires, <strong>Eugenio Semino<\/strong>, asegur\u00f3 que los <strong>jubilados<\/strong> est\u00e1n <strong>\u00aben una situaci\u00f3n de una crisis que se lleva vidas\u00bb <\/strong>luego de que el Gobierno nacional lograr\u00e1 mantener el veto al aumento jubilatorio del presidente <strong>Javier Milei<\/strong>.<\/p>\n<p class=\"destacadoNota\"><a target=\"_blank\" href=\"https:\/\/www.perfil.com\/noticias\/nea\/aumento-a-jubilados-ningun-diputado-por-misiones-voto-en-contra-del-veto-de-milei.phtml\" rel=\"noopener noreferrer\">Aumento a jubilados: ning\u00fan diputado por Misiones vot\u00f3 en contra del veto de Milei<\/a><\/p>\n<h2>Jubilados<\/h2>\n<p>\u201cEn agosto del a\u00f1o pasado se sancion\u00f3 exactamente lo mismo, salvo lo que era<strong> moratoria<\/strong> que no entr\u00f3 en aquel proyecto porque estaba vigente. <strong>El sistema pol\u00edtico se olvid\u00f3 de los jubilados por un a\u00f1o<\/strong>\u201d, record\u00f3 el abogado.<\/p>\n<p>Adem\u00e1s se\u00f1al\u00f3 que ha realizado planteos jur\u00eddicos y de constitucionalidad junto a<strong> Andr\u00e9s Gil Dom\u00ednguez<\/strong> en la Ciudad de Buenos Aires, C\u00f3rdoba, Bah\u00eda Blanca, Comodoro y Chaco, entre otros.<\/p>\n<p>\u201cObviamente que <strong>esto va a tener un resultado dentro de tiempos imposibles de imaginar<\/strong> como suele ocurrir con el tema jubilados y la justicia argentina\u201d, agreg\u00f3 en declaraciones a <em>Radio Continental AM 590<\/em>.<\/p>\n<p class=\"destacadoNota\"><a target=\"_blank\" href=\"https:\/\/www.perfil.com\/noticias\/nea\/rubinstein-sobre-el-fentanilo-contaminado-la-corrupcion-mata-pero-la-indolencia-tambien.phtml\" rel=\"noopener noreferrer\">Rubinstein sobre el fentanilo contaminado: \u00abLa corrupci\u00f3n mata, pero la indolencia tambi\u00e9n\u00bb<\/a><\/p>\n<h2>\u201cEl haber se sigue licuando\u201d<\/h2>\n<p>\u201c<strong>Hoy estamos en la misma situaci\u00f3n pero con un deterioro mayor. El haber se sigue licuand<\/strong>o. Nadie puede suponer que en Argentina con 380 mil pesos, 330 mil que cobra una persona con discapacidad se pueda subsistir\u201d, sostuvo Semino.<\/p>\n<p>\u201c<strong>Estamos en una situaci\u00f3n de una crisis que se lleva vidas<\/strong>\u201d, enfatiz\u00f3.<\/p>\n<p>Tambi\u00e9n diferenci\u00f3 la situaci\u00f3n de los<strong> jubilados argentinos<\/strong> del contexto de otros pa\u00edses. \u201cEn el mundo estall\u00f3 la bomba de la longevidad\u201d, recalc\u00f3.<\/p>\n<p>Por \u00faltimo consider\u00f3 que \u201cestamos en un problema muy serio\u201d y que aquellos jubilados que no tienen una red familiar o social, \u201chay que salir a apoyarlos con acci\u00f3n social con guita del presupuesto nacional, de los presupuestos provinciales y municipales <strong>para que puedan comer, tener un medicamento y estar abajo de un techo<\/strong>\u201d.<\/p>\n<p>\u201cEstamos <strong>en una situaci\u00f3n de emergencia<\/strong> en ese sentido\u201d, concluy\u00f3 Semino.<\/p>\n<div class=\"article__tags\">\n<p>En esta Nota<\/p>\n<\/p><\/div>\n","protected":false},"excerpt":{"rendered":"<p>Perfil Redacci\u00f3n NEA El Defensor de la Tercera Edad de la Ciudad de Buenos Aires, Eugenio Semino, asegur\u00f3 que los jubilados est\u00e1n \u00aben una situaci\u00f3n de una crisis que se lleva vidas\u00bb luego de que el Gobierno nacional lograr\u00e1 mantener el veto al aumento jubilatorio del presidente Javier Milei. Aumento a jubilados: ning\u00fan diputado por [&hellip;]<\/p>\n","protected":false},"author":1,"featured_media":114595,"comment_status":"closed","ping_status":"closed","sticky":false,"template":"","format":"standard","meta":[],"categories":[19],"tags":[444,1037,1611,247,1850,1849,464,1852,1766,1851,465],"_links":{"self":[{"href":"http:\/\/hoycordobaweb.com\/index.php\/wp-json\/wp\/v2\/posts\/114594"}],"collection":[{"href":"http:\/\/hoycordobaweb.com\/index.php\/wp-json\/wp\/v2\/posts"}],"about":[{"href":"http:\/\/hoycordobaweb.com\/index.php\/wp-json\/wp\/v2\/types\/post"}],"author":[{"embeddable":true,"href":"http:\/\/hoycordobaweb.com\/index.php\/wp-json\/wp\/v2\/users\/1"}],"replies":[{"embeddable":true,"href":"http:\/\/hoycordobaweb.com\/index.php\/wp-json\/wp\/v2\/comments?post=114594"}],"version-history":[{"count":0,"href":"http:\/\/hoycordobaweb.com\/index.php\/wp-json\/wp\/v2\/posts\/114594\/revisions"}],"wp:featuredmedia":[{"embeddable":true,"href":"http:\/\/hoycordobaweb.com\/index.php\/wp-json\/wp\/v2\/media\/114595"}],"wp:attachment":[{"href":"http:\/\/hoycordobaweb.com\/index.php\/wp-json\/wp\/v2\/media?parent=114594"}],"wp:term":[{"taxonomy":"category","embeddable":true,"href":"http:\/\/hoycordobaweb.com\/index.php\/wp-json\/wp\/v2\/categories?post=114594"},{"taxonomy":"post_tag","embeddable":true,"href":"http:\/\/hoycordobaweb.com\/index.php\/wp-json\/wp\/v2\/tags?post=114594"}],"curies":[{"name":"wp","href":"https:\/\/api.w.org\/{rel}","templated":true}]}}