{"id":114487,"date":"2025-08-20T17:30:46","date_gmt":"2025-08-20T17:30:46","guid":{"rendered":"https:\/\/www.trendencias.com\/shopping\/novedades-stradivarius-seis-chaquetas-que-seran-tendencia-este-otono-debemos-tener-radar"},"modified":"2025-08-20T17:30:46","modified_gmt":"2025-08-20T17:30:46","slug":"novedades-en-stradivarius-las-seis-chaquetas-que-seran-tendencia-este-otono-y-debemos-tener-ya-en-el-radar","status":"publish","type":"post","link":"http:\/\/hoycordobaweb.com\/index.php\/2025\/08\/20\/novedades-en-stradivarius-las-seis-chaquetas-que-seran-tendencia-este-otono-y-debemos-tener-ya-en-el-radar\/","title":{"rendered":"Novedades en Stradivarius: las seis chaquetas que ser\u00e1n tendencia este oto\u00f1o y debemos tener ya en el radar"},"content":{"rendered":"<p>Queda muy poco tiempo para que llegue el oto\u00f1o y tengamos que volver a la <a class=\"text-outboundlink\" href=\"https:\/\/www.trendencias.com\/shopping\/como-vestir-oficina-verano-ropa-calzado-accesorios\" data-vars-post-title=\"C\u00f3mo vestir en la oficina en verano: ropa, calzado y accesorios\" data-vars-post-url=\"https:\/\/www.trendencias.com\/shopping\/como-vestir-oficina-verano-ropa-calzado-accesorios\">oficina<\/a>. As\u00ed que la mejor opci\u00f3n para no deprimirse es <strong>buscar los looks que nos alegrar\u00e1n los d\u00edas<\/strong>. En Stradivarius, nos lo han puesto muy f\u00e1cil con esta selecci\u00f3n de chaquetas pura tendencia y f\u00e1ciles de combinar.&nbsp;<\/p>\n<p><!-- BREAK 1 --> <\/p>\n<p>Quedan genial con cualquier <a class=\"text-outboundlink\" href=\"https:\/\/www.trendencias.com\/shopping\/como-vestir-bien-poco-dinero-cinco-basicos-fondo-armario-que-no-te-pueden-faltar\" data-vars-post-title=\"C\u00f3mo vestir bien con poco dinero | Cinco b\u00e1sicos de fondo de armario que no te pueden faltar \" data-vars-post-url=\"https:\/\/www.trendencias.com\/shopping\/como-vestir-bien-poco-dinero-cinco-basicos-fondo-armario-que-no-te-pueden-faltar\">b\u00e1sico de nuestro fondo de armario<\/a> y <strong>son una inversi\u00f3n que debemos hacer ahora, antes de que se agoten<\/strong>. Adem\u00e1s, tienen un precio irresistible. Desde la <em>bomber<\/em> hasta la <a class=\"text-outboundlink\" href=\"https:\/\/www.trendencias.com\/shopping\/como-combinar-gabardina-beige-colores-zapatos-accesorios\" data-vars-post-title=\"C\u00f3mo combinar una gabardina beige | Colores, zapatos y accesorios\" data-vars-post-url=\"https:\/\/www.trendencias.com\/shopping\/como-combinar-gabardina-beige-colores-zapatos-accesorios\">gabardina<\/a> corta y larga, que se ajusta a todos los estilos.&nbsp;<\/p>\n<p><!-- BREAK 2 --><\/p>\n<h2>Seis chaquetas de Stradivarius<\/h2>\n<h3>Gabardina corta<\/h3>\n<div class=\"article-asset-image article-asset-normal article-asset-center\">\n<div class=\"asset-content\"> <a rel=\"noopener, noreferrer\" href=\"https:\/\/www.stradivarius.com\/co\/trench-corta-fluida-cinturon-l01788638?srsltid=AfmBOopp_c6IririI7pCM3KqykynNjq_kIHCUbHwqhL04S3gG1ZIsjP5\"> <img class=\"centro_sinmarco\" height=\"814\" width=\"563\" loading=\"lazy\" decoding=\"async\" sizes=\"100vw\" fetchpriority=\"high\" srcset=\"http:\/\/hoycordobaweb.com\/wp-content\/uploads\/2025\/08\/novedades-en-stradivarius-las-seis-chaquetas-que-seran-tendencia-este-otono-y-debemos-tener-ya-en-el-radar.jpg 450w, http:\/\/hoycordobaweb.com\/wp-content\/uploads\/2025\/08\/novedades-en-stradivarius-las-seis-chaquetas-que-seran-tendencia-este-otono-y-debemos-tener-ya-en-el-radar-7.jpg 681w, http:\/\/hoycordobaweb.com\/wp-content\/uploads\/2025\/08\/novedades-en-stradivarius-las-seis-chaquetas-que-seran-tendencia-este-otono-y-debemos-tener-ya-en-el-radar-8.jpg 1024w, http:\/\/hoycordobaweb.com\/wp-content\/uploads\/2025\/08\/novedades-en-stradivarius-las-seis-chaquetas-que-seran-tendencia-este-otono-y-debemos-tener-ya-en-el-radar-9.jpg 1366w\" src=\"http:\/\/hoycordobaweb.com\/wp-content\/uploads\/2025\/08\/novedades-en-stradivarius-las-seis-chaquetas-que-seran-tendencia-este-otono-y-debemos-tener-ya-en-el-radar.jpg\" alt=\"1\"> <noscript><img alt=\"1\" class=\"centro_sinmarco\" src=\"http:\/\/hoycordobaweb.com\/wp-content\/uploads\/2025\/08\/novedades-en-stradivarius-las-seis-chaquetas-que-seran-tendencia-este-otono-y-debemos-tener-ya-en-el-radar.jpg\"><\/noscript> <\/a> <\/div>\n<\/div>\n<p>Esta gabardina corta es <strong>la mejor opci\u00f3n para cuando llegue el oto\u00f1o<\/strong>. Es de color marr\u00f3n chocolate, uno de los m\u00e1s importantes de la temporada y queda genial con vestidos cortos. Es muy ligera y est\u00e1 di\u00e1sponible tambi\u00e9n en <em>beige<\/em>, por lo que es muy f\u00e1cil de combinar. Su precio en Stradivarius es <a rel=\"noopener, noreferrer\" href=\"https:\/\/www.stradivarius.com\/co\/trench-corta-fluida-cinturon-l01788638?srsltid=AfmBOopp_c6IririI7pCM3KqykynNjq_kIHCUbHwqhL04S3gG1ZIsjP5\">29,99 euros<\/a>.<\/p>\n<p><!-- BREAK 3 --> <\/p>\n<h3>Cazadora de efecto ante<\/h3>\n<div class=\"article-asset-image article-asset-normal article-asset-center\">\n<div class=\"asset-content\"> <a rel=\"noopener, noreferrer\" href=\"https:\/\/www.stradivarius.com\/es\/cazadora-bolsillos-efecto-ante-l01716586?srsltid=AfmBOopzKTljo0LuzTrslq9Z619SYkktWfPIp3lVzDAJWoK7zZ2w5BkM\"> <img class=\"centro_sinmarco\" height=\"814\" width=\"563\" loading=\"lazy\" decoding=\"async\" sizes=\"100vw\" fetchpriority=\"high\" srcset=\"http:\/\/hoycordobaweb.com\/wp-content\/uploads\/2025\/08\/novedades-en-stradivarius-las-seis-chaquetas-que-seran-tendencia-este-otono-y-debemos-tener-ya-en-el-radar-1.jpg 450w, http:\/\/hoycordobaweb.com\/wp-content\/uploads\/2025\/08\/novedades-en-stradivarius-las-seis-chaquetas-que-seran-tendencia-este-otono-y-debemos-tener-ya-en-el-radar-10.jpg 681w, http:\/\/hoycordobaweb.com\/wp-content\/uploads\/2025\/08\/novedades-en-stradivarius-las-seis-chaquetas-que-seran-tendencia-este-otono-y-debemos-tener-ya-en-el-radar-11.jpg 1024w, http:\/\/hoycordobaweb.com\/wp-content\/uploads\/2025\/08\/novedades-en-stradivarius-las-seis-chaquetas-que-seran-tendencia-este-otono-y-debemos-tener-ya-en-el-radar-12.jpg 1366w\" src=\"http:\/\/hoycordobaweb.com\/wp-content\/uploads\/2025\/08\/novedades-en-stradivarius-las-seis-chaquetas-que-seran-tendencia-este-otono-y-debemos-tener-ya-en-el-radar-1.jpg\" alt=\"1\"> <noscript><img alt=\"1\" class=\"centro_sinmarco\" src=\"http:\/\/hoycordobaweb.com\/wp-content\/uploads\/2025\/08\/novedades-en-stradivarius-las-seis-chaquetas-que-seran-tendencia-este-otono-y-debemos-tener-ya-en-el-radar-1.jpg\"><\/noscript> <\/a> <\/div>\n<\/div>\n<p>Esta cazadora burdeos es un cl\u00e1sico que siempre regresa cuando bajan las temperaturas. <strong>Su estilo sencillo hace que sea muy vers\u00e1til<\/strong> y podamos lucirla con cualquier b\u00e1sico. El efecto ante es perfecto para conseguir ese punto lujoso y sus dos bolsillos XXL son muy pr\u00e1cticos. Su precio en Stradivarius es <a rel=\"noopener, noreferrer\" href=\"https:\/\/www.stradivarius.com\/es\/cazadora-bolsillos-efecto-ante-l01716586?srsltid=AfmBOopzKTljo0LuzTrslq9Z619SYkktWfPIp3lVzDAJWoK7zZ2w5BkM\">35,99 euros<\/a>.<\/p>\n<p><!-- BREAK 4 --><\/p>\n<h3>Cazadora oversize de efecto piel<\/h3>\n<div class=\"article-asset-image article-asset-normal article-asset-center\">\n<div class=\"asset-content\"> <a rel=\"noopener, noreferrer\" href=\"https:\/\/www.stradivarius.com\/es\/cazadora-oversize-efecto-piel-l05631587?srsltid=AfmBOopMAVKxAIeaGTyiweImrVTX0YNRqw6wHCGbJI9wLs6B0XCosruZ\"> <img class=\"centro_sinmarco\" height=\"814\" width=\"563\" loading=\"lazy\" decoding=\"async\" sizes=\"100vw\" fetchpriority=\"high\" srcset=\"http:\/\/hoycordobaweb.com\/wp-content\/uploads\/2025\/08\/novedades-en-stradivarius-las-seis-chaquetas-que-seran-tendencia-este-otono-y-debemos-tener-ya-en-el-radar-2.jpg 450w, http:\/\/hoycordobaweb.com\/wp-content\/uploads\/2025\/08\/novedades-en-stradivarius-las-seis-chaquetas-que-seran-tendencia-este-otono-y-debemos-tener-ya-en-el-radar-13.jpg 681w, http:\/\/hoycordobaweb.com\/wp-content\/uploads\/2025\/08\/novedades-en-stradivarius-las-seis-chaquetas-que-seran-tendencia-este-otono-y-debemos-tener-ya-en-el-radar-14.jpg 1024w, http:\/\/hoycordobaweb.com\/wp-content\/uploads\/2025\/08\/novedades-en-stradivarius-las-seis-chaquetas-que-seran-tendencia-este-otono-y-debemos-tener-ya-en-el-radar-15.jpg 1366w\" src=\"http:\/\/hoycordobaweb.com\/wp-content\/uploads\/2025\/08\/novedades-en-stradivarius-las-seis-chaquetas-que-seran-tendencia-este-otono-y-debemos-tener-ya-en-el-radar-2.jpg\" alt=\"1\"> <noscript><img alt=\"1\" class=\"centro_sinmarco\" src=\"http:\/\/hoycordobaweb.com\/wp-content\/uploads\/2025\/08\/novedades-en-stradivarius-las-seis-chaquetas-que-seran-tendencia-este-otono-y-debemos-tener-ya-en-el-radar-2.jpg\"><\/noscript> <\/a> <\/div>\n<\/div>\n<p>Otra cazadora <em>oversize<\/em>, pero esta vez con mucho rollazo y perfecta para dar un toque cool a cualquier <em>look<\/em> diario formado por un vestido bohemio o unos vaqueros y un top. <strong>Es de color negro y cuenta con el bajo el\u00e1stico<\/strong>. Su efecto piel eleva todos los outfits y Su precio en Stradivarius es <a rel=\"noopener, noreferrer\" href=\"https:\/\/www.stradivarius.com\/es\/cazadora-oversize-efecto-piel-l05631587?srsltid=AfmBOopMAVKxAIeaGTyiweImrVTX0YNRqw6wHCGbJI9wLs6B0XCosruZ\">39,99 euros<\/a>.<\/p>\n<p><!-- BREAK 5 --><\/p>\n<h3>Trench largo fluido<\/h3>\n<div class=\"article-asset-image article-asset-normal article-asset-center\">\n<div class=\"asset-content\"> <a rel=\"noopener, noreferrer\" href=\"https:\/\/www.stradivarius.com\/es\/trench-fluido-largo-l01848528?colorId=429&amp;pelement=449712117\"> <img class=\"centro_sinmarco\" height=\"814\" width=\"563\" loading=\"lazy\" decoding=\"async\" sizes=\"100vw\" fetchpriority=\"high\" srcset=\"http:\/\/hoycordobaweb.com\/wp-content\/uploads\/2025\/08\/novedades-en-stradivarius-las-seis-chaquetas-que-seran-tendencia-este-otono-y-debemos-tener-ya-en-el-radar-3.jpg 450w, http:\/\/hoycordobaweb.com\/wp-content\/uploads\/2025\/08\/novedades-en-stradivarius-las-seis-chaquetas-que-seran-tendencia-este-otono-y-debemos-tener-ya-en-el-radar-16.jpg 681w, http:\/\/hoycordobaweb.com\/wp-content\/uploads\/2025\/08\/novedades-en-stradivarius-las-seis-chaquetas-que-seran-tendencia-este-otono-y-debemos-tener-ya-en-el-radar-17.jpg 1024w, http:\/\/hoycordobaweb.com\/wp-content\/uploads\/2025\/08\/novedades-en-stradivarius-las-seis-chaquetas-que-seran-tendencia-este-otono-y-debemos-tener-ya-en-el-radar-18.jpg 1366w\" src=\"http:\/\/hoycordobaweb.com\/wp-content\/uploads\/2025\/08\/novedades-en-stradivarius-las-seis-chaquetas-que-seran-tendencia-este-otono-y-debemos-tener-ya-en-el-radar-3.jpg\" alt=\"1\"> <noscript><img alt=\"1\" class=\"centro_sinmarco\" src=\"http:\/\/hoycordobaweb.com\/wp-content\/uploads\/2025\/08\/novedades-en-stradivarius-las-seis-chaquetas-que-seran-tendencia-este-otono-y-debemos-tener-ya-en-el-radar-3.jpg\"><\/noscript> <\/a> <\/div>\n<\/div>\n<p>Una gabardina larga de corte cl\u00e1sico me parece una elecci\u00f3n adecuada para aportar mucha elegancia a cualquier b\u00e1sico. <strong>Es de color beige, aunque est\u00e1 disponible en otros tonos atemporales<\/strong>. Queda genial tanto con un pantal\u00f3n de pinza y una camisa en un conjunto formal como con unas bermudas y un top en una ocasi\u00f3n m\u00e1s casual. El precio en Stradivarius es <a rel=\"noopener, noreferrer\" href=\"https:\/\/www.stradivarius.com\/es\/trench-fluido-largo-l01848528?colorId=429&amp;pelement=449712117\">39,99 euros<\/a>.<\/p>\n<p><!-- BREAK 6 --> <\/p>\n<h3>Chaqueta de efecto ante<\/h3>\n<div class=\"article-asset-image article-asset-normal article-asset-center\">\n<div class=\"asset-content\"> <a rel=\"noopener, noreferrer\" href=\"https:\/\/www.stradivarius.com\/es\/chaqueta-bolsillos-100-piel-l08643703?srsltid=AfmBOor1XMU_qDKM8J9gecT7xjMLABTClMA11LaYYY_DbB_EJsJzeZ4a\"> <img class=\"centro_sinmarco\" height=\"814\" width=\"563\" loading=\"lazy\" decoding=\"async\" sizes=\"100vw\" fetchpriority=\"high\" srcset=\"http:\/\/hoycordobaweb.com\/wp-content\/uploads\/2025\/08\/novedades-en-stradivarius-las-seis-chaquetas-que-seran-tendencia-este-otono-y-debemos-tener-ya-en-el-radar-4.jpg 450w, http:\/\/hoycordobaweb.com\/wp-content\/uploads\/2025\/08\/novedades-en-stradivarius-las-seis-chaquetas-que-seran-tendencia-este-otono-y-debemos-tener-ya-en-el-radar-19.jpg 681w, http:\/\/hoycordobaweb.com\/wp-content\/uploads\/2025\/08\/novedades-en-stradivarius-las-seis-chaquetas-que-seran-tendencia-este-otono-y-debemos-tener-ya-en-el-radar-20.jpg 1024w, http:\/\/hoycordobaweb.com\/wp-content\/uploads\/2025\/08\/novedades-en-stradivarius-las-seis-chaquetas-que-seran-tendencia-este-otono-y-debemos-tener-ya-en-el-radar-21.jpg 1366w\" src=\"http:\/\/hoycordobaweb.com\/wp-content\/uploads\/2025\/08\/novedades-en-stradivarius-las-seis-chaquetas-que-seran-tendencia-este-otono-y-debemos-tener-ya-en-el-radar-4.jpg\" alt=\"1\"> <noscript><img alt=\"1\" class=\"centro_sinmarco\" src=\"http:\/\/hoycordobaweb.com\/wp-content\/uploads\/2025\/08\/novedades-en-stradivarius-las-seis-chaquetas-que-seran-tendencia-este-otono-y-debemos-tener-ya-en-el-radar-4.jpg\"><\/noscript> <\/a> <\/div>\n<\/div>\n<p>La chaqueta efecto ante midi es una opci\u00f3n perfecta para completar cualquier <em>look<\/em> de oficina f\u00e1cilmente. <strong>Es de color marr\u00f3n y es una prenda que parece de lujo<\/strong>. Podemos combinarla con algunos pantalones de piel y crear un outfit monocolor lleno de estilo. El precio en Stradivarius es <a rel=\"noopener, noreferrer\" href=\"https:\/\/www.stradivarius.com\/es\/chaqueta-bolsillos-100-piel-l08643703?srsltid=AfmBOor1XMU_qDKM8J9gecT7xjMLABTClMA11LaYYY_DbB_EJsJzeZ4a\">109 euros<\/a>.<\/p>\n<p><!-- BREAK 7 --><\/p>\n<h3>Cazadora bomber<\/h3>\n<div class=\"article-asset-image article-asset-normal article-asset-center\">\n<div class=\"asset-content\"> <a rel=\"noopener, noreferrer\" href=\"https:\/\/www.stradivarius.com\/es\/cazadora-balloon-sarga-l05733809?srsltid=AfmBOooHgU_8RVzKGbZ8gxjinlZXoyKEmxGFNAO1gQL3VaHXXaTy2IVh\"> <img class=\"centro_sinmarco\" height=\"814\" width=\"563\" loading=\"lazy\" decoding=\"async\" sizes=\"100vw\" fetchpriority=\"high\" srcset=\"http:\/\/hoycordobaweb.com\/wp-content\/uploads\/2025\/08\/novedades-en-stradivarius-las-seis-chaquetas-que-seran-tendencia-este-otono-y-debemos-tener-ya-en-el-radar-5.jpg 450w, http:\/\/hoycordobaweb.com\/wp-content\/uploads\/2025\/08\/novedades-en-stradivarius-las-seis-chaquetas-que-seran-tendencia-este-otono-y-debemos-tener-ya-en-el-radar-22.jpg 681w, http:\/\/hoycordobaweb.com\/wp-content\/uploads\/2025\/08\/novedades-en-stradivarius-las-seis-chaquetas-que-seran-tendencia-este-otono-y-debemos-tener-ya-en-el-radar-23.jpg 1024w, http:\/\/hoycordobaweb.com\/wp-content\/uploads\/2025\/08\/novedades-en-stradivarius-las-seis-chaquetas-que-seran-tendencia-este-otono-y-debemos-tener-ya-en-el-radar-24.jpg 1366w\" src=\"http:\/\/hoycordobaweb.com\/wp-content\/uploads\/2025\/08\/novedades-en-stradivarius-las-seis-chaquetas-que-seran-tendencia-este-otono-y-debemos-tener-ya-en-el-radar-5.jpg\" alt=\"1\"> <noscript><img alt=\"1\" class=\"centro_sinmarco\" src=\"http:\/\/hoycordobaweb.com\/wp-content\/uploads\/2025\/08\/novedades-en-stradivarius-las-seis-chaquetas-que-seran-tendencia-este-otono-y-debemos-tener-ya-en-el-radar-5.jpg\"><\/noscript> <\/a> <\/div>\n<\/div>\n<p>Las bomber van a regresar durante el oto\u00f1o y este modelo en color beige nos tiene obsesionada. <strong>Una opci\u00f3n que aporta mucho rollazo<\/strong> y es indispensable para completar un <em>look<\/em> diario f\u00e1cilmente. Tiene un cuello solapa y un bajo el\u00e1stico. El precio en Stradivarius es <a rel=\"noopener, noreferrer\" href=\"https:\/\/www.stradivarius.com\/es\/cazadora-balloon-sarga-l05733809?srsltid=AfmBOooHgU_8RVzKGbZ8gxjinlZXoyKEmxGFNAO1gQL3VaHXXaTy2IVh\">35,99 euros<\/a>.<\/p>\n<p><!-- BREAK 8 --><\/p>\n<p><em>Nota: algunos de los enlaces de este art\u00edculo son afiliados y pueden reportar un beneficio a Trendencias. En caso de no disponibilidad, las ofertas pueden variar.<\/em><\/p>\n<p><!-- BREAK 9 --><\/p>\n<p>Fotos |Stradivarius, Launchmetrics<\/p>\n<p>En Trendencias | <a class=\"text-outboundlink\" href=\"https:\/\/www.trendencias.com\/eventos\/cuando-empiezan-rebajas-verano-inditex-mango-h-m-corte-ingles\" data-vars-post-title=\"Cu\u00e1ndo empiezan las rebajas de verano 2025 en Zara, Mango, H&amp;M, El Corte Ingl\u00e9s y m\u00e1s\" data-vars-post-url=\"https:\/\/www.trendencias.com\/eventos\/cuando-empiezan-rebajas-verano-inditex-mango-h-m-corte-ingles\" data-id=\"noopener noreferrer\">Cu\u00e1ndo empiezan las rebajas de verano 2025 en Zara, Mango, H&amp;M, El Corte Ingl\u00e9s y m\u00e1s<\/a><\/p>\n<p>En Trendencias | <a class=\"text-outboundlink\" href=\"https:\/\/www.trendencias.com\/propuestas-y-consejos\/nuestro-flechazo-vaqueros-wide-leg-tiro-alto-como-llevarlos-cuatro-modelos-favorecedores\" data-vars-post-title=\"Nuestro flechazo son los vaqueros wide leg de tiro alto: c\u00f3mo llevarlos y 11 formas de combinarlos con estilo\" data-vars-post-url=\"https:\/\/www.trendencias.com\/propuestas-y-consejos\/nuestro-flechazo-vaqueros-wide-leg-tiro-alto-como-llevarlos-cuatro-modelos-favorecedores\" data-id=\"noopener noreferrer\">Nuestro flechazo son los vaqueros <em>wide leg<\/em> de tiro alto: c\u00f3mo llevarlos y los diez modelos m\u00e1s favorecedores<\/a><\/p>\n<p>En Trendencias | <a class=\"text-outboundlink\" href=\"https:\/\/www.trendencias.com\/eventos\/arenal-sound-todos-conciertos-entradas-horarios-confirmados-festival\" data-vars-post-title=\"Arenal Sound 2025: todos los conciertos, entradas y horarios confirmados del festival\" data-vars-post-url=\"https:\/\/www.trendencias.com\/eventos\/arenal-sound-todos-conciertos-entradas-horarios-confirmados-festival\" data-id=\"noopener noreferrer\"><u>Arenal Sound 2025: todos los conciertos, entradas y horarios confirmados del festival<\/u><\/a><\/p>\n","protected":false},"excerpt":{"rendered":"<p>Queda muy poco tiempo para que llegue el oto\u00f1o y tengamos que volver a la oficina. As\u00ed que la mejor opci\u00f3n para no deprimirse es buscar los looks que nos alegrar\u00e1n los d\u00edas. En Stradivarius, nos lo han puesto muy f\u00e1cil con esta selecci\u00f3n de chaquetas pura tendencia y f\u00e1ciles de combinar.&nbsp; Quedan genial con [&hellip;]<\/p>\n","protected":false},"author":1,"featured_media":114488,"comment_status":"closed","ping_status":"closed","sticky":false,"template":"","format":"standard","meta":[],"categories":[],"tags":[],"_links":{"self":[{"href":"http:\/\/hoycordobaweb.com\/index.php\/wp-json\/wp\/v2\/posts\/114487"}],"collection":[{"href":"http:\/\/hoycordobaweb.com\/index.php\/wp-json\/wp\/v2\/posts"}],"about":[{"href":"http:\/\/hoycordobaweb.com\/index.php\/wp-json\/wp\/v2\/types\/post"}],"author":[{"embeddable":true,"href":"http:\/\/hoycordobaweb.com\/index.php\/wp-json\/wp\/v2\/users\/1"}],"replies":[{"embeddable":true,"href":"http:\/\/hoycordobaweb.com\/index.php\/wp-json\/wp\/v2\/comments?post=114487"}],"version-history":[{"count":0,"href":"http:\/\/hoycordobaweb.com\/index.php\/wp-json\/wp\/v2\/posts\/114487\/revisions"}],"wp:featuredmedia":[{"embeddable":true,"href":"http:\/\/hoycordobaweb.com\/index.php\/wp-json\/wp\/v2\/media\/114488"}],"wp:attachment":[{"href":"http:\/\/hoycordobaweb.com\/index.php\/wp-json\/wp\/v2\/media?parent=114487"}],"wp:term":[{"taxonomy":"category","embeddable":true,"href":"http:\/\/hoycordobaweb.com\/index.php\/wp-json\/wp\/v2\/categories?post=114487"},{"taxonomy":"post_tag","embeddable":true,"href":"http:\/\/hoycordobaweb.com\/index.php\/wp-json\/wp\/v2\/tags?post=114487"}],"curies":[{"name":"wp","href":"https:\/\/api.w.org\/{rel}","templated":true}]}}