{"id":114477,"date":"2025-08-20T02:30:52","date_gmt":"2025-08-20T02:30:52","guid":{"rendered":"https:\/\/www.ole.com.ar\/racing\/racing-penal-penarol-libertadores_0_XwxDTA9XUI.html"},"modified":"2025-08-20T02:30:52","modified_gmt":"2025-08-20T02:30:52","slug":"video-el-penalcito-del-2-a-1-de-maravilla-martinez-a-penarol","status":"publish","type":"post","link":"http:\/\/hoycordobaweb.com\/index.php\/2025\/08\/20\/video-el-penalcito-del-2-a-1-de-maravilla-martinez-a-penarol\/","title":{"rendered":"Video: el penalcito del 2 a 1 de Maravilla Mart\u00ednez a Pe\u00f1arol"},"content":{"rendered":"<p><img src=\"http:\/\/hoycordobaweb.com\/wp-content\/uploads\/2025\/08\/video-el-penalcito-del-2-a-1-de-maravilla-martinez-a-penarol.jpg\"><\/p>\n<p><span class=\"createDate\">19\/08\/2025 23:30hs.<\/span><time class=\"modificatedDate\" datetime=\"2025-08-19T23:32:43-03:00\"> Actualizado al 19\/08\/2025 23:32hs.<\/time><\/p>\n<div id=\"storyBody\">\n<div class=\"custom-text \" readability=\"30.202312138728\">\n<p><strong><a href=\"https:\/\/www.ole.com.ar\/tema\/racing.html\" title=\"Racing\" alt=\"Racing\" class=\"slug\">Racing<\/a><\/strong> buscaba con toda la energ\u00eda el 2 a 1 para ingresar <a href=\"https:\/\/www.ole.com.ar\/futbol-internacional\/libertadores\/racing-vs-penarol-hora-ver-tv-online-formaciones-octavos-copa-libertadores_0_L9yWBGuljr.html\" target=\"_self\" title=\"en zona de definici\u00f3n por penales ante Pe\u00f1arol \" alt=\"en zona de definici\u00f3n por penales ante Pe\u00f1arol \" rel=\"noopener noreferrer\">en zona de definici\u00f3n por penales ante Pe\u00f1arol <\/a>y la oportunidad lleg\u00f3 con un pol\u00e9mico penal. En la disputa de una pelota \u00e1rea, Gularte, del Carbonero, apoy\u00f3 su brazo derecho sobre la nuca de <strong><a href=\"https:\/\/www.ole.com.ar\/tema\/adrian-martinez.html\" title=\"Adri\u00e1n Mart\u00ednez\" alt=\"Adri\u00e1n Mart\u00ednez\" class=\"slug\">Adri\u00e1n Mart\u00ednez<\/a><\/strong>. Maravilla cay\u00f3 al piso y el refer\u00ed <strong>Wilmar Rold\u00e1n<\/strong> sancion\u00f3 la falta.<\/p>\n<\/div>\n<div class=\"custom-text \" readability=\"41\">\n<p>Los jugadores uruguayos se le fueron encima al \u00e1rbitro cafetero, que se sostuvo en su postura. Desde el VAR no lo convocaron a revisi\u00f3n, lo cual no result\u00f3 sorpresivo porque no hab\u00eda una situaci\u00f3n obvia, evidente y manifiesta, como marca el protocolo, para llamar al juez. El contacto hab\u00eda existido, y <strong>la cuesti\u00f3n es de interpretaci\u00f3n para la relaci\u00f3n causa y efecto: si la acci\u00f3n de Gularte realmente provoc\u00f3 la ca\u00edda del atacante. <\/strong><\/p>\n<\/div>\n<div class=\"custom-text \" readability=\"35\">\n<p>Si Rold\u00e1n no sancionaba el penal, dif\u00edcilmente lo hubiesen llamado para cobrarlo, porque no fue una falta evidente.<\/p>\n<\/div>\n<div class=\"custom-text \" readability=\"32.468085106383\">\n<p>El remate lo tom\u00f3 Maravilla, quien meti\u00f3 el zurdazo al otro palo del arquero Brayan Cortez. Fue el cuarto gol del atacante al chileno en la<strong> <a href=\"https:\/\/www.ole.com.ar\/tema\/copa-libertadores.html\" title=\"Copa Libertadores\" alt=\"Copa Libertadores\" class=\"slug\">Copa Libertadores<\/a><\/strong>: ya le hab\u00eda marcado doblete en el 4 a 0 a Colo Colo en la fase de grupos. <\/p>\n<\/div>\n<p><h2><strong>Mir\u00e1 el video<\/strong><\/h2>\n<\/p>\n<div class=\"sc-3c5a76cc-1 idjLTd\">\n<div class=\"sc-e8b2828-0 fBmEJc\" type=\"embed\">\n<div class=\"sc-e8b2828-1 iPLbWT videoText\" id=\"contentTitleembedJSnCGCFb\" type=\"embed\"><svg fill=\"#ffffff\"><symbol id=\"play\" viewBox=\"0 0 512 512\"><path d=\"M512 256C512 397.4 397.4 512 256 512C114.6 512 0 397.4 0 256C0 114.6 114.6 0 256 0C397.4 0 512 114.6 512 256zM176 168V344C176 352.7 180.7 360.7 188.3 364.9C195.8 369.2 205.1 369 212.5 364.5L356.5 276.5C363.6 272.1 368 264.4 368 256C368 247.6 363.6 239.9 356.5 235.5L212.5 147.5C205.1 142.1 195.8 142.8 188.3 147.1C180.7 151.3 176 159.3 176 168V168z\" \/><\/symbol><use xlink:href=\"#play\" \/><\/svg><\/p>\n<div class=\"right\">\n<p>Racing<!-- --> &#8211; <span>&nbsp;<\/span><\/p>\n<h2 class=\"title-vid\">Doblete de Maravilla para el 2-1 de Racing<\/h2>\n<\/div>\n<\/div>\n<p><span class=\"back\" id=\"spanBackembedJSnCGCFb\"><\/span><\/div>\n<div class=\"JWvideoNota_title\">\n<p>Video: FOX Sports<\/p>\n<\/div>\n<\/div>\n<div class=\"sc-e7b891c4-0 ifHnQL image-embed\"><img alt=\"El penal de Maravilla Mart\u00ednez (Fernando de la Orden).\" loading=\"lazy\" width=\"720\" height=\"100\" decoding=\"async\" data-nimg=\"1\" src=\"http:\/\/hoycordobaweb.com\/wp-content\/uploads\/2025\/08\/video-el-penalcito-del-2-a-1-de-maravilla-martinez-a-penarol-2.jpg\"><span class=\"epigraphe\">El penal de Maravilla Mart\u00ednez (Fernando de la Orden).<\/span><\/div>\n<div class=\"sc-e7b891c4-0 ifHnQL image-embed\"><img alt=\"Adri\u00e1n Mart\u00ednez festeja el 2 a 1 (EFE).\" loading=\"lazy\" width=\"720\" height=\"100\" decoding=\"async\" data-nimg=\"1\" src=\"http:\/\/hoycordobaweb.com\/wp-content\/uploads\/2025\/08\/video-el-penalcito-del-2-a-1-de-maravilla-martinez-a-penarol-3.jpg\"><span class=\"epigraphe\">Adri\u00e1n Mart\u00ednez festeja el 2 a 1 (EFE).<\/span><\/div>\n<div class=\"custom-text \" readability=\"34\">\n<p>En tiempo de descuento, Pardo de cabeza puso el ansiado 3 a 1 y la Academia logr\u00f3 la clasificaci\u00f3n. Ah\u00ed explot\u00f3 el Cilindro en el final de una serie tremenda.<\/p>\n<\/div>\n<div class=\"sc-a7166897-0 eoLsBE\" readability=\"6\">\n<section readability=\"2\"><picture><img alt=\"Racing coraz\u00f3n: 3-1 a Pe\u00f1arol y a cuartos de la Copa Libertadores\" loading=\"lazy\" width=\"290\" height=\"290\" decoding=\"async\" data-nimg=\"1\" src=\"http:\/\/hoycordobaweb.com\/wp-content\/uploads\/2025\/08\/video-el-penalcito-del-2-a-1-de-maravilla-martinez-a-penarol-4.jpg\"><\/picture>\n<p><span>Mir\u00e1 tambi\u00e9n<\/span><\/p>\n<hr>\n<h3>Racing coraz\u00f3n: 3-1 a Pe\u00f1arol y a cuartos de la Copa Libertadores<\/h3>\n<\/p>\n<\/section>\n<\/div>\n<div class=\"sc-a7166897-0 eoLsBE\" readability=\"6\">\n<section readability=\"2\"><picture><img alt=\"\u00bfPor qu\u00e9 estuvo bien anulado el gol de Marcos Rojo?\" loading=\"lazy\" width=\"290\" height=\"290\" decoding=\"async\" data-nimg=\"1\" src=\"http:\/\/hoycordobaweb.com\/wp-content\/uploads\/2025\/08\/video-el-penalcito-del-2-a-1-de-maravilla-martinez-a-penarol-5.jpg\"><\/picture>\n<p><span>Mir\u00e1 tambi\u00e9n<\/span><\/p>\n<hr>\n<h3>\u00bfPor qu\u00e9 estuvo bien anulado el gol de Marcos Rojo?<\/h3>\n<\/p>\n<\/section>\n<\/div>\n<div class=\"sc-a7166897-0 eoLsBE\" readability=\"6.5\">\n<section readability=\"3\"><picture><img alt=\"Copa Libertadores: con V\u00e9lez y Racing, as\u00ed queda la llave de cuartos de final\" loading=\"lazy\" width=\"290\" height=\"290\" decoding=\"async\" data-nimg=\"1\" src=\"http:\/\/hoycordobaweb.com\/wp-content\/uploads\/2025\/08\/video-el-penalcito-del-2-a-1-de-maravilla-martinez-a-penarol-6.jpg\"><\/picture>\n<p><span>Mir\u00e1 tambi\u00e9n<\/span><\/p>\n<hr>\n<h3>Copa Libertadores: con V\u00e9lez y Racing, as\u00ed queda la llave de cuartos de final<\/h3>\n<\/p>\n<\/section>\n<\/div>\n<\/div>\n","protected":false},"excerpt":{"rendered":"<p>19\/08\/2025 23:30hs. Actualizado al 19\/08\/2025 23:32hs. Racing buscaba con toda la energ\u00eda el 2 a 1 para ingresar en zona de definici\u00f3n por penales ante Pe\u00f1arol y la oportunidad lleg\u00f3 con un pol\u00e9mico penal. En la disputa de una pelota \u00e1rea, Gularte, del Carbonero, apoy\u00f3 su brazo derecho sobre la nuca de Adri\u00e1n Mart\u00ednez. Maravilla [&hellip;]<\/p>\n","protected":false},"author":1,"featured_media":114478,"comment_status":"open","ping_status":"closed","sticky":false,"template":"","format":"standard","meta":[],"categories":[16],"tags":[],"_links":{"self":[{"href":"http:\/\/hoycordobaweb.com\/index.php\/wp-json\/wp\/v2\/posts\/114477"}],"collection":[{"href":"http:\/\/hoycordobaweb.com\/index.php\/wp-json\/wp\/v2\/posts"}],"about":[{"href":"http:\/\/hoycordobaweb.com\/index.php\/wp-json\/wp\/v2\/types\/post"}],"author":[{"embeddable":true,"href":"http:\/\/hoycordobaweb.com\/index.php\/wp-json\/wp\/v2\/users\/1"}],"replies":[{"embeddable":true,"href":"http:\/\/hoycordobaweb.com\/index.php\/wp-json\/wp\/v2\/comments?post=114477"}],"version-history":[{"count":0,"href":"http:\/\/hoycordobaweb.com\/index.php\/wp-json\/wp\/v2\/posts\/114477\/revisions"}],"wp:featuredmedia":[{"embeddable":true,"href":"http:\/\/hoycordobaweb.com\/index.php\/wp-json\/wp\/v2\/media\/114478"}],"wp:attachment":[{"href":"http:\/\/hoycordobaweb.com\/index.php\/wp-json\/wp\/v2\/media?parent=114477"}],"wp:term":[{"taxonomy":"category","embeddable":true,"href":"http:\/\/hoycordobaweb.com\/index.php\/wp-json\/wp\/v2\/categories?post=114477"},{"taxonomy":"post_tag","embeddable":true,"href":"http:\/\/hoycordobaweb.com\/index.php\/wp-json\/wp\/v2\/tags?post=114477"}],"curies":[{"name":"wp","href":"https:\/\/api.w.org\/{rel}","templated":true}]}}