{"id":114473,"date":"2025-08-20T02:53:40","date_gmt":"2025-08-20T02:53:40","guid":{"rendered":"https:\/\/www.ole.com.ar\/racing\/francopardo-racing-librodepases-union_0_jJF5LstDWX.html"},"modified":"2025-08-20T02:53:40","modified_gmt":"2025-08-20T02:53:40","slug":"pardo-el-gol-de-la-clasificacion-y-la-emocion-por-un-momento-especial","status":"publish","type":"post","link":"http:\/\/hoycordobaweb.com\/index.php\/2025\/08\/20\/pardo-el-gol-de-la-clasificacion-y-la-emocion-por-un-momento-especial\/","title":{"rendered":"Pardo: el gol de la clasificaci\u00f3n y la emoci\u00f3n por un momento especial"},"content":{"rendered":"<p><img src=\"http:\/\/hoycordobaweb.com\/wp-content\/uploads\/2025\/08\/pardo-el-gol-de-la-clasificacion-y-la-emocion-por-un-momento-especial.jpg\"><\/p>\n<p><time class=\"createDate\" datetime=\"2025-08-19T23:53:40-03:00\">19\/08\/2025 23:53hs.<\/time><\/p>\n<div id=\"storyBody\">\n<div class=\"custom-text \" readability=\"38.64\">\n<p><strong>Franco Pardo<\/strong>, de 28 a\u00f1os, hab\u00eda llegado a <strong><a href=\"https:\/\/www.ole.com.ar\/tema\/racing.html\" title=\"Racing\" alt=\"Racing\" class=\"slug\">Racing<\/a><\/strong> sobre el cierre del libro de pases, luego de dos temporadas en <a href=\"https:\/\/www.ole.com.ar\/tema\/union.html\" title=\"Uni\u00f3n\" alt=\"Uni\u00f3n\" class=\"slug\">Uni\u00f3n<\/a>. La Academia resolvi\u00f3 su incorporaci\u00f3n porque se hab\u00eda ca\u00eddo el pase de Nacho V\u00e1zquez, sostenido por Platense. Ten\u00eda una ventaja: <strong><a href=\"https:\/\/www.ole.com.ar\/tema\/gustavo-costas.html\" title=\"Gustavo Costas\" alt=\"Gustavo Costas\" class=\"slug\">Gustavo Costas<\/a><\/strong> lo conoc\u00eda de Palestino, de Chile. El zaguero ven\u00eda de una expulsi\u00f3n, ante Tigre por el Clausura, y contra <a href=\"https:\/\/www.ole.com.ar\/tema\/penarol.html\" title=\"Pe\u00f1arol\" alt=\"Pe\u00f1arol\" class=\"slug\">Pe\u00f1arol <\/a>se erigi\u00f3 en un h\u00e9roe impensado.<\/p>\n<\/div>\n<div class=\"custom-text \" readability=\"39\">\n<p>El desahogo ya se hab\u00eda conseguido por el gol de penal de Maravilla Mart\u00ednez, que le aseguraba a Racing la definici\u00f3n por penales. Pero Franco fue por m\u00e1s, en el cuarto minuto de descuento, a buscar el centro de Martirena. <strong>Y en la pelota pasada se perfil\u00f3 para darle el frentazo, romper la resistencia del d\u00e9bil Brayan Cortez y subirse al alambrado para festejar con toda la algarab\u00eda racinguista.<\/strong><\/p>\n<\/div>\n<div class=\"custom-text \" readability=\"38\">\n<p>Fue en su quinto partido con la camiseta del equipo de Avellaneda, lo que defini\u00f3 como \u00ab<strong>un recuerdo para toda la vida\u00bb.<\/strong> Y cont\u00f3 que se le potencia porque su esposa est\u00e1 embarazada&#8230; Por eso, estaba especialmente sensibilizado en el di\u00e1logo con la transmisi\u00f3n de Fox Sports, antes de volver a los vestuarios.<\/p>\n<\/div>\n<p><h2><strong>Mir\u00e1 el gol de Pardo<\/strong><\/h2>\n<\/p>\n<div class=\"sc-3c5a76cc-1 idjLTd\">\n<div class=\"sc-e8b2828-0 fBmEJc\" type=\"embed\">\n<div class=\"sc-e8b2828-1 iPLbWT videoText\" id=\"contentTitleembedBKdtlryr\" type=\"embed\"><svg fill=\"#ffffff\"><symbol id=\"play\" viewBox=\"0 0 512 512\"><path d=\"M512 256C512 397.4 397.4 512 256 512C114.6 512 0 397.4 0 256C0 114.6 114.6 0 256 0C397.4 0 512 114.6 512 256zM176 168V344C176 352.7 180.7 360.7 188.3 364.9C195.8 369.2 205.1 369 212.5 364.5L356.5 276.5C363.6 272.1 368 264.4 368 256C368 247.6 363.6 239.9 356.5 235.5L212.5 147.5C205.1 142.1 195.8 142.8 188.3 147.1C180.7 151.3 176 159.3 176 168V168z\" \/><\/symbol><use xlink:href=\"#play\" \/><\/svg><\/p>\n<div class=\"right\">\n<p>Racing<!-- --> &#8211; <span>&nbsp;<\/span><\/p>\n<h2 class=\"title-vid\">El gol de Pardo para darle la clasificaci\u00f3n a Racing<\/h2>\n<\/div>\n<\/div>\n<p><span class=\"back\" id=\"spanBackembedBKdtlryr\"><\/span><\/div>\n<div class=\"JWvideoNota_title\">\n<p>Video: FOX Sports<\/p>\n<\/div>\n<\/div>\n<div class=\"sc-e7b891c4-0 ifHnQL image-embed\"><img alt=\"Pardo con la pelota dentro de la camiseta (Fernando de la Orden). \" loading=\"lazy\" width=\"720\" height=\"100\" decoding=\"async\" data-nimg=\"1\" src=\"http:\/\/hoycordobaweb.com\/wp-content\/uploads\/2025\/08\/pardo-el-gol-de-la-clasificacion-y-la-emocion-por-un-momento-especial-2.jpg\"><span class=\"epigraphe\">Pardo con la pelota dentro de la camiseta (Fernando de la Orden). <\/span><\/div>\n<div class=\"sc-e7b891c4-0 ifHnQL image-embed\"><img alt=\"Foto: Fernando de la Orden \/ Racing recibe a Pe\u00f1arol por los octavos final Copa Libertadores 19-08-2025 - FTP CLARIN _FER6884_1.JPG Z DelaOrden\" loading=\"lazy\" width=\"720\" height=\"100\" decoding=\"async\" data-nimg=\"1\" src=\"http:\/\/hoycordobaweb.com\/wp-content\/uploads\/2025\/08\/pardo-el-gol-de-la-clasificacion-y-la-emocion-por-un-momento-especial-3.jpg\"><span class=\"epigraphe\">Foto: Fernando de la Orden \/ Racing recibe a Pe\u00f1arol por los octavos final Copa Libertadores 19-08-2025 &#8211; FTP CLARIN _FER6884_1.JPG Z DelaOrden<\/span><\/div>\n<div class=\"custom-text \" readability=\"35\">\n<p>Y un poroto para Costas: cuando eligi\u00f3 sacar a un zaguero, se decant\u00f3 por Marcos Rojo, y a Pardo lo dej\u00f3 en la cancha. <\/p>\n<\/div>\n<div class=\"sc-3c5a76cc-1 idjLTd\">\n<div class=\"sc-e8b2828-0 fBmEJc vertical\" type=\"embedvertical\">\n<div class=\"sc-e8b2828-1 iPLbWT videoText\" id=\"contentTitleembedverticalT7Dg0QVs\" type=\"embedvertical\"><svg fill=\"#ffffff\"><symbol id=\"play\" viewBox=\"0 0 512 512\"><path d=\"M512 256C512 397.4 397.4 512 256 512C114.6 512 0 397.4 0 256C0 114.6 114.6 0 256 0C397.4 0 512 114.6 512 256zM176 168V344C176 352.7 180.7 360.7 188.3 364.9C195.8 369.2 205.1 369 212.5 364.5L356.5 276.5C363.6 272.1 368 264.4 368 256C368 247.6 363.6 239.9 356.5 235.5L212.5 147.5C205.1 142.1 195.8 142.8 188.3 147.1C180.7 151.3 176 159.3 176 168V168z\" \/><\/symbol><use xlink:href=\"#play\" \/><\/svg><\/p>\n<div class=\"right\">\n<p>Racing<!-- --> &#8211; <span>&nbsp;<\/span><\/p>\n<h2 class=\"title-vid\">\u00a1As\u00ed se festej\u00f3 el gol de Racing sobre el final!<\/h2>\n<\/div>\n<\/div>\n<p><span class=\"back\" id=\"spanBackembedverticalT7Dg0QVs\"><\/span><\/div>\n<\/div>\n<div class=\"sc-a7166897-0 eoLsBE\" readability=\"6\">\n<section readability=\"2\"><picture><img alt=\"La inveros\u00edmil expulsi\u00f3n de Marcos Rojo ante Pe\u00f1arol\" loading=\"lazy\" width=\"290\" height=\"290\" decoding=\"async\" data-nimg=\"1\" src=\"http:\/\/hoycordobaweb.com\/wp-content\/uploads\/2025\/08\/pardo-el-gol-de-la-clasificacion-y-la-emocion-por-un-momento-especial-4.jpg\"><\/picture>\n<p><span>Mir\u00e1 tambi\u00e9n<\/span><\/p>\n<hr>\n<h3>La inveros\u00edmil expulsi\u00f3n de Marcos Rojo ante Pe\u00f1arol<\/h3>\n<\/p>\n<\/section>\n<\/div>\n<div class=\"sc-a7166897-0 eoLsBE\" readability=\"6\">\n<section readability=\"2\"><picture><img alt=\"Racing coraz\u00f3n: 3-1 a Pe\u00f1arol y a cuartos de la Copa Libertadores\" loading=\"lazy\" width=\"290\" height=\"290\" decoding=\"async\" data-nimg=\"1\" src=\"http:\/\/hoycordobaweb.com\/wp-content\/uploads\/2025\/08\/pardo-el-gol-de-la-clasificacion-y-la-emocion-por-un-momento-especial-5.jpg\"><\/picture>\n<p><span>Mir\u00e1 tambi\u00e9n<\/span><\/p>\n<hr>\n<h3>Racing coraz\u00f3n: 3-1 a Pe\u00f1arol y a cuartos de la Copa Libertadores<\/h3>\n<\/p>\n<\/section>\n<\/div>\n<div class=\"sc-a7166897-0 eoLsBE\" readability=\"6.5\">\n<section readability=\"3\"><picture><img alt=\"Copa Libertadores: con V\u00e9lez y Racing, as\u00ed queda la llave de cuartos de final\" loading=\"lazy\" width=\"290\" height=\"290\" decoding=\"async\" data-nimg=\"1\" src=\"http:\/\/hoycordobaweb.com\/wp-content\/uploads\/2025\/08\/pardo-el-gol-de-la-clasificacion-y-la-emocion-por-un-momento-especial-6.jpg\"><\/picture>\n<p><span>Mir\u00e1 tambi\u00e9n<\/span><\/p>\n<hr>\n<h3>Copa Libertadores: con V\u00e9lez y Racing, as\u00ed queda la llave de cuartos de final<\/h3>\n<\/p>\n<\/section>\n<\/div>\n<div class=\"sc-a7166897-0 eoLsBE\" readability=\"6\">\n<section readability=\"2\"><picture><img alt=\"La bronca de Arias por el ingreso del atajador de penales Cambeses\" loading=\"lazy\" width=\"290\" height=\"290\" decoding=\"async\" data-nimg=\"1\" src=\"http:\/\/hoycordobaweb.com\/wp-content\/uploads\/2025\/08\/pardo-el-gol-de-la-clasificacion-y-la-emocion-por-un-momento-especial-7.jpg\"><\/picture>\n<p><span>Mir\u00e1 tambi\u00e9n<\/span><\/p>\n<hr>\n<h3>La bronca de Arias por el ingreso del atajador de penales Cambeses<\/h3>\n<\/p>\n<\/section>\n<\/div>\n<\/div>\n","protected":false},"excerpt":{"rendered":"<p>19\/08\/2025 23:53hs. Franco Pardo, de 28 a\u00f1os, hab\u00eda llegado a Racing sobre el cierre del libro de pases, luego de dos temporadas en Uni\u00f3n. La Academia resolvi\u00f3 su incorporaci\u00f3n porque se hab\u00eda ca\u00eddo el pase de Nacho V\u00e1zquez, sostenido por Platense. Ten\u00eda una ventaja: Gustavo Costas lo conoc\u00eda de Palestino, de Chile. El zaguero ven\u00eda [&hellip;]<\/p>\n","protected":false},"author":1,"featured_media":114474,"comment_status":"open","ping_status":"closed","sticky":false,"template":"","format":"standard","meta":[],"categories":[16],"tags":[],"_links":{"self":[{"href":"http:\/\/hoycordobaweb.com\/index.php\/wp-json\/wp\/v2\/posts\/114473"}],"collection":[{"href":"http:\/\/hoycordobaweb.com\/index.php\/wp-json\/wp\/v2\/posts"}],"about":[{"href":"http:\/\/hoycordobaweb.com\/index.php\/wp-json\/wp\/v2\/types\/post"}],"author":[{"embeddable":true,"href":"http:\/\/hoycordobaweb.com\/index.php\/wp-json\/wp\/v2\/users\/1"}],"replies":[{"embeddable":true,"href":"http:\/\/hoycordobaweb.com\/index.php\/wp-json\/wp\/v2\/comments?post=114473"}],"version-history":[{"count":0,"href":"http:\/\/hoycordobaweb.com\/index.php\/wp-json\/wp\/v2\/posts\/114473\/revisions"}],"wp:featuredmedia":[{"embeddable":true,"href":"http:\/\/hoycordobaweb.com\/index.php\/wp-json\/wp\/v2\/media\/114474"}],"wp:attachment":[{"href":"http:\/\/hoycordobaweb.com\/index.php\/wp-json\/wp\/v2\/media?parent=114473"}],"wp:term":[{"taxonomy":"category","embeddable":true,"href":"http:\/\/hoycordobaweb.com\/index.php\/wp-json\/wp\/v2\/categories?post=114473"},{"taxonomy":"post_tag","embeddable":true,"href":"http:\/\/hoycordobaweb.com\/index.php\/wp-json\/wp\/v2\/tags?post=114473"}],"curies":[{"name":"wp","href":"https:\/\/api.w.org\/{rel}","templated":true}]}}