{"id":114471,"date":"2025-08-20T02:55:09","date_gmt":"2025-08-20T02:55:09","guid":{"rendered":"https:\/\/www.ole.com.ar\/racing\/copa-libertadores-racing-penarol-maravilla-martinez-costas-pedido-goleador-historico_0_AtcZOnT6oo.html"},"modified":"2025-08-20T02:55:09","modified_gmt":"2025-08-20T02:55:09","slug":"maravilla-martinez-se-hizo-un-lugar-en-la-historia-de-racing-y-conto-el-particular-pedido-de-costas","status":"publish","type":"post","link":"http:\/\/hoycordobaweb.com\/index.php\/2025\/08\/20\/maravilla-martinez-se-hizo-un-lugar-en-la-historia-de-racing-y-conto-el-particular-pedido-de-costas\/","title":{"rendered":"Maravilla Mart\u00ednez se hizo un lugar en la historia de Racing y cont\u00f3 el particular pedido de Costas"},"content":{"rendered":"<p><img src=\"http:\/\/hoycordobaweb.com\/wp-content\/uploads\/2025\/08\/maravilla-martinez-se-hizo-un-lugar-en-la-historia-de-racing-y-conto-el-particular-pedido-de-costas.jpg\"><\/p>\n<p><time class=\"createDate\" datetime=\"2025-08-19T23:55:09-03:00\">19\/08\/2025 23:55hs.<\/time><\/p>\n<div id=\"storyBody\">\n<div class=\"custom-text \" readability=\"33.924812030075\">\n<p>Cinco partidos secos. Justo despu\u00e9s de firmar una renovaci\u00f3n con <strong><a href=\"https:\/\/www.ole.com.ar\/tema\/racing.html\" title=\"Racing\" alt=\"Racing\" class=\"slug\">Racing <\/a><\/strong>que fue tendencia durante d\u00edas por la experiencia latente de lo ocurrido con Maxi Salas y por lo llamativo de esos 122 palos verdes de cl\u00e1usula pero los goleadores siempre superan las rachas y eso lo dej\u00f3 en claro <strong><a href=\"https:\/\/www.ole.com.ar\/tema\/adrian-martinez.html\" title=\"Adri\u00e1n Mart\u00ednez\" alt=\"Adri\u00e1n Mart\u00ednez\" class=\"slug\">Adri\u00e1n Mart\u00ednez<\/a><\/strong>, que <strong>con su doblete ante Pe\u00f1arol entr\u00f3 en la historia grande de Racing<\/strong>. \u00a1Una Maravilla!<\/p>\n<\/div>\n<div class=\"custom-text \" readability=\"39\">\n<p>S\u00ed, es que el delantero de 33 a\u00f1os se sac\u00f3 la mufa del \u00faltimo tiempo en el momento que la Acad\u00e9 m\u00e1s lo necesitaba. <strong>\u201cContento por poder convertir para el equipo porque no pod\u00edamos ganar de local y lo necesit\u00e1bamos<\/strong>. Hoy Dios nos regal\u00f3 la victoria\u201d, asegur\u00f3 en Fox Sports tras el encuentro en el que <strong>rompi\u00f3 el cero de arranque<\/strong> empuj\u00e1ndola abajo del arco con todo el olfato goleador y despu\u00e9s, <strong>en el complemento, puso el 2-1 parcial de penal.<\/strong><\/p>\n<\/div>\n<div class=\"custom-text \" readability=\"38\">\n<p>Con esos dos goles, <strong>Maravilla lleg\u00f3 a los 17 tantos en torneos internacionales con la camiseta de Racing<\/strong>, lo que lo convirti\u00f3 en el m\u00e1ximo artillero del club en este tipo de competencias. \u201cAntes del partido <strong>Gustavo quer\u00eda que nos tiremos de cabeza y creo que lo hicimos<\/strong>\u201d, sigui\u00f3 el atacante con la felicidad de la clasificaci\u00f3n confirmada.<\/p>\n<\/div>\n<div class=\"custom-text \" readability=\"35\">\n<p>Para Mart\u00ednez fueron <strong>cinco partidos de sequ\u00eda<\/strong>: la <strong>\u00faltima vez<\/strong> que hab\u00eda convertido<strong> tambi\u00e9n hab\u00eda sido de a dos<\/strong>, a principios de julio <strong>en el triunfo por 3-1 ante San Mart\u00edn de San Juan por Copa Argentina.<\/strong><\/p>\n<\/div>\n<div class=\"custom-text \" readability=\"37\">\n<p>El conjunto de Avellaneda ya est\u00e1 <strong>en cuartos de final de la Libertadores, donde se encontrar\u00e1 con V\u00e9lez <\/strong>que elimin\u00f3 a Fortaleza de Brasil: <strong>\u201cHay que ir con humildad, paso a paso y de a poco, porque la Copa es muy dif\u00edcil&#8230; Nosotros siempre vamos a dar lo m\u00e1ximo\u201d<\/strong>.<\/p>\n<\/div>\n<div class=\"sc-a7166897-0 eoLsBE\" readability=\"6\">\n<section readability=\"2\"><picture><img alt=\"Video: el penalcito del 2 a 1 de Maravilla Mart\u00ednez a Pe\u00f1arol\" loading=\"lazy\" width=\"290\" height=\"290\" decoding=\"async\" data-nimg=\"1\" src=\"http:\/\/hoycordobaweb.com\/wp-content\/uploads\/2025\/08\/maravilla-martinez-se-hizo-un-lugar-en-la-historia-de-racing-y-conto-el-particular-pedido-de-costas-2.jpg\"><\/picture>\n<p><span>Mir\u00e1 tambi\u00e9n<\/span><\/p>\n<hr>\n<h3>Video: el penalcito del 2 a 1 de Maravilla Mart\u00ednez a Pe\u00f1arol<\/h3>\n<\/p>\n<\/section>\n<\/div>\n<div class=\"sc-a7166897-0 eoLsBE\" readability=\"6\">\n<section readability=\"2\"><picture><img alt=\"Racing coraz\u00f3n: 3-1 a Pe\u00f1arol y a cuartos de la Copa Libertadores\" loading=\"lazy\" width=\"290\" height=\"290\" decoding=\"async\" data-nimg=\"1\" src=\"http:\/\/hoycordobaweb.com\/wp-content\/uploads\/2025\/08\/maravilla-martinez-se-hizo-un-lugar-en-la-historia-de-racing-y-conto-el-particular-pedido-de-costas-3.jpg\"><\/picture>\n<p><span>Mir\u00e1 tambi\u00e9n<\/span><\/p>\n<hr>\n<h3>Racing coraz\u00f3n: 3-1 a Pe\u00f1arol y a cuartos de la Copa Libertadores<\/h3>\n<\/p>\n<\/section>\n<\/div>\n<div class=\"sc-a7166897-0 eoLsBE\" readability=\"6\">\n<section readability=\"2\"><picture><img alt=\"La inveros\u00edmil expulsi\u00f3n de Marcos Rojo ante Pe\u00f1arol\" loading=\"lazy\" width=\"290\" height=\"290\" decoding=\"async\" data-nimg=\"1\" src=\"http:\/\/hoycordobaweb.com\/wp-content\/uploads\/2025\/08\/maravilla-martinez-se-hizo-un-lugar-en-la-historia-de-racing-y-conto-el-particular-pedido-de-costas-4.jpg\"><\/picture>\n<p><span>Mir\u00e1 tambi\u00e9n<\/span><\/p>\n<hr>\n<h3>La inveros\u00edmil expulsi\u00f3n de Marcos Rojo ante Pe\u00f1arol<\/h3>\n<\/p>\n<\/section>\n<\/div>\n<div class=\"sc-a7166897-0 eoLsBE\" readability=\"6.5\">\n<section readability=\"3\"><picture><img alt=\"Llave argentina en la Libertadores: Racing y V\u00e9lez se enfrentar\u00e1n en cuartos de final\" loading=\"lazy\" width=\"290\" height=\"290\" decoding=\"async\" data-nimg=\"1\" src=\"http:\/\/hoycordobaweb.com\/wp-content\/uploads\/2025\/08\/maravilla-martinez-se-hizo-un-lugar-en-la-historia-de-racing-y-conto-el-particular-pedido-de-costas-5.jpg\"><\/picture>\n<p><span>Mir\u00e1 tambi\u00e9n<\/span><\/p>\n<hr>\n<h3>Llave argentina en la Libertadores: Racing y V\u00e9lez se enfrentar\u00e1n en cuartos de final<\/h3>\n<\/p>\n<\/section>\n<\/div>\n<div class=\"sc-a7166897-0 eoLsBE\" readability=\"6\">\n<section readability=\"2\"><picture><img alt=\"La bronca de Arias por el ingreso del atajador de penales Cambeses\" loading=\"lazy\" width=\"290\" height=\"290\" decoding=\"async\" data-nimg=\"1\" src=\"http:\/\/hoycordobaweb.com\/wp-content\/uploads\/2025\/08\/maravilla-martinez-se-hizo-un-lugar-en-la-historia-de-racing-y-conto-el-particular-pedido-de-costas-6.jpg\"><\/picture>\n<p><span>Mir\u00e1 tambi\u00e9n<\/span><\/p>\n<hr>\n<h3>La bronca de Arias por el ingreso del atajador de penales Cambeses<\/h3>\n<\/p>\n<\/section>\n<\/div>\n<div class=\"sc-a7166897-0 eoLsBE\" readability=\"6.5\">\n<section readability=\"3\"><picture><img alt=\"Copa Libertadores: con V\u00e9lez y Racing, as\u00ed queda la llave de cuartos de final\" loading=\"lazy\" width=\"290\" height=\"290\" decoding=\"async\" data-nimg=\"1\" src=\"http:\/\/hoycordobaweb.com\/wp-content\/uploads\/2025\/08\/maravilla-martinez-se-hizo-un-lugar-en-la-historia-de-racing-y-conto-el-particular-pedido-de-costas-7.jpg\"><\/picture>\n<p><span>Mir\u00e1 tambi\u00e9n<\/span><\/p>\n<hr>\n<h3>Copa Libertadores: con V\u00e9lez y Racing, as\u00ed queda la llave de cuartos de final<\/h3>\n<\/p>\n<\/section>\n<\/div>\n<\/div>\n","protected":false},"excerpt":{"rendered":"<p>19\/08\/2025 23:55hs. Cinco partidos secos. Justo despu\u00e9s de firmar una renovaci\u00f3n con Racing que fue tendencia durante d\u00edas por la experiencia latente de lo ocurrido con Maxi Salas y por lo llamativo de esos 122 palos verdes de cl\u00e1usula pero los goleadores siempre superan las rachas y eso lo dej\u00f3 en claro Adri\u00e1n Mart\u00ednez, que [&hellip;]<\/p>\n","protected":false},"author":1,"featured_media":114472,"comment_status":"open","ping_status":"closed","sticky":false,"template":"","format":"standard","meta":[],"categories":[16],"tags":[],"_links":{"self":[{"href":"http:\/\/hoycordobaweb.com\/index.php\/wp-json\/wp\/v2\/posts\/114471"}],"collection":[{"href":"http:\/\/hoycordobaweb.com\/index.php\/wp-json\/wp\/v2\/posts"}],"about":[{"href":"http:\/\/hoycordobaweb.com\/index.php\/wp-json\/wp\/v2\/types\/post"}],"author":[{"embeddable":true,"href":"http:\/\/hoycordobaweb.com\/index.php\/wp-json\/wp\/v2\/users\/1"}],"replies":[{"embeddable":true,"href":"http:\/\/hoycordobaweb.com\/index.php\/wp-json\/wp\/v2\/comments?post=114471"}],"version-history":[{"count":0,"href":"http:\/\/hoycordobaweb.com\/index.php\/wp-json\/wp\/v2\/posts\/114471\/revisions"}],"wp:featuredmedia":[{"embeddable":true,"href":"http:\/\/hoycordobaweb.com\/index.php\/wp-json\/wp\/v2\/media\/114472"}],"wp:attachment":[{"href":"http:\/\/hoycordobaweb.com\/index.php\/wp-json\/wp\/v2\/media?parent=114471"}],"wp:term":[{"taxonomy":"category","embeddable":true,"href":"http:\/\/hoycordobaweb.com\/index.php\/wp-json\/wp\/v2\/categories?post=114471"},{"taxonomy":"post_tag","embeddable":true,"href":"http:\/\/hoycordobaweb.com\/index.php\/wp-json\/wp\/v2\/tags?post=114471"}],"curies":[{"name":"wp","href":"https:\/\/api.w.org\/{rel}","templated":true}]}}