{"id":114371,"date":"2025-08-18T20:56:39","date_gmt":"2025-08-18T20:56:39","guid":{"rendered":"https:\/\/ladecimaweb.com\/?p=32891"},"modified":"2025-08-18T20:56:39","modified_gmt":"2025-08-18T20:56:39","slug":"el-motivo-por-el-que-el-perejil-del-caso-dalmasso-esta-detenido-por-un-crimen-en-rio-cuarto","status":"publish","type":"post","link":"http:\/\/hoycordobaweb.com\/index.php\/2025\/08\/18\/el-motivo-por-el-que-el-perejil-del-caso-dalmasso-esta-detenido-por-un-crimen-en-rio-cuarto\/","title":{"rendered":"El motivo por el que \u201cel Perejil\u201d del caso Dalmasso est\u00e1 detenido por un crimen en R\u00edo Cuarto"},"content":{"rendered":"<div class=\"boldgrid-section\">\n<div class=\"container\">\n<div class=\"row\">\n<div class=\"col-md-12 col-xs-12 col-sm-12\">\n<p class=\"\"><strong>Gast\u00f3n Z\u00e1rate<\/strong>, conocido como \u201cel Perejil\u201d en el caso por el asesinato de Nora Dalmasso en 2006, fue<span>&nbsp;<\/span><strong>detenido<\/strong><span>&nbsp;<\/span>por un<span>&nbsp;<\/span><strong>crimen<\/strong><span>&nbsp;<\/span>en la provincia de C\u00f3rdoba durante un partido de f\u00fatbol.<\/p>\n<p>El hecho se produjo cuando Z\u00e1rate y sus dos hijos adolescente disputaban un partido de f\u00fatbol entre conocidos en un complejo deportivo junto con otras personas. De un momento a otro,<span>&nbsp;<\/span><strong>comenz\u00f3 una discusi\u00f3n entre el acusado y Rub\u00e9n Ezequiel Acu\u00f1a Ustarroz, de 37 a\u00f1os<\/strong>, la cual termin\u00f3 de manera fatal.<\/p>\n<p>Es que, seg\u00fan contaron testigos, la disputa se torn\u00f3 aun m\u00e1s violenta, por lo que la misma contin\u00fao en la v\u00eda p\u00fablica. Fue all\u00ed cuando<span>&nbsp;<\/span><strong>Z\u00e1rate agarr\u00f3 un fierro y se lo clav\u00f3 en la cabeza a Ustarroz<\/strong>,<strong><span>&nbsp;<\/span><\/strong>provocando su muerte de manera instant\u00e1nea.<\/p>\n<p class=\"\">Tanto el acusado como sus hijos se quedaron en el lugar y tras la llegada de la Polic\u00eda<span>&nbsp;<\/span><strong>\u201cEl Perejil\u201d fue detenido junto con el adolescente de 17 a\u00f1os<\/strong>, acusado de tambi\u00e9n participar de la pelea.<\/p>\n<p class=\"\">La causa qued\u00f3 a cargo del<span>&nbsp;<\/span><strong>fiscal Javier Di Santo<\/strong>, el mismo que en el 2006 hab\u00eda ordenado su detenci\u00f3n por el femicidio de Dalmasso, caso que prescribi\u00f3 y qued\u00f3 impune.<\/p>\n<p>Esta nueva investigaci\u00f3n fue caratulada como<span>&nbsp;<\/span><strong>homicidio<\/strong><span>&nbsp;<\/span>y primero ambos detenidos fueron trasladados a sede judicial. Luego el adulto fue derivado a la<span>&nbsp;<\/span><strong>c\u00e1rcel de R\u00edo Cuarto.<\/strong><\/p>\n<p>Acerca del menor,<span>&nbsp;<\/span><strong>qued\u00f3 en calidad de demorado<\/strong>. Se dispuso que el caso quede bajo<span>&nbsp;<\/span><strong>secreto de sumario.<\/strong><\/p>\n<p>&nbsp;<\/p>\n<div class=\"ubm_banner\"><a href=\"https:\/\/youtu.be\/h2J_ZdbxYVc\" target=\"_blank\" rel=\"dofollow noopener noreferrer\"><img src=\"http:\/\/hoycordobaweb.com\/wp-content\/uploads\/2025\/08\/el-motivo-por-el-que-el-perejil-del-caso-dalmasso-esta-detenido-por-un-crimen-en-rio-cuarto.gif\" alt=\"\"><\/a><\/div>\n<\/div>\n<\/div>\n<\/div>\n<\/div>\n<p>La entrada <a rel=\"nofollow\" href=\"https:\/\/ladecimaweb.com\/el-motivo-por-el-que-el-perejil-del-caso-dalmasso-esta-detenido-por-un-crimen-en-rio-cuarto\/\">El motivo por el que \u201cel Perejil\u201d del caso Dalmasso est\u00e1 detenido por un crimen en R\u00edo Cuarto<\/a> se public\u00f3 primero en <a rel=\"nofollow\" href=\"https:\/\/ladecimaweb.com\">LaDecima<\/a>.<\/p>\n","protected":false},"excerpt":{"rendered":"<p>Gast\u00f3n Z\u00e1rate, conocido como \u201cel Perejil\u201d en el caso por el asesinato de Nora Dalmasso en 2006, fue&nbsp;detenido&nbsp;por un&nbsp;crimen&nbsp;en la provincia de C\u00f3rdoba durante un partido de f\u00fatbol. El hecho se produjo cuando Z\u00e1rate y sus dos hijos adolescente disputaban un partido de f\u00fatbol entre conocidos en un complejo deportivo junto con otras personas. De [&hellip;]<\/p>\n","protected":false},"author":1,"featured_media":0,"comment_status":"closed","ping_status":"closed","sticky":false,"template":"","format":"standard","meta":[],"categories":[32],"tags":[],"_links":{"self":[{"href":"http:\/\/hoycordobaweb.com\/index.php\/wp-json\/wp\/v2\/posts\/114371"}],"collection":[{"href":"http:\/\/hoycordobaweb.com\/index.php\/wp-json\/wp\/v2\/posts"}],"about":[{"href":"http:\/\/hoycordobaweb.com\/index.php\/wp-json\/wp\/v2\/types\/post"}],"author":[{"embeddable":true,"href":"http:\/\/hoycordobaweb.com\/index.php\/wp-json\/wp\/v2\/users\/1"}],"replies":[{"embeddable":true,"href":"http:\/\/hoycordobaweb.com\/index.php\/wp-json\/wp\/v2\/comments?post=114371"}],"version-history":[{"count":0,"href":"http:\/\/hoycordobaweb.com\/index.php\/wp-json\/wp\/v2\/posts\/114371\/revisions"}],"wp:attachment":[{"href":"http:\/\/hoycordobaweb.com\/index.php\/wp-json\/wp\/v2\/media?parent=114371"}],"wp:term":[{"taxonomy":"category","embeddable":true,"href":"http:\/\/hoycordobaweb.com\/index.php\/wp-json\/wp\/v2\/categories?post=114371"},{"taxonomy":"post_tag","embeddable":true,"href":"http:\/\/hoycordobaweb.com\/index.php\/wp-json\/wp\/v2\/tags?post=114371"}],"curies":[{"name":"wp","href":"https:\/\/api.w.org\/{rel}","templated":true}]}}