{"id":114204,"date":"2025-08-17T10:51:27","date_gmt":"2025-08-17T10:51:27","guid":{"rendered":"https:\/\/www.mujerhoy.com\/moda\/no-te-pierdas\/vestidos-invitada-boda-verano-elegantes-20250817195923-nt.html"},"modified":"2025-08-17T10:51:27","modified_gmt":"2025-08-17T10:51:27","slug":"estos-vestidos-de-invitada-son-perfectos-para-una-boda-de-verano-frescos-y-elegantes","status":"publish","type":"post","link":"http:\/\/hoycordobaweb.com\/index.php\/2025\/08\/17\/estos-vestidos-de-invitada-son-perfectos-para-una-boda-de-verano-frescos-y-elegantes\/","title":{"rendered":"Estos vestidos de invitada son perfectos para una boda de verano: frescos y elegantes"},"content":{"rendered":"<p><!-- AUTHOR --><\/p>\n<div class=\"voc-author-timesocial \">\n<!-- AUTHOR --><\/p>\n<div class=\"voc-author-timesocial__signature \">\n<!-- IMAGE AUTHOR -->\n<picture class=\"voc-image-signature\">\n<img class=\"voc-image-signature__img\" src=\"http:\/\/hoycordobaweb.com\/wp-content\/uploads\/2025\/08\/estos-vestidos-de-invitada-son-perfectos-para-una-boda-de-verano-frescos-y-elegantes.jpg\" alt=\"Lauren Izquierdo\">\n<\/picture>\n<!-- INFO AUTHOR --> <\/div><\/div>\n<p><!-- COMPONENTS --><\/p>\n<p class=\"voc-paragraph\"><strong>Escoger un vestido de invitada en verano<\/strong> es un arte. Todas queremos sentirnos guapas, pero tambi\u00e9n hay que <a href=\"https:\/\/www.mujerhoy.com\/moda\/no-te-pierdas\/vestidos-invitadas-verano-boda-agosto-elegantes-fresquitos-femeninos-20250710122629-nt.html\" title=\"www.mujerhoy.com\" data-voc-vtm-id=\"in-text-traffic\" data-mrf-link=\"www.mujerhoy.com\">sobrevivir al calor con dignidad<\/a>. Y eso <strong>excluye tejidos<\/strong> que se pegan, <strong>colores que marcan<\/strong> hasta el pensamiento y <strong>cortes imposibles<\/strong> que solo funcionan con aire acondicionado port\u00e1til.<\/p>\n<p class=\"voc-paragraph\">El <strong>truco de los expertos<\/strong> est\u00e1 en encontrar ese equilibrio entre frescura y elegancia, y por ende, el tejido lo es todo. <strong>Nuestro consejo<\/strong> es que escojas fibras naturales \u2014lino, algod\u00f3n, seda lavada, viscosa de calidad\u2014 que no se adhieran a la piel y que tengan buena ca\u00edda. Huye del poli\u00e9ster disfrazado de sat\u00e9n, ya que puede parecer bonito en la percha, pero es tu enemigo n\u00famero uno cuando el term\u00f3metro sube.<\/p>\n<p class=\"voc-paragraph\">En cuanto al color, ten en cuenta la hora: por la ma\u00f1ana funcionan los tonos empolvados, el blanco roto (si no es boda, claro), los estampados suaves o los verdes lavados; al atardecer, los rojizos, buganvillas, mostazas o azules profundos; y por la noche, el negro, los metalizados o los colores joya.<\/p>\n<p class=\"voc-paragraph\">Y <strong>no olvides los detalles pr\u00e1cticos<\/strong>: que no transparente, que no marque las gotas de sudor, que puedas sentarte, comer y bailar sin tener que recolocarte cada diez minutos. Y por favor, que no necesites faja ni cinta de doble cara. Es un evento en verano, tienes que estar guapa, pero tambi\u00e9n pas\u00e1rtelo bien.<\/p>\n<p><h3 class=\"v-cmp-suh\">\nLos mejores vestidos de invitadas para verano<br \/>\n<\/h3>\n<\/p>\n<div class=\"v-c-cmp v-c-cmp--s\">\n<div class=\"v-cmp-m \">\n<article class=\"v-a v-a--cmp-m v-c-cmp--m-z\">\n<div class=\"v-a-img-c \">\n<div class=\"v-a-fig\">\n<button class=\"v-a-link\" popovertarget=\"photo-494\"><br \/>\n<img loading=\"lazy\" src=\"http:\/\/hoycordobaweb.com\/wp-content\/uploads\/2025\/08\/estos-vestidos-de-invitada-son-perfectos-para-una-boda-de-verano-frescos-y-elegantes-1.jpg\" class=\"v-a-img\" width=\"650\" height=\"650\" alt=\"Vestido corto de Maje, 284 euros.\" data-voc-vtm-id=\"in-text-traffic\"> <\/button><figcaption class=\"v-fc\">\n<span class=\"v-fc__t\"><br \/>\nVestido corto de Maje, 284 euros.<br \/>\n<\/span><br \/>\n<\/figcaption><\/div>\n<\/div>\n<div id=\"photo-494\" popover class=\"v-mdl v-mdl--fw\">\n<button class=\"v-x\" popovertarget=\"photo-494\" popovertargetaction=\"hide\"><br \/>\n<span class=\"v-i\"><br \/>\n<svg width=\"24\" height=\"23.996\" viewBox=\"0 0 24 23.996\">\n<path data-name=\"Uni\u00f3n 29\" d=\"M12,14.03,2.031,24,0,21.963,9.968,12,0,2.033,2.031,0,12,9.966,21.969,0,24,2.033,14.032,12,24,21.963,21.969,24Z\" \/>\n<\/svg><br \/>\n<\/span><br \/>\n<\/button><\/p>\n<div class=\"v-mdl__c\">\n<div class=\"v-mdl__w\">\n<img loading=\"lazy\" src=\"http:\/\/hoycordobaweb.com\/wp-content\/uploads\/2025\/08\/estos-vestidos-de-invitada-son-perfectos-para-una-boda-de-verano-frescos-y-elegantes-1.jpg\" class=\"v-mdl__img-z\" width=\"650\" height=\"650\" alt>\n<\/div>\n<\/div>\n<\/div>\n<p><span class=\"v-bdp\"><\/span><br \/>\n<\/article>\n<\/div>\n<\/div>\n<p class=\"voc-paragraph\"><strong>Vestido corto de Maje, 284 euros.<\/strong> Es perfecto para los eventos de d\u00eda y para todas esas ocasiones en las que menos es siempre m\u00e1s. Comb\u00ednalo con unas sandalias marrones o doradas y voil\u00e0.<\/p>\n<div class=\"v-c-cmp v-c-cmp--s\">\n<div class=\"v-cmp-m \">\n<article class=\"v-a v-a--cmp-m v-c-cmp--m-z\">\n<div class=\"v-a-img-c \">\n<div class=\"v-a-fig\">\n<button class=\"v-a-link\" popovertarget=\"photo-798\"><br \/>\n<img loading=\"lazy\" src=\"http:\/\/hoycordobaweb.com\/wp-content\/uploads\/2025\/08\/estos-vestidos-de-invitada-son-perfectos-para-una-boda-de-verano-frescos-y-elegantes-2.jpg\" class=\"v-a-img\" width=\"650\" height=\"650\" alt data-voc-vtm-id=\"in-text-traffic\"> <\/button><figcaption class=\"v-fc\">\n<span class=\"v-fc__p\"><br \/>\nVestido largo tirantes de Simorra, 650 euros.<br \/>\n<\/span><br \/>\n<\/figcaption><\/div>\n<\/div>\n<div id=\"photo-798\" popover class=\"v-mdl v-mdl--fw\">\n<button class=\"v-x\" popovertarget=\"photo-798\" popovertargetaction=\"hide\"><br \/>\n<span class=\"v-i\"><br \/>\n<svg width=\"24\" height=\"23.996\" viewBox=\"0 0 24 23.996\">\n<path data-name=\"Uni\u00f3n 29\" d=\"M12,14.03,2.031,24,0,21.963,9.968,12,0,2.033,2.031,0,12,9.966,21.969,0,24,2.033,14.032,12,24,21.963,21.969,24Z\" \/>\n<\/svg><br \/>\n<\/span><br \/>\n<\/button><\/p>\n<div class=\"v-mdl__c\">\n<div class=\"v-mdl__w\">\n<img loading=\"lazy\" src=\"http:\/\/hoycordobaweb.com\/wp-content\/uploads\/2025\/08\/estos-vestidos-de-invitada-son-perfectos-para-una-boda-de-verano-frescos-y-elegantes-2.jpg\" class=\"v-mdl__img-z\" width=\"650\" height=\"650\" alt>\n<\/div>\n<\/div>\n<\/div>\n<p><span class=\"v-bdp\"><\/span><br \/>\n<\/article>\n<\/div>\n<\/div>\n<p class=\"voc-paragraph\"><strong>Vestido largo tirantes de Simorra, 650 euros.<\/strong> Me parece uno de los vestidos m\u00e1s especiales, y aunque es toda una inversi\u00f3n, merece mucho la pena porque es un fondo de armario con el que arrasar\u00e1s donde vayas.<\/p>\n<div class=\"v-c-cmp v-c-cmp--s\">\n<div class=\"v-cmp-m \">\n<article class=\"v-a v-a--cmp-m v-c-cmp--m-z\">\n<div class=\"v-a-img-c \">\n<div class=\"v-a-fig\">\n<button class=\"v-a-link\" popovertarget=\"photo-691\"><br \/>\n<img loading=\"lazy\" src=\"http:\/\/hoycordobaweb.com\/wp-content\/uploads\/2025\/08\/estos-vestidos-de-invitada-son-perfectos-para-una-boda-de-verano-frescos-y-elegantes-3.jpg\" class=\"v-a-img\" width=\"650\" height=\"650\" alt=\"Vestido estampado de flecos, 48,98 euros.\" data-voc-vtm-id=\"in-text-traffic\"> <\/button><figcaption class=\"v-fc\">\n<span class=\"v-fc__t\"><br \/>\nVestido estampado de flecos, 48,98 euros.<br \/>\n<\/span><br \/>\n<\/figcaption><\/div>\n<\/div>\n<div id=\"photo-691\" popover class=\"v-mdl v-mdl--fw\">\n<button class=\"v-x\" popovertarget=\"photo-691\" popovertargetaction=\"hide\"><br \/>\n<span class=\"v-i\"><br \/>\n<svg width=\"24\" height=\"23.996\" viewBox=\"0 0 24 23.996\">\n<path data-name=\"Uni\u00f3n 29\" d=\"M12,14.03,2.031,24,0,21.963,9.968,12,0,2.033,2.031,0,12,9.966,21.969,0,24,2.033,14.032,12,24,21.963,21.969,24Z\" \/>\n<\/svg><br \/>\n<\/span><br \/>\n<\/button><\/p>\n<div class=\"v-mdl__c\">\n<div class=\"v-mdl__w\">\n<img loading=\"lazy\" src=\"http:\/\/hoycordobaweb.com\/wp-content\/uploads\/2025\/08\/estos-vestidos-de-invitada-son-perfectos-para-una-boda-de-verano-frescos-y-elegantes-3.jpg\" class=\"v-mdl__img-z\" width=\"650\" height=\"650\" alt>\n<\/div>\n<\/div>\n<\/div>\n<p><span class=\"v-bdp\"><\/span><br \/>\n<\/article>\n<\/div>\n<\/div>\n<p class=\"voc-paragraph\"><strong>Vestido estampado de flecos de Sfera, 48,98 euros.<\/strong> A pesar de su tejido satinado, no mancha por la mezcla que tiene con viscosa. Es un modelo m\u00e1s alegre que los anteriores, y favorece a todo tipo de pieles, por lo que es un s\u00ed. <\/p>\n<div class=\"v-c-cmp v-c-cmp--s\">\n<div class=\"v-cmp-m \">\n<article class=\"v-a v-a--cmp-m v-c-cmp--m-z\">\n<div class=\"v-a-img-c \">\n<div class=\"v-a-fig\">\n<button class=\"v-a-link\" popovertarget=\"photo-846\"><br \/>\n<img loading=\"lazy\" src=\"http:\/\/hoycordobaweb.com\/wp-content\/uploads\/2025\/08\/estos-vestidos-de-invitada-son-perfectos-para-una-boda-de-verano-frescos-y-elegantes-4.jpg\" class=\"v-a-img\" width=\"650\" height=\"650\" alt=\"Vestido de manga corta azul de Mioh, 138,60 euros\" data-voc-vtm-id=\"in-text-traffic\"> <\/button><figcaption class=\"v-fc\">\n<span class=\"v-fc__t\"><br \/>\nVestido de manga corta azul de Mioh, 138,60 euros<br \/>\n<\/span><br \/>\n<\/figcaption><\/div>\n<\/div>\n<div id=\"photo-846\" popover class=\"v-mdl v-mdl--fw\">\n<button class=\"v-x\" popovertarget=\"photo-846\" popovertargetaction=\"hide\"><br \/>\n<span class=\"v-i\"><br \/>\n<svg width=\"24\" height=\"23.996\" viewBox=\"0 0 24 23.996\">\n<path data-name=\"Uni\u00f3n 29\" d=\"M12,14.03,2.031,24,0,21.963,9.968,12,0,2.033,2.031,0,12,9.966,21.969,0,24,2.033,14.032,12,24,21.963,21.969,24Z\" \/>\n<\/svg><br \/>\n<\/span><br \/>\n<\/button><\/p>\n<div class=\"v-mdl__c\">\n<div class=\"v-mdl__w\">\n<img loading=\"lazy\" src=\"http:\/\/hoycordobaweb.com\/wp-content\/uploads\/2025\/08\/estos-vestidos-de-invitada-son-perfectos-para-una-boda-de-verano-frescos-y-elegantes-4.jpg\" class=\"v-mdl__img-z\" width=\"650\" height=\"650\" alt>\n<\/div>\n<\/div>\n<\/div>\n<p><span class=\"v-bdp\"><\/span><br \/>\n<\/article>\n<\/div>\n<\/div>\n<p class=\"voc-paragraph\"><strong>Vestido de manga corta azul de Mioh, 138,60 euros<\/strong>. Es una silueta cl\u00e1sica que resulta atemporal y que no pasa de moda, por lo que es un acierto asegurado que combina con todo y que, adem\u00e1s, es apto para el d\u00eda y la noche. <\/p>\n<div class=\"v-c-cmp v-c-cmp--s\">\n<div class=\"v-cmp-m \">\n<article class=\"v-a v-a--cmp-m v-c-cmp--m-z\">\n<div class=\"v-a-img-c \">\n<div class=\"v-a-fig\">\n<button class=\"v-a-link\" popovertarget=\"photo-748\"><br \/>\n<img loading=\"lazy\" src=\"http:\/\/hoycordobaweb.com\/wp-content\/uploads\/2025\/08\/estos-vestidos-de-invitada-son-perfectos-para-una-boda-de-verano-frescos-y-elegantes-5.jpg\" class=\"v-a-img\" width=\"650\" height=\"650\" alt=\"Vestido asim\u00e9trico verde de Scalpers, 69,90 euros.\" data-voc-vtm-id=\"in-text-traffic\"> <\/button><figcaption class=\"v-fc\">\n<span class=\"v-fc__t\"><br \/>\nVestido asim\u00e9trico verde de Scalpers, 69,90 euros.<br \/>\n<\/span><br \/>\n<\/figcaption><\/div>\n<\/div>\n<div id=\"photo-748\" popover class=\"v-mdl v-mdl--fw\">\n<button class=\"v-x\" popovertarget=\"photo-748\" popovertargetaction=\"hide\"><br \/>\n<span class=\"v-i\"><br \/>\n<svg width=\"24\" height=\"23.996\" viewBox=\"0 0 24 23.996\">\n<path data-name=\"Uni\u00f3n 29\" d=\"M12,14.03,2.031,24,0,21.963,9.968,12,0,2.033,2.031,0,12,9.966,21.969,0,24,2.033,14.032,12,24,21.963,21.969,24Z\" \/>\n<\/svg><br \/>\n<\/span><br \/>\n<\/button><\/p>\n<div class=\"v-mdl__c\">\n<div class=\"v-mdl__w\">\n<img loading=\"lazy\" src=\"http:\/\/hoycordobaweb.com\/wp-content\/uploads\/2025\/08\/estos-vestidos-de-invitada-son-perfectos-para-una-boda-de-verano-frescos-y-elegantes-5.jpg\" class=\"v-mdl__img-z\" width=\"650\" height=\"650\" alt>\n<\/div>\n<\/div>\n<\/div>\n<p><span class=\"v-bdp\"><\/span><br \/>\n<\/article>\n<\/div>\n<\/div>\n<p class=\"voc-paragraph\"><strong>Vestido asim\u00e9trico verde de Scalpers, 69,90 euros.<\/strong> Nos encanta porque es uno de los colores m\u00e1s virales de 2025, es bonito y toda una declaraci\u00f3n de intenciones que, ante todo, merece y much\u00edsimo la pena.<\/p>\n<div class=\"v-c-cmp v-c-cmp--s\">\n<div class=\"v-cmp-m \">\n<article class=\"v-a v-a--cmp-m v-c-cmp--m-z\">\n<div class=\"v-a-img-c \">\n<div class=\"v-a-fig\">\n<button class=\"v-a-link\" popovertarget=\"photo-506\"><br \/>\n<img loading=\"lazy\" src=\"http:\/\/hoycordobaweb.com\/wp-content\/uploads\/2025\/08\/estos-vestidos-de-invitada-son-perfectos-para-una-boda-de-verano-frescos-y-elegantes-6.jpg\" class=\"v-a-img\" width=\"650\" height=\"650\" alt=\"Vestido rojo de Miphai, 149,99 euros.\" data-voc-vtm-id=\"in-text-traffic\"> <\/button><figcaption class=\"v-fc\">\n<span class=\"v-fc__t\"><br \/>\nVestido rojo de Miphai, 149,99 euros.<br \/>\n<\/span><br \/>\n<\/figcaption><\/div>\n<\/div>\n<div id=\"photo-506\" popover class=\"v-mdl v-mdl--fw\">\n<button class=\"v-x\" popovertarget=\"photo-506\" popovertargetaction=\"hide\"><br \/>\n<span class=\"v-i\"><br \/>\n<svg width=\"24\" height=\"23.996\" viewBox=\"0 0 24 23.996\">\n<path data-name=\"Uni\u00f3n 29\" d=\"M12,14.03,2.031,24,0,21.963,9.968,12,0,2.033,2.031,0,12,9.966,21.969,0,24,2.033,14.032,12,24,21.963,21.969,24Z\" \/>\n<\/svg><br \/>\n<\/span><br \/>\n<\/button><\/p>\n<div class=\"v-mdl__c\">\n<div class=\"v-mdl__w\">\n<img loading=\"lazy\" src=\"http:\/\/hoycordobaweb.com\/wp-content\/uploads\/2025\/08\/estos-vestidos-de-invitada-son-perfectos-para-una-boda-de-verano-frescos-y-elegantes-6.jpg\" class=\"v-mdl__img-z\" width=\"650\" height=\"650\" alt>\n<\/div>\n<\/div>\n<\/div>\n<p><span class=\"v-bdp\"><\/span><br \/>\n<\/article>\n<\/div>\n<\/div>\n<p class=\"voc-paragraph\"><strong>Vestido rojo de Miphai, 149,99 euros.<\/strong> Es otro cl\u00e1sico perfecto para las amantes del menos es m\u00e1s. Le sacar\u00e1s mucho partido con unas sandalias doradas, marrones o negras. Para un aire m\u00e1s elegante, rec\u00f3gete el cabello en un mo\u00f1o.<\/p>\n<div class=\"media_block\"><\/div>\n","protected":false},"excerpt":{"rendered":"<p>Escoger un vestido de invitada en verano es un arte. Todas queremos sentirnos guapas, pero tambi\u00e9n hay que sobrevivir al calor con dignidad. Y eso excluye tejidos que se pegan, colores que marcan hasta el pensamiento y cortes imposibles que solo funcionan con aire acondicionado port\u00e1til. El truco de los expertos est\u00e1 en encontrar ese [&hellip;]<\/p>\n","protected":false},"author":1,"featured_media":114205,"comment_status":"closed","ping_status":"closed","sticky":false,"template":"","format":"standard","meta":[],"categories":[],"tags":[],"_links":{"self":[{"href":"http:\/\/hoycordobaweb.com\/index.php\/wp-json\/wp\/v2\/posts\/114204"}],"collection":[{"href":"http:\/\/hoycordobaweb.com\/index.php\/wp-json\/wp\/v2\/posts"}],"about":[{"href":"http:\/\/hoycordobaweb.com\/index.php\/wp-json\/wp\/v2\/types\/post"}],"author":[{"embeddable":true,"href":"http:\/\/hoycordobaweb.com\/index.php\/wp-json\/wp\/v2\/users\/1"}],"replies":[{"embeddable":true,"href":"http:\/\/hoycordobaweb.com\/index.php\/wp-json\/wp\/v2\/comments?post=114204"}],"version-history":[{"count":0,"href":"http:\/\/hoycordobaweb.com\/index.php\/wp-json\/wp\/v2\/posts\/114204\/revisions"}],"wp:featuredmedia":[{"embeddable":true,"href":"http:\/\/hoycordobaweb.com\/index.php\/wp-json\/wp\/v2\/media\/114205"}],"wp:attachment":[{"href":"http:\/\/hoycordobaweb.com\/index.php\/wp-json\/wp\/v2\/media?parent=114204"}],"wp:term":[{"taxonomy":"category","embeddable":true,"href":"http:\/\/hoycordobaweb.com\/index.php\/wp-json\/wp\/v2\/categories?post=114204"},{"taxonomy":"post_tag","embeddable":true,"href":"http:\/\/hoycordobaweb.com\/index.php\/wp-json\/wp\/v2\/tags?post=114204"}],"curies":[{"name":"wp","href":"https:\/\/api.w.org\/{rel}","templated":true}]}}