{"id":114200,"date":"2025-08-16T20:43:28","date_gmt":"2025-08-16T20:43:28","guid":{"rendered":"https:\/\/www.ole.com.ar\/futbol-internacional\/espana\/lamine-yamal-show-barcelona-debut-liga-gol-cruce-gambetas_0_6Uars9Vgfh.html"},"modified":"2025-08-16T20:43:28","modified_gmt":"2025-08-16T20:43:28","slug":"el-show-de-lamine-yamal-en-el-debut-de-barcelona","status":"publish","type":"post","link":"http:\/\/hoycordobaweb.com\/index.php\/2025\/08\/16\/el-show-de-lamine-yamal-en-el-debut-de-barcelona\/","title":{"rendered":"El show de Lamine Yamal en el debut de Barcelona"},"content":{"rendered":"<p><img src=\"http:\/\/hoycordobaweb.com\/wp-content\/uploads\/2025\/08\/el-show-de-lamine-yamal-en-el-debut-de-barcelona.jpg\"><\/p>\n<p><time class=\"createDate\" datetime=\"2025-08-16T17:43:28-03:00\">16\/08\/2025 17:43hs.<\/time><\/p>\n<div id=\"storyBody\">\n<div class=\"custom-text \" readability=\"35.975935828877\">\n<p>Primer partido oficial para <strong><a href=\"https:\/\/www.ole.com.ar\/tema\/lamine-yamal.html\" title=\"Lamine Yamal\" alt=\"Lamine Yamal\" class=\"slug\">Lamine Yamal<\/a><\/strong> con la 10 del <strong><a href=\"https:\/\/www.ole.com.ar\/tema\/barcelona.html\" title=\"Barcelona\" alt=\"Barcelona\" class=\"slug\">Barcelona<\/a> <\/strong>y, como ya acostumbra, estuvo a la altura. El crack de 18 a\u00f1os la rompe cada vez que juega y el debut de su equipo en LaLiga no fue la excepci\u00f3n. El Barsa arranc\u00f3 el torneo con una <strong>goleada por 3-0 ante el <a href=\"https:\/\/www.ole.com.ar\/tema\/mallorca.html\" title=\"Mallorca\" alt=\"Mallorca\" class=\"slug\">Mallorca<\/a> <\/strong>en condici\u00f3n de visitante, que lo tuvo al<strong> joven talento intratable, con un golazo incluido.<\/strong><\/p>\n<\/div>\n<div class=\"custom-text \" readability=\"34.708737864078\">\n<p>Los dirigidos por Hansi Flick comenzaron la temporada con el pie derecho. En el Estadio de Son Moix y ante un Mallorca que ven\u00eda de cerrar el campeonato pasado en mitad de tabla, <strong>el Blaugrana se impuso por 3-0 gracias a los tantos de Raphina, <a href=\"https:\/\/www.ole.com.ar\/usa\/futbol-internacional\/liga-de-espana\/barcelona-rcd-mallorca-gol-video-polemico-ferran-torres-raillo-golpe-cabeza-yamal-laliga_0_btluVNQppA.html\" target=\"_blank\" title=\"un pol\u00e9mico gol de Ferr\u00e1n Torres\" alt=\"un pol\u00e9mico gol de Ferr\u00e1n Torres\" rel=\"noopener noreferrer\">un pol\u00e9mico gol de Ferr\u00e1n Torres<\/a> y, por supuesto, Lamine Yamal.<\/strong><\/p>\n<\/div>\n<div class=\"custom-text \" readability=\"32.360856269113\">\n<p>El espa\u00f1ol categor\u00eda 2007 ya hab\u00eda estrenado la ic\u00f3nica #10 del Barcelona durante los amistosos de pretemporada, donde <a href=\"https:\/\/www.ole.com.ar\/futbol-internacional\/lamine-yamal-goles-video-barcelona-amistoso-goleada_0_wbDyL0sckt.html\" target=\"_blank\" title=\"la honr\u00f3 convirtiendo un par de golazos. \" alt=\"la honr\u00f3 convirtiendo un par de golazos. \" rel=\"noopener noreferrer\">la honr\u00f3 convirtiendo un par de golazos.<\/a> Y ante la expectativa del primer partido oficial con la casaca que tantos a\u00f1os port\u00f3 nada menos que Lionel Messi, <strong>la joya del f\u00fatbol mundial volvi\u00f3 a brillar.<\/strong><\/p>\n<\/div>\n<div class=\"sc-e7b891c4-0 ifHnQL image-embed\"><img alt=\"Lamine Yamal, a pura gambeta en Mallorca. (AP Photo\/Joan Mateu Parra)\" loading=\"lazy\" width=\"720\" height=\"100\" decoding=\"async\" data-nimg=\"1\" src=\"http:\/\/hoycordobaweb.com\/wp-content\/uploads\/2025\/08\/el-show-de-lamine-yamal-en-el-debut-de-barcelona-2.jpg\"><span class=\"epigraphe\">Lamine Yamal, a pura gambeta en Mallorca. (AP Photo\/Joan Mateu Parra)<\/span><\/div>\n<div class=\"custom-text \" readability=\"41\">\n<p>Con jugadas fiel a su estilo,<strong> recostado sobre la derecha y gambeteando hacia adentro, volvi\u00f3 loca a la defensa rival.<\/strong> Al punto de que en 33 minutos de juego inici\u00f3 una aventura a toda velocidad, eludiendo rivales, que provoc\u00f3 la infracci\u00f3n de Manu Morlanes. <strong>El volante ya estaba amonestado, por lo que vio la segunda amarilla y se fue expulsado, <\/strong>producto de la versatilidad de Lamine.<\/p>\n<\/div>\n<div class=\"custom-text \" readability=\"41\">\n<p>Dejando de lado toda su t\u00e9cnica y jerarqu\u00eda, el extremo zurdo mostr\u00f3 tambi\u00e9n su car\u00e1cter, en una jugada donde no se guard\u00f3 nada. Yamal cometi\u00f3 una leve falta en ataque ante Jan Salas, quien r\u00e1pidamente se levant\u00f3 y se le puso cara a cara. <strong>Lejos de achicarse, el pibe del Barsa se plant\u00f3 y le dijo de todo, gan\u00e1ndose as\u00ed el empuj\u00f3n del rival, <\/strong>a quien le sigui\u00f3 hablando a la distancia.<\/p>\n<\/div>\n<div class=\"sc-e7b891c4-0 ifHnQL image-embed\"><img alt=\"Lamine Yamal, cara a cara con Jan Salas. (AP Photo\/Joan Mateu Parra)\" loading=\"lazy\" width=\"720\" height=\"100\" decoding=\"async\" data-nimg=\"1\" src=\"http:\/\/hoycordobaweb.com\/wp-content\/uploads\/2025\/08\/el-show-de-lamine-yamal-en-el-debut-de-barcelona-3.jpg\"><span class=\"epigraphe\">Lamine Yamal, cara a cara con Jan Salas. (AP Photo\/Joan Mateu Parra)<\/span><\/div>\n<p><h2><strong>Golazo para cerrar el estadio<\/strong><\/h2>\n<\/p>\n<div class=\"custom-text \" readability=\"38\">\n<p>Y por supuesto que no pod\u00eda faltar su gol. La frutilla del postre, porque cay\u00f3 reci\u00e9n a los 93 minutos de juego, cuando apenas quedaban 30 segundos para el pitazo final. El Barsa ganaba 2-0 y jugaba en campo rival, <strong>hasta que la pelota se encontr\u00f3 con \u00e9l, en la zona que m\u00e1s le gusta.<\/strong><\/p>\n<\/div>\n<div class=\"custom-text \" readability=\"40\">\n<p>Con su marca registrada, <strong>recibiendo por derecha y recortando para adentro<\/strong>, Lamine Yamal se hizo el hueco y <strong>sac\u00f3 un zurdazo inatajable al segundo palo,<\/strong> con el que sell\u00f3 el 3-0 final. De esta manera, el crack cul\u00e9 convirti\u00f3 su primer gol oficial con la 10 en la espalda, y el primero de una temporada en la que tiene todo para romperla.<\/p>\n<\/div>\n<div class=\"sc-e7b891c4-0 ifHnQL image-embed\"><img alt=\"El festejo de gol de Lamine Yamal. (EFE\/MIQUEL A. BORR\u00c0S)\" loading=\"lazy\" width=\"720\" height=\"100\" decoding=\"async\" data-nimg=\"1\" src=\"http:\/\/hoycordobaweb.com\/wp-content\/uploads\/2025\/08\/el-show-de-lamine-yamal-en-el-debut-de-barcelona-4.jpg\"><span class=\"epigraphe\">El festejo de gol de Lamine Yamal. (EFE\/MIQUEL A. BORR\u00c0S)<\/span><\/div>\n<p><h2><strong>El partido de Lamine Yamal contra el Mallorca<\/strong><\/h2>\n<\/p>\n<div class=\"sc-3c5a76cc-1 idjLTd\">\n<div class=\"sc-e8b2828-0 fBmEJc\" type=\"embed\">\n<div class=\"sc-e8b2828-1 iPLbWT videoText\" id=\"contentTitleembeduDk7bgUU\" type=\"embed\"><svg fill=\"#ffffff\"><symbol id=\"play\" viewBox=\"0 0 512 512\"><path d=\"M512 256C512 397.4 397.4 512 256 512C114.6 512 0 397.4 0 256C0 114.6 114.6 0 256 0C397.4 0 512 114.6 512 256zM176 168V344C176 352.7 180.7 360.7 188.3 364.9C195.8 369.2 205.1 369 212.5 364.5L356.5 276.5C363.6 272.1 368 264.4 368 256C368 247.6 363.6 239.9 356.5 235.5L212.5 147.5C205.1 142.1 195.8 142.8 188.3 147.1C180.7 151.3 176 159.3 176 168V168z\" \/><\/symbol><use xlink:href=\"#play\" \/><\/svg><\/p>\n<div class=\"right\">\n<p>Lamine Yamal<!-- --> &#8211; <span>&nbsp;<\/span><\/p>\n<h2 class=\"title-vid\">El partido de Lamine Yamal ante Mallorca<\/h2>\n<\/div>\n<\/div>\n<p><span class=\"back\" id=\"spanBackembeduDk7bgUU\"><\/span><\/div>\n<\/div>\n<div class=\"sc-a7166897-0 eoLsBE\" readability=\"6.5\">\n<section readability=\"3\"><picture><img alt=\"Con un doblete de Haaland, el Manchester City arranc\u00f3 con todo en la Premier\" loading=\"lazy\" width=\"290\" height=\"290\" decoding=\"async\" data-nimg=\"1\" src=\"http:\/\/hoycordobaweb.com\/wp-content\/uploads\/2025\/08\/el-show-de-lamine-yamal-en-el-debut-de-barcelona-5.jpg\"><\/picture>\n<p><span>Mir\u00e1 tambi\u00e9n<\/span><\/p>\n<hr>\n<h3>Con un doblete de Haaland, el Manchester City arranc\u00f3 con todo en la Premier<\/h3>\n<\/p>\n<\/section>\n<\/div>\n<div class=\"sc-a7166897-0 eoLsBE\" readability=\"6\">\n<section readability=\"2\"><picture><img alt=\"El impresionante mural del Wolverhampton para homenajear a Diogo Jota\" loading=\"lazy\" width=\"290\" height=\"290\" decoding=\"async\" data-nimg=\"1\" src=\"http:\/\/hoycordobaweb.com\/wp-content\/uploads\/2025\/08\/el-show-de-lamine-yamal-en-el-debut-de-barcelona-6.jpg\"><\/picture>\n<p><span>Mir\u00e1 tambi\u00e9n<\/span><\/p>\n<hr>\n<h3>El impresionante mural del Wolverhampton para homenajear a Diogo Jota<\/h3>\n<\/p>\n<\/section>\n<\/div>\n<div class=\"sc-a7166897-0 eoLsBE\" readability=\"6\">\n<section readability=\"2\"><picture><img alt=\"Goles gemelos: Richarlison y una pirueta a lo Qatar 2022\" loading=\"lazy\" width=\"290\" height=\"290\" decoding=\"async\" data-nimg=\"1\" src=\"http:\/\/hoycordobaweb.com\/wp-content\/uploads\/2025\/08\/el-show-de-lamine-yamal-en-el-debut-de-barcelona-7.jpg\"><\/picture>\n<p><span>Mir\u00e1 tambi\u00e9n<\/span><\/p>\n<hr>\n<h3>Goles gemelos: Richarlison y una pirueta a lo Qatar 2022<\/h3>\n<\/p>\n<\/section>\n<\/div>\n<\/div>\n","protected":false},"excerpt":{"rendered":"<p>16\/08\/2025 17:43hs. Primer partido oficial para Lamine Yamal con la 10 del Barcelona y, como ya acostumbra, estuvo a la altura. El crack de 18 a\u00f1os la rompe cada vez que juega y el debut de su equipo en LaLiga no fue la excepci\u00f3n. El Barsa arranc\u00f3 el torneo con una goleada por 3-0 ante [&hellip;]<\/p>\n","protected":false},"author":1,"featured_media":114201,"comment_status":"open","ping_status":"closed","sticky":false,"template":"","format":"standard","meta":[],"categories":[16],"tags":[],"_links":{"self":[{"href":"http:\/\/hoycordobaweb.com\/index.php\/wp-json\/wp\/v2\/posts\/114200"}],"collection":[{"href":"http:\/\/hoycordobaweb.com\/index.php\/wp-json\/wp\/v2\/posts"}],"about":[{"href":"http:\/\/hoycordobaweb.com\/index.php\/wp-json\/wp\/v2\/types\/post"}],"author":[{"embeddable":true,"href":"http:\/\/hoycordobaweb.com\/index.php\/wp-json\/wp\/v2\/users\/1"}],"replies":[{"embeddable":true,"href":"http:\/\/hoycordobaweb.com\/index.php\/wp-json\/wp\/v2\/comments?post=114200"}],"version-history":[{"count":0,"href":"http:\/\/hoycordobaweb.com\/index.php\/wp-json\/wp\/v2\/posts\/114200\/revisions"}],"wp:featuredmedia":[{"embeddable":true,"href":"http:\/\/hoycordobaweb.com\/index.php\/wp-json\/wp\/v2\/media\/114201"}],"wp:attachment":[{"href":"http:\/\/hoycordobaweb.com\/index.php\/wp-json\/wp\/v2\/media?parent=114200"}],"wp:term":[{"taxonomy":"category","embeddable":true,"href":"http:\/\/hoycordobaweb.com\/index.php\/wp-json\/wp\/v2\/categories?post=114200"},{"taxonomy":"post_tag","embeddable":true,"href":"http:\/\/hoycordobaweb.com\/index.php\/wp-json\/wp\/v2\/tags?post=114200"}],"curies":[{"name":"wp","href":"https:\/\/api.w.org\/{rel}","templated":true}]}}