{"id":114196,"date":"2025-08-17T00:23:30","date_gmt":"2025-08-17T00:23:30","guid":{"rendered":"https:\/\/www.ole.com.ar\/futbol-internacional\/jorge-almiron-colo-universidad-catolica-chile-pie-afuera-goleado-clasico_0_5PbCNKjI1Q.html"},"modified":"2025-08-17T00:23:30","modified_gmt":"2025-08-17T00:23:30","slug":"jorge-almiron-goleado-en-el-clasico-y-con-un-pie-y-medio-afuera-de-colo-colo","status":"publish","type":"post","link":"http:\/\/hoycordobaweb.com\/index.php\/2025\/08\/17\/jorge-almiron-goleado-en-el-clasico-y-con-un-pie-y-medio-afuera-de-colo-colo\/","title":{"rendered":"Jorge Almir\u00f3n: goleado en el cl\u00e1sico y con un pie y medio afuera de Colo Colo"},"content":{"rendered":"<p><img src=\"http:\/\/hoycordobaweb.com\/wp-content\/uploads\/2025\/08\/jorge-almiron-goleado-en-el-clasico-y-con-un-pie-y-medio-afuera-de-colo-colo.jpg\"><\/p>\n<p><time class=\"createDate\" datetime=\"2025-08-16T21:23:30-03:00\">16\/08\/2025 21:23hs.<\/time><\/p>\n<div id=\"storyBody\">\n<div class=\"custom-text \" readability=\"32.86553030303\">\n<p>El <strong><a href=\"https:\/\/www.ole.com.ar\/tema\/colo-colo.html\" title=\"colo colo\" alt=\"colo colo\" class=\"slug\">Colo Colo<\/a><\/strong> de <strong><a href=\"https:\/\/www.ole.com.ar\/tema\/jorge-almiron.html\" title=\"Jorge Almir\u00f3n\" alt=\"Jorge Almir\u00f3n\" class=\"slug\">Jorge Almir\u00f3n<\/a><\/strong> parece tener cada vez menos nafta y fue <strong>el entrenador argentino quien volvi\u00f3 a quedar en el ojo de la tormenta<\/strong>. Luego de la <a href=\"https:\/\/www.ole.com.ar\/futbol-internacional\/america\/jorge-almiron-colo-chile-clasicos-perdidos-mitad-tabla-futuro-incierto-liga-primera-chile-catolica_0_SlaT9Ve1h4.html\" target=\"_blank\" title=\"mala racha de los cl\u00e1sicos perdidos\" alt=\"mala racha de los cl\u00e1sicos perdidos\" rel=\"noopener noreferrer\">mala racha de los cl\u00e1sicos perdidos<\/a>, el equipo chileno gan\u00f3 un partido en el final del primer semestre -2 a 1 frente a La Serena- que esperanz\u00f3 a todos de cara a la segunda mitad del a\u00f1o. Sin embargo, el Cacique volvi\u00f3 a mostrar su peor cara tras las dos semanas de pretemporada: <strong>sigue con los malos resultados y qued\u00f3 fuera de la zona de clasificaci\u00f3n a las copas<\/strong>.<\/p>\n<\/div>\n<div class=\"custom-text \" readability=\"40.966216216216\">\n<p>Nuevamente en un cl\u00e1sico, Colo Colo volvi\u00f3 a jugar muy mal y <strong>fue goleado, de local y 4 a 1, por la <a href=\"https:\/\/www.ole.com.ar\/tema\/universidad-catolica.html\" title=\"Universidad Cat\u00f3lica\" alt=\"Universidad Cat\u00f3lica\" class=\"slug\">Universidad Cat\u00f3lica<\/a><\/strong>. As\u00ed, el equipo de Almir\u00f3n sigue sin poder sumar de a tres en este segundo semestre -empat\u00f3 tres y perdi\u00f3 uno- y descendi\u00f3 hasta la octava posici\u00f3n dentro de la Liga de Primera de Chile, lo que <strong>puso en la mira al ex DT de Boca, quien, seg\u00fan sostienen varios medios de chile, tiene las horas contadas en el Cacique<\/strong>.<\/p>\n<\/div>\n<div class=\"sc-e7b891c4-0 ifHnQL image-embed\"><img alt=\"El ex DT de Boca vive un mal presente en Chile (EFE).\" loading=\"lazy\" width=\"720\" height=\"100\" decoding=\"async\" data-nimg=\"1\" src=\"http:\/\/hoycordobaweb.com\/wp-content\/uploads\/2025\/08\/jorge-almiron-goleado-en-el-clasico-y-con-un-pie-y-medio-afuera-de-colo-colo-2.jpg\"><span class=\"epigraphe\">El ex DT de Boca vive un mal presente en Chile (EFE).<\/span><\/div>\n<p><h2><strong>Fuera de todas las competencias internacionales<\/strong><\/h2>\n<\/p>\n<div class=\"custom-text \" readability=\"37.461716937355\">\n<p>A este flojo nivel en el plano local -actualmente se encuentra a 17 puntos de Coquimbo Unido, el puntero del torneo-, el equipo de Santiago de Chile le suma un <strong>p\u00e9simo presente en el \u00e1mbito internacional<\/strong>: fue eliminado de la <strong><a href=\"https:\/\/www.ole.com.ar\/tema\/copa-libertadores.html\" title=\"Copa Libertadores\" alt=\"Copa Libertadores\" class=\"slug\">Copa Libertadores<\/a><\/strong> -sali\u00f3 \u00faltimo en el grupo de la CL con cinco puntos cosechados en seis fechas- y, al haber quedado en la \u00faltima posici\u00f3n, tampoco pudo decir presente en los 16avos de la Sudamericana.<\/p>\n<\/div>\n<div class=\"sc-e7b891c4-0 ifHnQL image-embed\"><img alt=\"Colo Colo vive un muy mal momento futbol\u00edstico (EFE).\" loading=\"lazy\" width=\"720\" height=\"100\" decoding=\"async\" data-nimg=\"1\" src=\"http:\/\/hoycordobaweb.com\/wp-content\/uploads\/2025\/08\/jorge-almiron-goleado-en-el-clasico-y-con-un-pie-y-medio-afuera-de-colo-colo-3.jpg\"><span class=\"epigraphe\">Colo Colo vive un muy mal momento futbol\u00edstico (EFE).<\/span><\/div>\n<div class=\"custom-text \" readability=\"42\">\n<p>Como si esto fuera poco, el equipo <strong>tambi\u00e9n fue eliminado en la Copa Chile<\/strong>, torneo en el que perdi\u00f3 de forma prematura en la fase inicial: fue tercero en un grupo de cuatro, el cual estaba compuesto por Deportes Limache, Wanderers y San Felipe. En total, el Cacique logr\u00f3 ocho puntos, producto de dos victorias, dos empates y dos derrotas.<\/p>\n<\/div>\n<div class=\"sc-a7166897-0 eoLsBE\" readability=\"6.5\">\n<section readability=\"3\"><picture><img alt=\"El arquero del Brasileirao que igual\u00f3 a Shilton como el futbolista con m\u00e1s partidos disputados en la historia\" loading=\"lazy\" width=\"290\" height=\"290\" decoding=\"async\" data-nimg=\"1\" src=\"http:\/\/hoycordobaweb.com\/wp-content\/uploads\/2025\/08\/jorge-almiron-goleado-en-el-clasico-y-con-un-pie-y-medio-afuera-de-colo-colo-4.jpg\"><\/picture>\n<p><span>Mir\u00e1 tambi\u00e9n<\/span><\/p>\n<hr>\n<h3>El arquero del Brasileirao que igual\u00f3 a Shilton como el futbolista con m\u00e1s partidos disputados en la historia<\/h3>\n<\/p>\n<\/section>\n<\/div>\n<div class=\"sc-a7166897-0 eoLsBE\" readability=\"6\">\n<section readability=\"2\"><picture><img alt=\"En el descuento: el primer gol argentino en la LaLiga 25\/26\" loading=\"lazy\" width=\"290\" height=\"290\" decoding=\"async\" data-nimg=\"1\" src=\"http:\/\/hoycordobaweb.com\/wp-content\/uploads\/2025\/08\/jorge-almiron-goleado-en-el-clasico-y-con-un-pie-y-medio-afuera-de-colo-colo-5.jpg\"><\/picture>\n<p><span>Mir\u00e1 tambi\u00e9n<\/span><\/p>\n<hr>\n<h3>En el descuento: el primer gol argentino en la LaLiga 25\/26<\/h3>\n<\/p>\n<\/section>\n<\/div>\n<div class=\"sc-a7166897-0 eoLsBE\" readability=\"6\">\n<section readability=\"2\"><picture><img alt=\"El show de Lamine Yamal en el debut de Barcelona\" loading=\"lazy\" width=\"290\" height=\"290\" decoding=\"async\" data-nimg=\"1\" src=\"http:\/\/hoycordobaweb.com\/wp-content\/uploads\/2025\/08\/jorge-almiron-goleado-en-el-clasico-y-con-un-pie-y-medio-afuera-de-colo-colo-6.jpg\"><\/picture>\n<p><span>Mir\u00e1 tambi\u00e9n<\/span><\/p>\n<hr>\n<h3>El show de Lamine Yamal en el debut de Barcelona<\/h3>\n<\/p>\n<\/section>\n<\/div>\n<\/div>\n","protected":false},"excerpt":{"rendered":"<p>16\/08\/2025 21:23hs. El Colo Colo de Jorge Almir\u00f3n parece tener cada vez menos nafta y fue el entrenador argentino quien volvi\u00f3 a quedar en el ojo de la tormenta. Luego de la mala racha de los cl\u00e1sicos perdidos, el equipo chileno gan\u00f3 un partido en el final del primer semestre -2 a 1 frente a [&hellip;]<\/p>\n","protected":false},"author":1,"featured_media":114197,"comment_status":"open","ping_status":"closed","sticky":false,"template":"","format":"standard","meta":[],"categories":[16],"tags":[],"_links":{"self":[{"href":"http:\/\/hoycordobaweb.com\/index.php\/wp-json\/wp\/v2\/posts\/114196"}],"collection":[{"href":"http:\/\/hoycordobaweb.com\/index.php\/wp-json\/wp\/v2\/posts"}],"about":[{"href":"http:\/\/hoycordobaweb.com\/index.php\/wp-json\/wp\/v2\/types\/post"}],"author":[{"embeddable":true,"href":"http:\/\/hoycordobaweb.com\/index.php\/wp-json\/wp\/v2\/users\/1"}],"replies":[{"embeddable":true,"href":"http:\/\/hoycordobaweb.com\/index.php\/wp-json\/wp\/v2\/comments?post=114196"}],"version-history":[{"count":0,"href":"http:\/\/hoycordobaweb.com\/index.php\/wp-json\/wp\/v2\/posts\/114196\/revisions"}],"wp:featuredmedia":[{"embeddable":true,"href":"http:\/\/hoycordobaweb.com\/index.php\/wp-json\/wp\/v2\/media\/114197"}],"wp:attachment":[{"href":"http:\/\/hoycordobaweb.com\/index.php\/wp-json\/wp\/v2\/media?parent=114196"}],"wp:term":[{"taxonomy":"category","embeddable":true,"href":"http:\/\/hoycordobaweb.com\/index.php\/wp-json\/wp\/v2\/categories?post=114196"},{"taxonomy":"post_tag","embeddable":true,"href":"http:\/\/hoycordobaweb.com\/index.php\/wp-json\/wp\/v2\/tags?post=114196"}],"curies":[{"name":"wp","href":"https:\/\/api.w.org\/{rel}","templated":true}]}}