{"id":11410,"date":"2021-01-30T18:04:14","date_gmt":"2021-01-30T18:04:14","guid":{"rendered":"http:\/\/ladecimaweb.com\/?p=8096"},"modified":"2021-02-01T20:38:14","modified_gmt":"2021-02-01T20:38:14","slug":"el-gobierno-publico-el-decreto-de-extension-del-dispo-y-prioriza-el-retorno-a-clases-presenciales","status":"publish","type":"post","link":"http:\/\/hoycordobaweb.com\/index.php\/2021\/01\/30\/el-gobierno-publico-el-decreto-de-extension-del-dispo-y-prioriza-el-retorno-a-clases-presenciales\/","title":{"rendered":"El Gobierno public\u00f3 el decreto de extensi\u00f3n del Dispo y prioriza el retorno a clases presenciales"},"content":{"rendered":"<p><em>(Agencia T\u00e9lam)<\/em> El Gobierno public\u00f3 el decreto que extiende en todo el pa\u00eds del Distanciamiento Social, Preventivo y Obligatorio (Dispo) por la pandemia del coronavirus, desde el 1\u00ba de febrero y hasta el 28 del mismo mes, y se priorizar\u00e1 el retorno de las clases presenciales en todas las provincias.<\/p>\n<p>El decreto 67\/2021, en su art\u00edculo 24\u00b0, establece que podr\u00e1n reanudarse las clases presenciales y las actividades educativas no escolares presenciales de acuerdo a los par\u00e1metros de evaluaci\u00f3n, estratificaci\u00f3n y determinaci\u00f3n del nivel de riesgo epidemiol\u00f3gico.<\/p>\n<p>En todos los casos se deber\u00e1 actuar de acuerdo a los protocolos debidamente aprobados por las autoridades correspondientes.<\/p>\n<p>La reanudaci\u00f3n en cada jurisdicci\u00f3n ser\u00e1 decidida por las autoridades provinciales y de la Ciudad Aut\u00f3noma de Buenos Aires, seg\u00fan corresponda, quienes podr\u00e1n suspender las actividades y reiniciarlas conforme la evoluci\u00f3n de la situaci\u00f3n epidemiol\u00f3gica.<\/p>\n<p>En aquellos casos en que resulte necesario disminuir la circulaci\u00f3n de personas a fin de mitigar la propagaci\u00f3n del virus, se deber\u00e1n implementar pol\u00edticas sanitarias que prioricen el funcionamiento de los establecimientos educativos con modalidades presenciales.<\/p>\n<p>El personal directivo, docente y no docente y los alumnos -y su acompa\u00f1ante en su caso-, que asistan a clases presenciales y a actividades educativas no escolares presenciales que se hubieran reanudado, quedan exceptuados de la prohibici\u00f3n del uso del servicio p\u00fablico de transporte de pasajeros urbano, interurbano e interjurisdiccional, seg\u00fan corresponda y a este solo efecto.<\/p>\n<div class=\"ubm_banner\"><a href=\"https:\/\/www.cba.gov.ar\/\" target=\"_blank\" rel=\"dofollow noopener noreferrer\"><img src=\"http:\/\/hoycordobaweb.com\/wp-content\/uploads\/2021\/01\/el-gobierno-publico-el-decreto-de-extension-del-dispo-y-prioriza-el-retorno-a-clases-presenciales.gif\" alt=\"\"><\/a><\/div>\n<p>La entrada <a rel=\"nofollow\" href=\"https:\/\/ladecimaweb.com\/el-gobierno-publico-el-decreto-de-extension-del-dispo-y-prioriza-el-retorno-a-clases-presenciales\/\">El Gobierno public\u00f3 el decreto de extensi\u00f3n del Dispo y prioriza el retorno a clases presenciales<\/a> se public\u00f3 primero en <a rel=\"nofollow\" href=\"https:\/\/ladecimaweb.com\">LaDecima<\/a>.<\/p>\n","protected":false},"excerpt":{"rendered":"<p>(Agencia T\u00e9lam) El Gobierno public\u00f3 el decreto que extiende en todo el pa\u00eds del Distanciamiento Social, Preventivo y Obligatorio (Dispo) por la pandemia del coronavirus, desde el 1\u00ba de febrero y hasta el 28 del mismo mes, y se priorizar\u00e1 el retorno de las clases presenciales en todas las provincias. El decreto 67\/2021, en su [&hellip;]<\/p>\n","protected":false},"author":1,"featured_media":11025,"comment_status":"closed","ping_status":"closed","sticky":false,"template":"","format":"standard","meta":[],"categories":[19],"tags":[],"_links":{"self":[{"href":"http:\/\/hoycordobaweb.com\/index.php\/wp-json\/wp\/v2\/posts\/11410"}],"collection":[{"href":"http:\/\/hoycordobaweb.com\/index.php\/wp-json\/wp\/v2\/posts"}],"about":[{"href":"http:\/\/hoycordobaweb.com\/index.php\/wp-json\/wp\/v2\/types\/post"}],"author":[{"embeddable":true,"href":"http:\/\/hoycordobaweb.com\/index.php\/wp-json\/wp\/v2\/users\/1"}],"replies":[{"embeddable":true,"href":"http:\/\/hoycordobaweb.com\/index.php\/wp-json\/wp\/v2\/comments?post=11410"}],"version-history":[{"count":1,"href":"http:\/\/hoycordobaweb.com\/index.php\/wp-json\/wp\/v2\/posts\/11410\/revisions"}],"predecessor-version":[{"id":11563,"href":"http:\/\/hoycordobaweb.com\/index.php\/wp-json\/wp\/v2\/posts\/11410\/revisions\/11563"}],"wp:featuredmedia":[{"embeddable":true,"href":"http:\/\/hoycordobaweb.com\/index.php\/wp-json\/wp\/v2\/media\/11025"}],"wp:attachment":[{"href":"http:\/\/hoycordobaweb.com\/index.php\/wp-json\/wp\/v2\/media?parent=11410"}],"wp:term":[{"taxonomy":"category","embeddable":true,"href":"http:\/\/hoycordobaweb.com\/index.php\/wp-json\/wp\/v2\/categories?post=11410"},{"taxonomy":"post_tag","embeddable":true,"href":"http:\/\/hoycordobaweb.com\/index.php\/wp-json\/wp\/v2\/tags?post=11410"}],"curies":[{"name":"wp","href":"https:\/\/api.w.org\/{rel}","templated":true}]}}