{"id":114015,"date":"2025-08-15T01:44:45","date_gmt":"2025-08-15T01:44:45","guid":{"rendered":"https:\/\/www.ole.com.ar\/futbol-internacional\/lamela-retiro-futbol-despedida_0_c9IsmknwQB.html"},"modified":"2025-08-15T01:44:45","modified_gmt":"2025-08-15T01:44:45","slug":"duro-testimonio-de-lamela-en-su-despedida-del-futbol","status":"publish","type":"post","link":"http:\/\/hoycordobaweb.com\/index.php\/2025\/08\/15\/duro-testimonio-de-lamela-en-su-despedida-del-futbol\/","title":{"rendered":"Duro testimonio de Lamela en su despedida del f\u00fatbol"},"content":{"rendered":"<p><img src=\"http:\/\/hoycordobaweb.com\/wp-content\/uploads\/2025\/08\/duro-testimonio-de-lamela-en-su-despedida-del-futbol.jpg\"><\/p>\n<p><time class=\"createDate\" datetime=\"2025-08-14T22:44:45-03:00\">14\/08\/2025 22:44hs.<\/time><\/p>\n<div id=\"storyBody\">\n<div class=\"custom-text \" readability=\"35.948051948052\">\n<p><strong><a href=\"https:\/\/www.ole.com.ar\/tema\/erik-lamela.html\" title=\"Erik Lamela\" alt=\"Erik Lamela\" class=\"slug\">Erik Lamela<\/a> poste\u00f3 un mensaje en el anuncio de<\/strong> <a href=\"https:\/\/www.ole.com.ar\/futbol-internacional\/erik-lamela-rescindio-contrato-aek-anunciaria-retiro_0_cKsV6fuNvo.html\" target=\"_self\" title=\"su despedida del f\u00fatbol,\" alt=\"su despedida del f\u00fatbol,\" rel=\"noopener noreferrer\">su despedida del f\u00fatbol,<\/a> determinaci\u00f3n que se hizo p\u00fablica poco despu\u00e9s de rescindir su contrato con el <a href=\"https:\/\/www.ole.com.ar\/tema\/aek-atenas.html\" title=\"AEK Atenas\" alt=\"AEK Atenas\" class=\"slug\">AEK<\/a> de Atenas. En el texto, revela datos que no se conoc\u00edan p\u00fablicamente, <strong>como que a los 25 a\u00f1os estuvo cerca de abandonar la actividad, tras haber sido operado de las dos caderas, y que tomaba pastillas antes de cada partido.<\/strong><\/p>\n<\/div>\n<div class=\"custom-text \" readability=\"38.441558441558\">\n<p>Relat\u00f3 que debi\u00f3 someterse a \u00abinfinitas inyecciones\u00bb y tratamientos para poder extender su carrera. Tambi\u00e9n, le agradeci\u00f3 a <strong><a href=\"https:\/\/www.ole.com.ar\/tema\/matias-almeyda.html\" title=\"Mat\u00edas Almeyda\" alt=\"Mat\u00edas Almeyda\" class=\"slug\">Mat\u00edas Almeyda<\/a><\/strong>, quien hab\u00eda sido su \u00faltimo entrenador en el equipo griego. Precisamente, Erik (33 a\u00f1os) seguir\u00eda ligado al f\u00fatbol junto al Pelado, como ayudante de campo del Sevilla. De todas maneras, este dato todav\u00eda no fue confirmado oficialmente.<\/p>\n<\/div>\n<div class=\"sc-e7b891c4-0 ifHnQL image-embed\"><img alt=\"Erik Lamela en el AEK.\" loading=\"lazy\" width=\"720\" height=\"100\" decoding=\"async\" data-nimg=\"1\" src=\"http:\/\/hoycordobaweb.com\/wp-content\/uploads\/2025\/08\/duro-testimonio-de-lamela-en-su-despedida-del-futbol-2.jpg\"><span class=\"epigraphe\">Erik Lamela en el AEK.<\/span><\/div>\n<p><h2><strong>El texto de Lamela<\/strong><\/h2>\n<\/p>\n<div class=\"custom-text \" readability=\"36\">\n<p>Hola a todos. Les quiero contar que tom\u00e9 la decisi\u00f3n de terminar con mi carrera profesional, es una decisi\u00f3n que la pens\u00e9 mucho tiempo y, bueno, finalmente lleg\u00f3 la hora.<\/p>\n<\/div>\n<div class=\"custom-text \" readability=\"37\">\n<p>Para los que no saben tengo problemas en las caderas, hace 11 a\u00f1os que comenzaron y en el 2017 fui operado de ambas, siendo la izquierda la m\u00e1s afectada. <strong>Fue un a\u00f1o dif\u00edcil, ten\u00eda mucho miedo&#8230; pens\u00e9 que pod\u00eda ser el final de mi carrera y ten\u00eda 25 a\u00f1os.<\/strong><\/p>\n<\/div>\n<div class=\"custom-text \" readability=\"32\">\n<p>Luego de que salieran bien las operaciones <strong>me dieron cuatro a\u00f1os m\u00e1s de carrera<\/strong>.<\/p>\n<\/div>\n<div class=\"custom-text \" readability=\"38\">\n<p>Me dijeron que con el tiempo iba a volver a empeorar y eso es lo que estoy viviendo ahora. Con mucho sacrificio, pasando horas con fisios, fortaleciendo en el gimnasio, infinitas inyecciones y tratamientos, logr\u00e9 jugar m\u00e1s del doble.<\/p>\n<\/div>\n<div class=\"custom-text \" readability=\"35\">\n<p>Eso s\u00ed, fue un esfuerzo que solo los que estuvieron cerca lo saben realmente. Nada fue f\u00e1cil. Tener dolor, jugar y entrenar con molestias pas\u00f3 a ser algo normal en mi d\u00eda a d\u00eda.<\/p>\n<\/div>\n<div class=\"custom-text \" readability=\"35\">\n<p><strong>Hace cinco a\u00f1os que tomo pastillas antes de cada partido <\/strong>para poder competir en mejores condiciones, empezando con la menor dosis y este \u00faltimo tiempo tomando el m\u00e1ximo ya dos d\u00edas antes del partido para poder estar.<\/p>\n<\/div>\n<div class=\"custom-text \" readability=\"33\">\n<p>Hoy decido ponerle fin a todo esto, hoy se termina todo este esfuerzo.<\/p>\n<\/div>\n<div class=\"custom-text \" readability=\"31.52427184466\">\n<p>Este a\u00f1o fue muy dif\u00edcil para m\u00ed ir a cada partido entren\u00e1ndome en la bicicleta y en el gimnasio. Aprovecho para agradecer en p\u00fablico a <strong><a href=\"https:\/\/www.ole.com.ar\/tema\/matias-almeyda.html\" title=\"Mat\u00edas Almeyda\" alt=\"Mat\u00edas Almeyda\" class=\"slug\">Mat\u00edas Almeyda<\/a><\/strong> por permitirlo y a mis compa\u00f1eros por aceptarlo.<\/p>\n<\/div>\n<div class=\"custom-text \" readability=\"35\">\n<p>Este a\u00f1o cambiaron las cosas,<strong> no aceptaron mi manera de entrenar y lo entiendo perfectamente<\/strong>, por eso mi acuerdo mutuo con el club para terminar de la mejor manera.<\/p>\n<\/div>\n<div class=\"custom-text \" readability=\"34\">\n<p>De esta manera esto se termina, tengo la tranquilidad de haber ido hasta el final y de no haberme guardado nada.<\/p>\n<\/div>\n<div class=\"custom-text \" readability=\"35\">\n<p>Gracias al f\u00fatbol conoc\u00ed lo que es subirse a un avi\u00f3n. Conoc\u00ed distintos pa\u00edses, culturas, religiones&#8230; conoc\u00ed lugares y viv\u00ed momentos que jam\u00e1s hubiese imaginado.<\/p>\n<\/div>\n<div class=\"custom-text \" readability=\"36\">\n<p>Quiero agradecer a todos los clubes donde jugu\u00e9 por haber confiado en m\u00ed y abrirme las puertas de sus pa\u00edses.<strong> A River que fue el que me form\u00f3 d\u00e1ndome desde la comida hasta una escuela<\/strong>, no me olvido de nada, tengo memoria de quienes me ayudaron.<\/p>\n<\/div>\n<div class=\"custom-text \" readability=\"40\">\n<p>Nada de todo lo que logr\u00e9 hubiese sido posible sin ustedes. Agradezco a todos los trabajadores que se cruzaron por mi camino, a mis ex compa\u00f1eros y entrenadores, fisios, a toda mi familia, a mi agente Pablo Sabbag por haberme acompa\u00f1ado toda mi carrera, a mis padres por estar siempre y por haberme llevado a cada partido y entrenamiento cada vez que pod\u00edan para que pudiera llegar a primera.<\/p>\n<\/div>\n<div class=\"custom-text \" readability=\"34\">\n<p>A mi mujer incondicional <strong>por haber estado durmiendo a mi lado en la cama del hospital, incluso en mis peores momentos&#8230; <\/strong>por haberme ayudado d\u00eda a d\u00eda este \u00faltimo tiempo.<\/p>\n<\/div>\n<div class=\"custom-text \" readability=\"35\">\n<p>A mis hijos, que son mis fans n\u00famero 1, que fueron mis fuerzas y energ\u00eda para seguir adelante. Los amo.<\/p>\n<\/div>\n<div class=\"custom-text \" readability=\"33\">\n<p>Se termina este viaje que lo disfrut\u00e9 muchas veces y otras no tanto pero sin duda que el f\u00fatbol me ense\u00f1\u00f3 a ser una persona m\u00e1s fuerte y a no bajar los brazos nunca.<\/p>\n<\/div>\n<div class=\"custom-text \" readability=\"38\">\n<p>Una parte de m\u00ed est\u00e1 triste porque ya no voy a jugar m\u00e1s profesionalmente. Salir a la cancha, levantar la cabeza y ver a la gente, festejar un gol, disputar una pelota&#8230; es una adrenalina que dif\u00edcilmente la vuelva a encontrar en mi cuerpo. Dejar lo que me apasiona y lo que hice durante casi toda mi vida.<\/p>\n<\/div>\n<div class=\"custom-text \" readability=\"35\">\n<p><strong>Otra parte de m\u00ed siente alivio<\/strong>, hoy me quito esa mochila tan pesada que significa tener que estar cada partido sin importar en las condiciones que est\u00e9. De tener que estar concentrado con dolor y saber que un estadio lleno me espera para exigirme en cada pelota.<\/p>\n<\/div>\n<div class=\"custom-text \" readability=\"33\">\n<p>Me acostumbr\u00e9 a eso, pero <strong>a partir de hoy cuidar\u00e9 de mi salud.<\/strong><\/p>\n<\/div>\n<div class=\"custom-text \" readability=\"34\">\n<p>Estoy orgulloso de c\u00f3mo termin\u00e9 esta temporada, compitiendo y marcando goles en partidos importantes a pesar de todo.<\/p>\n<\/div>\n<div class=\"custom-text \" readability=\"32\">\n<p>Son recuerdos que estar\u00e1n por siempre en mi coraz\u00f3n y en mi cabeza.<\/p>\n<\/div>\n<div class=\"custom-text \" readability=\"33\">\n<p>Gracias f\u00fatbol por todo lo que me regalaste y por supuesto gracias a toda la gente que me apoy\u00f3 todo este tiempo y sobre todo a los que disfrutaron vi\u00e9ndome jugar!<\/p>\n<\/div>\n<div class=\"custom-text \" readability=\"37\">\n<p>Gracias River Plate, Roma, Tottenham Hotspur, Sevilla y AEK, tendr\u00e1n por siempre un lugar en mi coraz\u00f3n<\/p>\n<\/div>\n<div class=\"sc-e7b891c4-0 ifHnQL image-embed\"><img alt=\"Erik Lamela en el AEK.\" loading=\"lazy\" width=\"720\" height=\"100\" decoding=\"async\" data-nimg=\"1\" src=\"http:\/\/hoycordobaweb.com\/wp-content\/uploads\/2025\/08\/duro-testimonio-de-lamela-en-su-despedida-del-futbol-3.jpg\"><span class=\"epigraphe\">Erik Lamela en el AEK.<\/span><\/div>\n<div class=\"sc-e7b891c4-0 ifHnQL image-embed\"><img alt=\"Erik Lamela en el Sevilla (EFE).\" loading=\"lazy\" width=\"720\" height=\"100\" decoding=\"async\" data-nimg=\"1\" src=\"http:\/\/hoycordobaweb.com\/wp-content\/uploads\/2025\/08\/duro-testimonio-de-lamela-en-su-despedida-del-futbol-4.jpg\"><span class=\"epigraphe\">Erik Lamela en el Sevilla (EFE).<\/span><\/div>\n<div class=\"sc-a7166897-0 eoLsBE\" readability=\"6.5\">\n<section readability=\"3\"><picture><img alt=\"Central C\u00f3rdoba le gan\u00f3 a Lan\u00fas y sac\u00f3 ventaja en la ida de los octavos de final de la Copa Sudamericana\" loading=\"lazy\" width=\"290\" height=\"290\" decoding=\"async\" data-nimg=\"1\" src=\"http:\/\/hoycordobaweb.com\/wp-content\/uploads\/2025\/08\/duro-testimonio-de-lamela-en-su-despedida-del-futbol-5.jpg\"><\/picture>\n<p><span>Mir\u00e1 tambi\u00e9n<\/span><\/p>\n<hr>\n<h3>Central C\u00f3rdoba le gan\u00f3 a Lan\u00fas y sac\u00f3 ventaja en la ida de los octavos de final de la Copa Sudamericana<\/h3>\n<\/p>\n<\/section>\n<\/div>\n<div class=\"sc-a7166897-0 eoLsBE\" readability=\"6\">\n<section readability=\"2\"><picture><img alt=\"Palmeiras gole\u00f3 4-0 a Universitario y se afirma como candidato\" loading=\"lazy\" width=\"290\" height=\"290\" decoding=\"async\" data-nimg=\"1\" src=\"http:\/\/hoycordobaweb.com\/wp-content\/uploads\/2025\/08\/duro-testimonio-de-lamela-en-su-despedida-del-futbol-6.jpg\"><\/picture>\n<p><span>Mir\u00e1 tambi\u00e9n<\/span><\/p>\n<hr>\n<h3>Palmeiras gole\u00f3 4-0 a Universitario y se afirma como candidato<\/h3>\n<\/p>\n<\/section>\n<\/div>\n<\/div>\n","protected":false},"excerpt":{"rendered":"<p>14\/08\/2025 22:44hs. Erik Lamela poste\u00f3 un mensaje en el anuncio de su despedida del f\u00fatbol, determinaci\u00f3n que se hizo p\u00fablica poco despu\u00e9s de rescindir su contrato con el AEK de Atenas. En el texto, revela datos que no se conoc\u00edan p\u00fablicamente, como que a los 25 a\u00f1os estuvo cerca de abandonar la actividad, tras haber [&hellip;]<\/p>\n","protected":false},"author":1,"featured_media":114016,"comment_status":"open","ping_status":"closed","sticky":false,"template":"","format":"standard","meta":[],"categories":[16],"tags":[],"_links":{"self":[{"href":"http:\/\/hoycordobaweb.com\/index.php\/wp-json\/wp\/v2\/posts\/114015"}],"collection":[{"href":"http:\/\/hoycordobaweb.com\/index.php\/wp-json\/wp\/v2\/posts"}],"about":[{"href":"http:\/\/hoycordobaweb.com\/index.php\/wp-json\/wp\/v2\/types\/post"}],"author":[{"embeddable":true,"href":"http:\/\/hoycordobaweb.com\/index.php\/wp-json\/wp\/v2\/users\/1"}],"replies":[{"embeddable":true,"href":"http:\/\/hoycordobaweb.com\/index.php\/wp-json\/wp\/v2\/comments?post=114015"}],"version-history":[{"count":0,"href":"http:\/\/hoycordobaweb.com\/index.php\/wp-json\/wp\/v2\/posts\/114015\/revisions"}],"wp:featuredmedia":[{"embeddable":true,"href":"http:\/\/hoycordobaweb.com\/index.php\/wp-json\/wp\/v2\/media\/114016"}],"wp:attachment":[{"href":"http:\/\/hoycordobaweb.com\/index.php\/wp-json\/wp\/v2\/media?parent=114015"}],"wp:term":[{"taxonomy":"category","embeddable":true,"href":"http:\/\/hoycordobaweb.com\/index.php\/wp-json\/wp\/v2\/categories?post=114015"},{"taxonomy":"post_tag","embeddable":true,"href":"http:\/\/hoycordobaweb.com\/index.php\/wp-json\/wp\/v2\/tags?post=114015"}],"curies":[{"name":"wp","href":"https:\/\/api.w.org\/{rel}","templated":true}]}}