{"id":113934,"date":"2025-08-14T19:20:56","date_gmt":"2025-08-14T19:20:56","guid":{"rendered":"http:\/\/hoycordobaweb.com\/index.php\/2025\/08\/14\/regalias-de-yacyreta-el-intendente-de-villa-olivari-acusa-al-gobierno-de-valdes-de-discriminar-al-municipio\/"},"modified":"2025-08-14T19:20:56","modified_gmt":"2025-08-14T19:20:56","slug":"regalias-de-yacyreta-el-intendente-de-villa-olivari-acusa-al-gobierno-de-valdes-de-discriminar-al-municipio","status":"publish","type":"post","link":"http:\/\/hoycordobaweb.com\/index.php\/2025\/08\/14\/regalias-de-yacyreta-el-intendente-de-villa-olivari-acusa-al-gobierno-de-valdes-de-discriminar-al-municipio\/","title":{"rendered":"Regal\u00edas de Yacyret\u00e1: el intendente de Villa Olivari acusa al gobierno de Vald\u00e9s de \u00abdiscriminar\u00bb al municipio"},"content":{"rendered":"<div class=\"media_block\"><\/div>\n<div><img src=\"http:\/\/hoycordobaweb.com\/wp-content\/uploads\/2025\/08\/regalias-de-yacyreta-el-intendente-de-villa-olivari-acusa-al-gobierno-de-valdes-de-discriminar-al-municipio.jpg\" class=\"ff-og-image-inserted\"><\/div>\n<p>Un nuevo conflicto pol\u00edtico se desat\u00f3 en la provincia de <strong>Corrientes<\/strong>, esta vez por el reparto de las regal\u00edas de la represa de <strong>Yacyret\u00e1<\/strong>. El intendente de <strong>Villa Olivari<\/strong>, <strong>Alberto Antonio Yavorski<\/strong>, desminit\u00f3 al gobierno provincial que en un comunicado oficial asegur\u00f3 que hab\u00edan firmado un convenio con su municipio para la transferencia de las regal\u00edas.<\/p>\n<p>El jefe comunal acus\u00f3 al gobierno de <strong>Gustavo Vald\u00e9s<\/strong> de \u00abdiscriminaci\u00f3n\u00bb por haberlo excluido de la firma de un acuerdo que, por ley, le corresponde a su localidad.<\/p>\n<p>El pasado 24 de junio, el gobierno provincial comunic\u00f3 que hab\u00eda llegado a un acuerdo con los municipios de <strong>Isla Apip\u00e9, Ituzaing\u00f3 y Villa Olivari.<\/strong><\/p>\n<p class=\"destacadoNota\"><a target=\"_blank\" href=\"https:\/\/www.perfil.com\/noticias\/nea\/historico-acuerdo-en-corrientes-municipios-recibiran-millonarios-montos-por-regalias-de-yacyreta.phtml\" rel=\"noopener noreferrer\"><strong>Hist\u00f3rico acuerdo en Corrientes: municipios recibir\u00e1n millonarios montos por regal\u00edas de Yacyret\u00e1<\/strong><\/a><\/p>\n<p>Sin embargo, Yavorski neg\u00f3 el acuerdo y explic\u00f3 que la falta de transferencia de los fondos los oblig\u00f3 a presentar un recurso de amparo judicial en 2023, en el cual la Justicia le dio la raz\u00f3n y orden\u00f3 al Ministerio de Hacienda realizar las transferencias correspondientes.<\/p>\n<h2><strong>Denuncia de \u00abdiscriminaci\u00f3n\u00bb y el incumplimiento de la Ley<\/strong><\/h2>\n<p>El conflicto se agudiz\u00f3 el 24 de junio cuando el gobernador <strong>Gustavo Vald\u00e9s<\/strong> firm\u00f3 los convenios con los intendentes de Ituzaing\u00f3 e Isla Apip\u00e9, dejando a <strong>Villa Olivari<\/strong> fuera del acuerdo. \u00abNo fuimos convocados por el gobierno provincial a la reuni\u00f3n para firmar el convenio de las regal\u00edas, que por ley corresponden al municipio de Villa Olivari\u00bb, afirm\u00f3 <strong>Alberto Yavorski<\/strong>.<\/p>\n<p>El intendente lament\u00f3 que el gobierno de <strong>Corrientes<\/strong> \u00abdiscrimine a Villa Olivari, incumpliendo una ley provincial que establece que debemos percibir el 3% de dichas regal\u00edas\u00bb.<\/p>\n<p>La situaci\u00f3n genera una fuerte preocupaci\u00f3n en la comunidad local, que ve c\u00f3mo un recurso que podr\u00eda ser destinado a obras, salud y educaci\u00f3n, queda en un limbo de disputa pol\u00edtica.<\/p>\n<h2><strong>La disputa por las regal\u00edas de Yacyret\u00e1 deja al descubierto un conflicto pol\u00edtico en Corrientes<\/strong><\/h2>\n<p>La denuncia del intendente de <strong>Villa Olivari<\/strong> pone de manifiesto la tensi\u00f3n pol\u00edtica que existe en la provincia de <strong>Corrientes<\/strong>. El conflicto por las regal\u00edas de <strong>Yacyret\u00e1<\/strong> trasciende la cuesti\u00f3n econ\u00f3mica y se convierte en un debate sobre el federalismo, la transparencia y la discriminaci\u00f3n pol\u00edtica.<\/p>\n<p>La exclusi\u00f3n del municipio del convenio y la acusaci\u00f3n de incumplimiento de la ley, respaldada por una orden judicial, deja al descubierto una disputa que afecta directamente el desarrollo de la localidad.<\/p>\n<p>La situaci\u00f3n subraya la necesidad de que el gobierno provincial garantice el cumplimiento de la normativa para que los recursos lleguen a todas las comunidades.<\/p>\n<div class=\"article__tags\">\n<p>En esta Nota<\/p>\n<\/p><\/div>\n","protected":false},"excerpt":{"rendered":"<p>Un nuevo conflicto pol\u00edtico se desat\u00f3 en la provincia de Corrientes, esta vez por el reparto de las regal\u00edas de la represa de Yacyret\u00e1. El intendente de Villa Olivari, Alberto Antonio Yavorski, desminit\u00f3 al gobierno provincial que en un comunicado oficial asegur\u00f3 que hab\u00edan firmado un convenio con su municipio para la transferencia de las [&hellip;]<\/p>\n","protected":false},"author":1,"featured_media":113935,"comment_status":"closed","ping_status":"closed","sticky":false,"template":"","format":"standard","meta":[],"categories":[19],"tags":[322,1797,1799,1798],"_links":{"self":[{"href":"http:\/\/hoycordobaweb.com\/index.php\/wp-json\/wp\/v2\/posts\/113934"}],"collection":[{"href":"http:\/\/hoycordobaweb.com\/index.php\/wp-json\/wp\/v2\/posts"}],"about":[{"href":"http:\/\/hoycordobaweb.com\/index.php\/wp-json\/wp\/v2\/types\/post"}],"author":[{"embeddable":true,"href":"http:\/\/hoycordobaweb.com\/index.php\/wp-json\/wp\/v2\/users\/1"}],"replies":[{"embeddable":true,"href":"http:\/\/hoycordobaweb.com\/index.php\/wp-json\/wp\/v2\/comments?post=113934"}],"version-history":[{"count":0,"href":"http:\/\/hoycordobaweb.com\/index.php\/wp-json\/wp\/v2\/posts\/113934\/revisions"}],"wp:featuredmedia":[{"embeddable":true,"href":"http:\/\/hoycordobaweb.com\/index.php\/wp-json\/wp\/v2\/media\/113935"}],"wp:attachment":[{"href":"http:\/\/hoycordobaweb.com\/index.php\/wp-json\/wp\/v2\/media?parent=113934"}],"wp:term":[{"taxonomy":"category","embeddable":true,"href":"http:\/\/hoycordobaweb.com\/index.php\/wp-json\/wp\/v2\/categories?post=113934"},{"taxonomy":"post_tag","embeddable":true,"href":"http:\/\/hoycordobaweb.com\/index.php\/wp-json\/wp\/v2\/tags?post=113934"}],"curies":[{"name":"wp","href":"https:\/\/api.w.org\/{rel}","templated":true}]}}