{"id":113932,"date":"2025-08-14T16:00:38","date_gmt":"2025-08-14T16:00:38","guid":{"rendered":"https:\/\/www.trendencias.com\/shopping\/mango-vende-chaqueta-punto-bonita-perfecta-para-entretiempo-que-parece-lujo-precio-asequible"},"modified":"2025-08-14T16:00:38","modified_gmt":"2025-08-14T16:00:38","slug":"mango-vende-la-chaqueta-de-punto-mas-bonita-y-perfecta-para-el-entretiempo-que-parece-de-lujo-pero-con-un-precio-asequible","status":"publish","type":"post","link":"http:\/\/hoycordobaweb.com\/index.php\/2025\/08\/14\/mango-vende-la-chaqueta-de-punto-mas-bonita-y-perfecta-para-el-entretiempo-que-parece-de-lujo-pero-con-un-precio-asequible\/","title":{"rendered":"Mango vende la chaqueta de punto m\u00e1s bonita y perfecta para el entretiempo que parece de lujo, pero con un precio asequible"},"content":{"rendered":"<p>Aunque estemos en plena ola de calor, las firmas nos adelantan cuales ser\u00e1n las tendencias de oto\u00f1o. Igualmente, muchas prendas son b\u00e1sicos del armario c\u00e1psula que regresan cada temporada. Un ejemplo de ello es esta chaqueta de Mango que <strong>eleva cualquier <\/strong><em><strong>look<\/strong><\/em><strong> de diario y es s\u00faper f\u00e1cil de combinar<\/strong>, tanto con unos pantalones de pinza como con unos <a class=\"text-outboundlink\" href=\"https:\/\/www.trendencias.com\/shopping\/como-combinar-pantalon-vaquero-negro-colores-zapatos-accesorios\" data-vars-post-title=\"C\u00f3mo combinar un pantal\u00f3n vaquero negro | Colores, zapatos y accesorios\" data-vars-post-url=\"https:\/\/www.trendencias.com\/shopping\/como-combinar-pantalon-vaquero-negro-colores-zapatos-accesorios\">vaqueros<\/a> en un rollo m\u00e1s casual e informal.<\/p>\n<p><!-- BREAK 1 --> <\/p>\n<div class=\"article-asset-image article-asset-normal article-asset-center\">\n<div class=\"asset-content\"> <a rel=\"noopener, noreferrer\" href=\"https:\/\/shop.mango.com\/es\/es\/p\/mujer\/jerseis-y-cardigans\/chaqueta-punto-botones-joya_17064139?c=99&amp;talla=20&amp;utm_source=google&amp;utm_medium=cpc&amp;utm_campaign=PMAX+-+1WOMAN+-+BEST+SELLERS+-+ES&amp;utm_campaignid=71700000113063008&amp;utm_content=&amp;gclsrc=aw.ds&amp;gad_source=1&amp;gad_campaignid=19973633704&amp;gbraid=0AAAAADpcxJiINv1rvydNayXDb9vHWEP3i&amp;gclid=CjwKCAjwkvbEBhApEiwAKUz6-7RVmel7ct6uVGb9aifTjh8gdWvOc3ZMSHG-HV28mLiyFST-Pfb1vhoCzoUQAvD_BwE\"> <img class=\"centro_sinmarco\" height=\"2098\" width=\"1500\" loading=\"lazy\" decoding=\"async\" sizes=\"100vw\" fetchpriority=\"high\" srcset=\"http:\/\/hoycordobaweb.com\/wp-content\/uploads\/2025\/08\/mango-vende-la-chaqueta-de-punto-mas-bonita-y-perfecta-para-el-entretiempo-que-parece-de-lujo-pero-con-un-precio-asequible.jpg 450w, http:\/\/hoycordobaweb.com\/wp-content\/uploads\/2025\/08\/mango-vende-la-chaqueta-de-punto-mas-bonita-y-perfecta-para-el-entretiempo-que-parece-de-lujo-pero-con-un-precio-asequible-3.jpg 681w, http:\/\/hoycordobaweb.com\/wp-content\/uploads\/2025\/08\/mango-vende-la-chaqueta-de-punto-mas-bonita-y-perfecta-para-el-entretiempo-que-parece-de-lujo-pero-con-un-precio-asequible-4.jpg 1024w, http:\/\/hoycordobaweb.com\/wp-content\/uploads\/2025\/08\/mango-vende-la-chaqueta-de-punto-mas-bonita-y-perfecta-para-el-entretiempo-que-parece-de-lujo-pero-con-un-precio-asequible-5.jpg 1366w\" src=\"http:\/\/hoycordobaweb.com\/wp-content\/uploads\/2025\/08\/mango-vende-la-chaqueta-de-punto-mas-bonita-y-perfecta-para-el-entretiempo-que-parece-de-lujo-pero-con-un-precio-asequible.jpg\" alt=\"1\"> <noscript><img alt=\"1\" class=\"centro_sinmarco\" src=\"http:\/\/hoycordobaweb.com\/wp-content\/uploads\/2025\/08\/mango-vende-la-chaqueta-de-punto-mas-bonita-y-perfecta-para-el-entretiempo-que-parece-de-lujo-pero-con-un-precio-asequible.jpg\"><\/noscript> <\/a> <\/div>\n<\/div>\n<p>Esta chaqueta es de punto grueso y cuenta con botones distintos que aportan mucha personalidad al dise\u00f1o. <strong>Todos tienen una est\u00e9tica <\/strong><em><strong>vintage<\/strong><\/em><strong> y en conjunto parece una prenda de lujo<\/strong>. Exalta lo discreto, pero refinado perfecta para las mujeres m\u00e1s elegantes que no tendr\u00e1n que gastar un pastizal. Su precio en la web oficial de Mango es <a rel=\"noopener, noreferrer\" href=\"https:\/\/shop.mango.com\/es\/es\/p\/mujer\/jerseis-y-cardigans\/chaqueta-punto-botones-joya_17064139?c=99&amp;talla=20&amp;utm_source=google&amp;utm_medium=cpc&amp;utm_campaign=PMAX+-+1WOMAN+-+BEST+SELLERS+-+ES&amp;utm_campaignid=71700000113063008&amp;utm_content=&amp;gclsrc=aw.ds&amp;gad_source=1&amp;gad_campaignid=19973633704&amp;gbraid=0AAAAADpcxJiINv1rvydNayXDb9vHWEP3i&amp;gclid=CjwKCAjwkvbEBhApEiwAKUz6-7RVmel7ct6uVGb9aifTjh8gdWvOc3ZMSHG-HV28mLiyFST-Pfb1vhoCzoUQAvD_BwE\">49,99 euros<\/a> y es una elecci\u00f3n acertada que podremos lucir en cualquier <a class=\"text-outboundlink\" href=\"https:\/\/www.trendencias.com\/shopping\/como-vestir-para-cena-elegante-verano-ropa-zapatos-accesorios\" data-vars-post-title=\"C\u00f3mo vestir para una cena elegante en verano | Ropa, zapatos y accesorios\" data-vars-post-url=\"https:\/\/www.trendencias.com\/shopping\/como-vestir-para-cena-elegante-verano-ropa-zapatos-accesorios\">cena de verano<\/a> que refresque combinada con unas bermudas del mismo tono que eleve la elegancia de esta pieza.<\/p>\n<p><!-- BREAK 2 --><\/p>\n<h2>C\u00f3mo combinar esta chaqueta de Mango<\/h2>\n<div class=\"article-asset-image article-asset-normal article-asset-center\">\n<div class=\"asset-content\"> <img class=\"centro_sinmarco\" height=\"1980\" width=\"1320\" loading=\"lazy\" decoding=\"async\" sizes=\"100vw\" fetchpriority=\"high\" srcset=\"http:\/\/hoycordobaweb.com\/wp-content\/uploads\/2025\/08\/mango-vende-la-chaqueta-de-punto-mas-bonita-y-perfecta-para-el-entretiempo-que-parece-de-lujo-pero-con-un-precio-asequible-1.jpg 450w, http:\/\/hoycordobaweb.com\/wp-content\/uploads\/2025\/08\/mango-vende-la-chaqueta-de-punto-mas-bonita-y-perfecta-para-el-entretiempo-que-parece-de-lujo-pero-con-un-precio-asequible-6.jpg 681w, http:\/\/hoycordobaweb.com\/wp-content\/uploads\/2025\/08\/mango-vende-la-chaqueta-de-punto-mas-bonita-y-perfecta-para-el-entretiempo-que-parece-de-lujo-pero-con-un-precio-asequible-7.jpg 1024w, http:\/\/hoycordobaweb.com\/wp-content\/uploads\/2025\/08\/mango-vende-la-chaqueta-de-punto-mas-bonita-y-perfecta-para-el-entretiempo-que-parece-de-lujo-pero-con-un-precio-asequible-8.jpg 1366w\" src=\"http:\/\/hoycordobaweb.com\/wp-content\/uploads\/2025\/08\/mango-vende-la-chaqueta-de-punto-mas-bonita-y-perfecta-para-el-entretiempo-que-parece-de-lujo-pero-con-un-precio-asequible-1.jpg\" alt=\"Paris Hc Str F25 1356\"> <noscript><img alt=\"Paris Hc Str F25 1356\" class=\"centro_sinmarco\" src=\"http:\/\/hoycordobaweb.com\/wp-content\/uploads\/2025\/08\/mango-vende-la-chaqueta-de-punto-mas-bonita-y-perfecta-para-el-entretiempo-que-parece-de-lujo-pero-con-un-precio-asequible-1.jpg\"><\/noscript> <\/div>\n<\/div>\n<p>Combinar una chaqueta negra con estilo puede ser complicado, pero en el <em>street style<\/em> de Par\u00eds he fichado un ejemplo sencillo ideal para inspirarnos cuando llegue el momento de ir a la oficina en oto\u00f1o. Se trata de un <em>look<\/em> formado por un pantal\u00f3n h\u00edper c\u00f3modo y un top gris que aporta luz a este <em>outfit<\/em> de d\u00eda. <strong>La prenda de Mango quedar\u00eda genial y agregar\u00eda un aspecto lujoso.<\/strong><\/p>\n<p><!-- BREAK 3 --> <\/p>\n<p>El bolso, sin duda, <strong>juega un papel fundamental porque puede agregar mucho rollazo<\/strong>. La opci\u00f3n m\u00e1s adecuada es un <a class=\"text-outboundlink\" href=\"https:\/\/www.trendencias.com\/shopping\/que-bolso-shopper-tipos-usos-cual-comprar\" data-vars-post-title=\"Qu\u00e9 es un bolso shopper | Tipos, usos y cu\u00e1l comprar\" data-vars-post-url=\"https:\/\/www.trendencias.com\/shopping\/que-bolso-shopper-tipos-usos-cual-comprar\"><em>shopper<\/em><\/a> en el que quepa tanto la tablet como todos los imprescindibles para pasar casi todo el d\u00eda fuera de casa. Para las joyas, tanto las piezas doradas como las plateadas har\u00e1n match con este conjunto.<\/p>\n<p><!-- BREAK 4 --><\/p>\n<p><em>Nota: algunos de los enlaces de este art\u00edculo son afiliados y pueden reportar un beneficio a Trendencias. En caso de no disponibilidad, las ofertas pueden variar.<\/em><\/p>\n<p><!-- BREAK 5 --><\/p>\n<p>Fotos |Mango, Launchmetrics,<\/p>\n<p>En Trendencias | <a class=\"text-outboundlink\" href=\"https:\/\/www.trendencias.com\/eventos\/cuando-empiezan-rebajas-verano-inditex-mango-h-m-corte-ingles\" data-vars-post-title=\"Cu\u00e1ndo empiezan las rebajas de verano 2025 en Zara, Mango, H&amp;M, El Corte Ingl\u00e9s y m\u00e1s\" data-vars-post-url=\"https:\/\/www.trendencias.com\/eventos\/cuando-empiezan-rebajas-verano-inditex-mango-h-m-corte-ingles\" data-id=\"noopener noreferrer\">Cu\u00e1ndo empiezan las rebajas de verano 2025 en Zara, Mango, H&amp;M, El Corte Ingl\u00e9s y m\u00e1s<\/a><\/p>\n<p>En Trendencias | <a class=\"text-outboundlink\" href=\"https:\/\/www.trendencias.com\/propuestas-y-consejos\/nuestro-flechazo-vaqueros-wide-leg-tiro-alto-como-llevarlos-cuatro-modelos-favorecedores\" data-vars-post-title=\"Nuestro flechazo son los vaqueros wide leg de tiro alto: c\u00f3mo llevarlos y 11 formas de combinarlos con estilo\" data-vars-post-url=\"https:\/\/www.trendencias.com\/propuestas-y-consejos\/nuestro-flechazo-vaqueros-wide-leg-tiro-alto-como-llevarlos-cuatro-modelos-favorecedores\" data-id=\"noopener noreferrer\">Nuestro flechazo son los vaqueros <em>wide leg<\/em> de tiro alto: c\u00f3mo llevarlos y los diez modelos m\u00e1s favorecedores<\/a><\/p>\n<p>En Trendencias | <a class=\"text-outboundlink\" href=\"https:\/\/www.trendencias.com\/eventos\/arenal-sound-todos-conciertos-entradas-horarios-confirmados-festival\" data-vars-post-title=\"Arenal Sound 2025: todos los conciertos, entradas y horarios confirmados del festival\" data-vars-post-url=\"https:\/\/www.trendencias.com\/eventos\/arenal-sound-todos-conciertos-entradas-horarios-confirmados-festival\" data-id=\"noopener noreferrer\"><u>Arenal Sound 2025: todos los conciertos, entradas y horarios confirmados del festival<\/u><\/a><\/p>\n","protected":false},"excerpt":{"rendered":"<p>Aunque estemos en plena ola de calor, las firmas nos adelantan cuales ser\u00e1n las tendencias de oto\u00f1o. Igualmente, muchas prendas son b\u00e1sicos del armario c\u00e1psula que regresan cada temporada. Un ejemplo de ello es esta chaqueta de Mango que eleva cualquier look de diario y es s\u00faper f\u00e1cil de combinar, tanto con unos pantalones de [&hellip;]<\/p>\n","protected":false},"author":1,"featured_media":113933,"comment_status":"closed","ping_status":"closed","sticky":false,"template":"","format":"standard","meta":[],"categories":[],"tags":[],"_links":{"self":[{"href":"http:\/\/hoycordobaweb.com\/index.php\/wp-json\/wp\/v2\/posts\/113932"}],"collection":[{"href":"http:\/\/hoycordobaweb.com\/index.php\/wp-json\/wp\/v2\/posts"}],"about":[{"href":"http:\/\/hoycordobaweb.com\/index.php\/wp-json\/wp\/v2\/types\/post"}],"author":[{"embeddable":true,"href":"http:\/\/hoycordobaweb.com\/index.php\/wp-json\/wp\/v2\/users\/1"}],"replies":[{"embeddable":true,"href":"http:\/\/hoycordobaweb.com\/index.php\/wp-json\/wp\/v2\/comments?post=113932"}],"version-history":[{"count":0,"href":"http:\/\/hoycordobaweb.com\/index.php\/wp-json\/wp\/v2\/posts\/113932\/revisions"}],"wp:featuredmedia":[{"embeddable":true,"href":"http:\/\/hoycordobaweb.com\/index.php\/wp-json\/wp\/v2\/media\/113933"}],"wp:attachment":[{"href":"http:\/\/hoycordobaweb.com\/index.php\/wp-json\/wp\/v2\/media?parent=113932"}],"wp:term":[{"taxonomy":"category","embeddable":true,"href":"http:\/\/hoycordobaweb.com\/index.php\/wp-json\/wp\/v2\/categories?post=113932"},{"taxonomy":"post_tag","embeddable":true,"href":"http:\/\/hoycordobaweb.com\/index.php\/wp-json\/wp\/v2\/tags?post=113932"}],"curies":[{"name":"wp","href":"https:\/\/api.w.org\/{rel}","templated":true}]}}