{"id":113820,"date":"2025-08-13T02:38:49","date_gmt":"2025-08-13T02:38:49","guid":{"rendered":"https:\/\/www.ole.com.ar\/futbol-internacional\/libertadores\/racing-penarol-vuelta-hora-ver-tv-libertadores-octavos-definicion_0_nEo0GIhd42.html"},"modified":"2025-08-13T02:38:49","modified_gmt":"2025-08-13T02:38:49","slug":"que-dia-es-la-vuelta-entre-racing-y-penarol-y-como-se-define-la-serie","status":"publish","type":"post","link":"http:\/\/hoycordobaweb.com\/index.php\/2025\/08\/13\/que-dia-es-la-vuelta-entre-racing-y-penarol-y-como-se-define-la-serie\/","title":{"rendered":"Qu\u00e9 d\u00eda es la vuelta entre Racing y Pe\u00f1arol y c\u00f3mo se define la serie"},"content":{"rendered":"<p><img src=\"http:\/\/hoycordobaweb.com\/wp-content\/uploads\/2025\/08\/que-dia-es-la-vuelta-entre-racing-y-penarol-y-como-se-define-la-serie.jpg\"><\/p>\n<p><span class=\"createDate\">12\/08\/2025 23:38hs.<\/span><time class=\"modificatedDate\" datetime=\"2025-08-12T23:52:08-03:00\"> Actualizado al 12\/08\/2025 23:52hs.<\/time><\/p>\n<div id=\"storyBody\">\n<div class=\"custom-text \" readability=\"35.025252525253\">\n<p>Volvi\u00f3 la <strong><a href=\"https:\/\/www.ole.com.ar\/tema\/copa-libertadores.html\" title=\"Copa Libertadores\" alt=\"Copa Libertadores\" class=\"slug\">Copa Libertadores<\/a><\/strong> y este martes comenz\u00f3 la disputa de los octavos de final. En el cierre de la jornada, <strong><a href=\"https:\/\/www.ole.com.ar\/tema\/penarol.html\" title=\"Pe\u00f1arol\" alt=\"Pe\u00f1arol\" class=\"slug\">Pe\u00f1arol<\/a> derrot\u00f3 1-0 a <a href=\"https:\/\/www.ole.com.ar\/tema\/racing.html\" title=\"Racing\" alt=\"Racing\" class=\"slug\">Racing<\/a> con un gol de David Terans<\/strong> en el Estadio Campe\u00f3n del Siglo de Montevideo en el encuentro de ida de su serie. De esa manera, el Manya sac\u00f3 una m\u00ednima ventaja de cara a la revancha, que se disputar\u00e1 en el Cilindro de Avellaneda la pr\u00f3xima semana.<\/p>\n<\/div>\n<div class=\"custom-text \" readability=\"37\">\n<p>La Academia, que se gan\u00f3 su derecho de definir de local al terminar como primero de grupo, <strong>buscar\u00e1 volver a coparse y conseguir la clasificaci\u00f3n a cuartos de final en su estadio<\/strong>, que fue una fortaleza en la Sudamericana 2024 que termin\u00f3 ganando. Conoc\u00e9 todos los detalles del partido de vuelta.<\/p>\n<\/div>\n<p><h2><strong>\u00bfCu\u00e1ndo es la revancha entre Racing y Pe\u00f1arol, por los octavos de final de la Copa Libertadores?<\/strong><\/h2>\n<\/p>\n<div class=\"custom-text \" readability=\"36\">\n<p>El duelo de vuelta entre la Academia y el Carbonero se disputar\u00e1 <strong>el martes 19 de agosto a las 21:30hs<\/strong> de Argentina en el Cilindro de Avellaneda. El mismo se podr\u00e1 ver a trav\u00e9s de la pantalla de <strong>Fox Sports<\/strong> y v\u00eda streaming mediante la plataforma <strong>Disney+<\/strong>,<strong> <\/strong>y adem\u00e1s vas a poder seguir el minuto a minuto en <strong>Ol\u00e9<\/strong>.<\/p>\n<\/div>\n<div class=\"sc-e7b891c4-0 ifHnQL image-embed\"><img alt=\"El equipo de Costas va por la remontad (Fotobaires).\" loading=\"lazy\" width=\"720\" height=\"100\" decoding=\"async\" data-nimg=\"1\" src=\"http:\/\/hoycordobaweb.com\/wp-content\/uploads\/2025\/08\/que-dia-es-la-vuelta-entre-racing-y-penarol-y-como-se-define-la-serie-2.jpg\"><span class=\"epigraphe\">El equipo de Costas va por la remontad (Fotobaires).<\/span><\/div>\n<p><h2><strong>\u00bfC\u00f3mo se define la serie entre Racing y Pe\u00f1arol, por los octavos de final de la Copa Libertadores?<\/strong><\/h2>\n<\/p>\n<div class=\"custom-text \" readability=\"37\">\n<p><strong>La Academia necesita ganar por dos goles o m\u00e1s<\/strong> para clasificar directamente a los cuartos de final del certamen. Cualquier triunfo por esa diferencia le dar\u00e1 el pasaje directo a la pr\u00f3xima instancia, mientras que un triunfo por solamente un tanto har\u00e1 que la serie se defina desde los doce pasos. Por supuesto, un empate o una derrota ante Pe\u00f1arol dejar\u00e1 a los de Costas fuera del certamen.<\/p>\n<\/div>\n<div class=\"custom-text \" readability=\"36\">\n<p>Recordemos que los goles de visitante dejaron de ser usados como criterio de desempate en la edici\u00f3n del 2022. Por este motivo, <strong>habr\u00e1 penales en caso de cualquier empate en el global<\/strong>, sin importar los tantos convertidos fuera de casa.<\/p>\n<\/div>\n<p><h2><strong>El cuadro de la Copa Libertadores<\/strong><\/h2>\n<\/p>\n<div class=\"custom-text \" readability=\"36\">\n<p>El ganador de la llave entre Racing y Pe\u00f1arol se medir\u00e1 en los cuartos con el vencedor de la serie entre V\u00e9lez y Fortaleza, que este martes igualaron 0-0 en el encuentro de ida. En caso de avanzar, la Academia definir\u00e1 la serie de local sin importar cu\u00e1l sea su rival.<\/p>\n<\/div>\n<div class=\"sc-e7b891c4-0 ifHnQL image-embed\"><img alt=\"La llave de la Copa Libertadores.\" loading=\"lazy\" width=\"720\" height=\"100\" decoding=\"async\" data-nimg=\"1\" src=\"http:\/\/hoycordobaweb.com\/wp-content\/uploads\/2025\/08\/que-dia-es-la-vuelta-entre-racing-y-penarol-y-como-se-define-la-serie-3.jpg\"><span class=\"epigraphe\">La llave de la Copa Libertadores.<\/span><\/div>\n<div class=\"sc-a7166897-0 eoLsBE\" readability=\"6\">\n<section readability=\"2\"><picture><img alt=\"Racing perdi\u00f3 una batalla ante Pe\u00f1arol y buscar\u00e1 revancha en su cancha\" loading=\"lazy\" width=\"290\" height=\"290\" decoding=\"async\" data-nimg=\"1\" src=\"http:\/\/hoycordobaweb.com\/wp-content\/uploads\/2025\/08\/que-dia-es-la-vuelta-entre-racing-y-penarol-y-como-se-define-la-serie-4.jpg\"><\/picture>\n<p><span>Mir\u00e1 tambi\u00e9n<\/span><\/p>\n<hr>\n<h3>Racing perdi\u00f3 una batalla ante Pe\u00f1arol y buscar\u00e1 revancha en su cancha<\/h3>\n<\/p>\n<\/section>\n<\/div>\n<div class=\"sc-a7166897-0 eoLsBE\" readability=\"6\">\n<section readability=\"2\"><picture><img alt=\"V\u00e9lez logr\u00f3 un valioso empate en Brasil ante Fortaleza en la ida de octavos\" loading=\"lazy\" width=\"290\" height=\"290\" decoding=\"async\" data-nimg=\"1\" src=\"http:\/\/hoycordobaweb.com\/wp-content\/uploads\/2025\/08\/que-dia-es-la-vuelta-entre-racing-y-penarol-y-como-se-define-la-serie-5.jpg\"><\/picture>\n<p><span>Mir\u00e1 tambi\u00e9n<\/span><\/p>\n<hr>\n<h3>V\u00e9lez logr\u00f3 un valioso empate en Brasil ante Fortaleza en la ida de octavos<\/h3>\n<\/p>\n<\/section>\n<\/div>\n<div class=\"sc-a7166897-0 eoLsBE\" readability=\"6.5\">\n<section readability=\"3\"><picture><img alt=\"Video: Maravilla Mart\u00ednez, de roja a amarilla por VAR\" loading=\"lazy\" width=\"290\" height=\"290\" decoding=\"async\" data-nimg=\"1\" src=\"http:\/\/hoycordobaweb.com\/wp-content\/uploads\/2025\/08\/que-dia-es-la-vuelta-entre-racing-y-penarol-y-como-se-define-la-serie-6.jpg\"><\/picture>\n<p><span>Mir\u00e1 tambi\u00e9n<\/span><\/p>\n<hr>\n<h3>Video: Maravilla Mart\u00ednez, de roja a amarilla por VAR<\/h3>\n<\/p>\n<\/section>\n<\/div>\n<div class=\"sc-a7166897-0 eoLsBE\" readability=\"6\">\n<section readability=\"2\"><picture><img alt=\"Marcos Rojo debut\u00f3 con la camiseta de Racing en la Copa Libertadores\" loading=\"lazy\" width=\"290\" height=\"290\" decoding=\"async\" data-nimg=\"1\" src=\"http:\/\/hoycordobaweb.com\/wp-content\/uploads\/2025\/08\/que-dia-es-la-vuelta-entre-racing-y-penarol-y-como-se-define-la-serie-7.jpg\"><\/picture>\n<p><span>Mir\u00e1 tambi\u00e9n<\/span><\/p>\n<hr>\n<h3>Marcos Rojo debut\u00f3 con la camiseta de Racing en la Copa Libertadores<\/h3>\n<\/p>\n<\/section>\n<\/div>\n<div class=\"sc-a7166897-0 eoLsBE\" readability=\"6\">\n<section readability=\"2\"><picture><img alt=\"Copa Libertadores: resultados de octavos y la llave rumbo a cuartos\" loading=\"lazy\" width=\"290\" height=\"290\" decoding=\"async\" data-nimg=\"1\" src=\"http:\/\/hoycordobaweb.com\/wp-content\/uploads\/2025\/08\/que-dia-es-la-vuelta-entre-racing-y-penarol-y-como-se-define-la-serie-8.jpg\"><\/picture>\n<p><span>Mir\u00e1 tambi\u00e9n<\/span><\/p>\n<hr>\n<h3>Copa Libertadores: resultados de octavos y la llave rumbo a cuartos<\/h3>\n<\/p>\n<\/section>\n<\/div>\n<\/div>\n","protected":false},"excerpt":{"rendered":"<p>12\/08\/2025 23:38hs. Actualizado al 12\/08\/2025 23:52hs. Volvi\u00f3 la Copa Libertadores y este martes comenz\u00f3 la disputa de los octavos de final. En el cierre de la jornada, Pe\u00f1arol derrot\u00f3 1-0 a Racing con un gol de David Terans en el Estadio Campe\u00f3n del Siglo de Montevideo en el encuentro de ida de su serie. De [&hellip;]<\/p>\n","protected":false},"author":1,"featured_media":113821,"comment_status":"open","ping_status":"closed","sticky":false,"template":"","format":"standard","meta":[],"categories":[16],"tags":[],"_links":{"self":[{"href":"http:\/\/hoycordobaweb.com\/index.php\/wp-json\/wp\/v2\/posts\/113820"}],"collection":[{"href":"http:\/\/hoycordobaweb.com\/index.php\/wp-json\/wp\/v2\/posts"}],"about":[{"href":"http:\/\/hoycordobaweb.com\/index.php\/wp-json\/wp\/v2\/types\/post"}],"author":[{"embeddable":true,"href":"http:\/\/hoycordobaweb.com\/index.php\/wp-json\/wp\/v2\/users\/1"}],"replies":[{"embeddable":true,"href":"http:\/\/hoycordobaweb.com\/index.php\/wp-json\/wp\/v2\/comments?post=113820"}],"version-history":[{"count":0,"href":"http:\/\/hoycordobaweb.com\/index.php\/wp-json\/wp\/v2\/posts\/113820\/revisions"}],"wp:featuredmedia":[{"embeddable":true,"href":"http:\/\/hoycordobaweb.com\/index.php\/wp-json\/wp\/v2\/media\/113821"}],"wp:attachment":[{"href":"http:\/\/hoycordobaweb.com\/index.php\/wp-json\/wp\/v2\/media?parent=113820"}],"wp:term":[{"taxonomy":"category","embeddable":true,"href":"http:\/\/hoycordobaweb.com\/index.php\/wp-json\/wp\/v2\/categories?post=113820"},{"taxonomy":"post_tag","embeddable":true,"href":"http:\/\/hoycordobaweb.com\/index.php\/wp-json\/wp\/v2\/tags?post=113820"}],"curies":[{"name":"wp","href":"https:\/\/api.w.org\/{rel}","templated":true}]}}