{"id":113818,"date":"2025-08-13T02:47:34","date_gmt":"2025-08-13T02:47:34","guid":{"rendered":"https:\/\/www.ole.com.ar\/racing\/adrianmartinez-penarol-var-copalibertadores_0_NCGYoGXQxe.html"},"modified":"2025-08-13T02:47:34","modified_gmt":"2025-08-13T02:47:34","slug":"maravilla-martinez-no-estamos-acostumbrados-a-tirar-tantos-pelotazos","status":"publish","type":"post","link":"http:\/\/hoycordobaweb.com\/index.php\/2025\/08\/13\/maravilla-martinez-no-estamos-acostumbrados-a-tirar-tantos-pelotazos\/","title":{"rendered":"Maravilla Mart\u00ednez: \u00abNo estamos acostumbrados a tirar tantos pelotazos\u00bb"},"content":{"rendered":"<p><img src=\"http:\/\/hoycordobaweb.com\/wp-content\/uploads\/2025\/08\/maravilla-martinez-no-estamos-acostumbrados-a-tirar-tantos-pelotazos.jpg\"><\/p>\n<p><time class=\"createDate\" datetime=\"2025-08-12T23:47:34-03:00\">12\/08\/2025 23:47hs.<\/time><\/p>\n<div id=\"storyBody\">\n<div class=\"custom-text \" readability=\"35.305164319249\">\n<p><strong><a href=\"https:\/\/www.ole.com.ar\/tema\/adrian-martinez.html\" title=\"Adri\u00e1n Mart\u00ednez\" alt=\"Adri\u00e1n Mart\u00ednez\" class=\"slug\">Adri\u00e1n Mart\u00ednez<\/a><\/strong> expuso su opini\u00f3n tras el partido que <strong><a href=\"https:\/\/www.ole.com.ar\/tema\/racing.html\" title=\"Racing\" alt=\"Racing\" class=\"slug\">Racing<\/a><\/strong><a href=\"https:\/\/www.ole.com.ar\/futbol-internacional\/libertadores\/penarol-vs-racing-partido-ida-octavos-final-copa-libertadores-2025_0_Eeu6jbOHKG.html\" target=\"_self\" title=\" perdi\u00f3 1 a 0 ante Pe\u00f1arol \" alt=\" perdi\u00f3 1 a 0 ante Pe\u00f1arol \" rel=\"noopener noreferrer\"> perdi\u00f3 1 a 0 ante Pe\u00f1arol <\/a>en el estadio Campe\u00f3n del Siglo. \u00abFue un partido muy trabado, con muchos pelotazos para arriba, la cancha no estaba buena. <strong>No estamos acostumbrados a tirar tantos pelotazos<\/strong>. Se dio as\u00ed, son finales; las que ten\u00e9s, hay que meterlas. No pudimos; ellos s\u00ed. All\u00e1 (en el Cilindro) nos tenemos que hacer fuertes\u00bb, sostuvo el delantero.<\/p>\n<\/div>\n<div class=\"custom-text \" readability=\"35\">\n<p><strong>\u00abLa cancha estaba mala para los dos, <\/strong>no es excusa. Nos cambi\u00f3 lo que \u00edbamos a jugar y tiramos pelotazos\u00bb, agreg\u00f3.<\/p>\n<\/div>\n<div class=\"custom-text \" readability=\"34.46437994723\">\n<p>Adem\u00e1s, se refiri\u00f3 a la jugada del primer tiempo, en la que el refer\u00ed <strong>Raphael Claus<\/strong>, <a href=\"https:\/\/www.ole.com.ar\/racing\/var-penarol-racing-libertadores_0_31SFXKOwWf.html\" target=\"_self\" title=\"inicialmente, lo expuls\u00f3 por un golpe en la frente sobre M\u00e9ndez\" alt=\"inicialmente, lo expuls\u00f3 por un golpe en la frente sobre M\u00e9ndez\" rel=\"noopener noreferrer\">inicialmente, lo expuls\u00f3 por un golpe en la frente sobre M\u00e9ndez<\/a>. \u00abNo lo veo, quiero tocar la pelota para dar un pase a un compa\u00f1ero, justo puso la cabeza. Cuando sac\u00f3 la roja me sorprend\u00ed porque viene de atr\u00e1s y no lo veo. Lo bueno que no me echaron y hubo soluci\u00f3n en el<a href=\"https:\/\/www.ole.com.ar\/tema\/var.html\" title=\"VAR\" alt=\"VAR\" class=\"slug\"> VAR<\/a>\u00ab, opin\u00f3<\/p>\n<\/div>\n<div class=\"sc-3c5a76cc-1 idjLTd\" readability=\"7\">\n<div class=\"sc-e8b2828-0 fBmEJc\" type=\"embed\">\n<div class=\"sc-e8b2828-1 iPLbWT videoText\" id=\"contentTitleembedFs1vUtrA\" type=\"embed\"><svg fill=\"#ffffff\"><symbol id=\"play\" viewBox=\"0 0 512 512\"><path d=\"M512 256C512 397.4 397.4 512 256 512C114.6 512 0 397.4 0 256C0 114.6 114.6 0 256 0C397.4 0 512 114.6 512 256zM176 168V344C176 352.7 180.7 360.7 188.3 364.9C195.8 369.2 205.1 369 212.5 364.5L356.5 276.5C363.6 272.1 368 264.4 368 256C368 247.6 363.6 239.9 356.5 235.5L212.5 147.5C205.1 142.1 195.8 142.8 188.3 147.1C180.7 151.3 176 159.3 176 168V168z\" \/><\/symbol><use xlink:href=\"#play\" \/><\/svg><\/p>\n<div class=\"right\">\n<p>Adri\u00e1n Mart\u00ednez<!-- --> &#8211; <span>&nbsp;<\/span><\/p>\n<h2 class=\"title-vid\">Maravilla Mart\u00ednez: de la expulsi\u00f3n a la amarilla por VAR<\/h2>\n<\/div>\n<\/div>\n<p><span class=\"back\" id=\"spanBackembedFs1vUtrA\"><\/span><\/div>\n<div class=\"JWvideoNota_title\" readability=\"9\">\n<p>El delantero de Racing hab\u00eda recibido roja directa ante Pe\u00f1arol, pero el juez Claus cambi\u00f3 el fallo. Video: FOX Sports<\/p>\n<\/div>\n<\/div>\n<div class=\"sc-e7b891c4-0 ifHnQL image-embed\"><img alt=\"Racing perdi\u00f3 con Pe\u00f1arol en Montevideo.\" loading=\"lazy\" width=\"720\" height=\"100\" decoding=\"async\" data-nimg=\"1\" src=\"http:\/\/hoycordobaweb.com\/wp-content\/uploads\/2025\/08\/maravilla-martinez-no-estamos-acostumbrados-a-tirar-tantos-pelotazos-2.jpg\"><span class=\"epigraphe\">Racing perdi\u00f3 con Pe\u00f1arol en Montevideo.<\/span><\/div>\n<div class=\"sc-e7b891c4-0 ifHnQL image-embed\"><img alt=\"Los jugadores de Racing tras la derrota.\" loading=\"lazy\" width=\"720\" height=\"100\" decoding=\"async\" data-nimg=\"1\" src=\"http:\/\/hoycordobaweb.com\/wp-content\/uploads\/2025\/08\/maravilla-martinez-no-estamos-acostumbrados-a-tirar-tantos-pelotazos-3.jpg\"><span class=\"epigraphe\">Los jugadores de Racing tras la derrota.<\/span><\/div>\n<div class=\"custom-text \" readability=\"29.490740740741\">\n<p>El pr\u00f3ximo martes, en el Cilindro, se jugar\u00e1 la revancha por los octavos de final de la <a href=\"https:\/\/www.ole.com.ar\/tema\/copa-libertadores.html\" title=\"Copa Libertadores\" alt=\"Copa Libertadores\" class=\"slug\">Copa Libertadores<\/a>.<\/p>\n<\/div>\n<p><h2><strong>El resumen del partido<\/strong><\/h2>\n<\/p>\n<div class=\"sc-3c5a76cc-1 idjLTd\">\n<div class=\"sc-e8b2828-0 fBmEJc\" type=\"embed\">\n<div class=\"sc-e8b2828-1 iPLbWT videoText\" id=\"contentTitleembedjSh6FYrw\" type=\"embed\"><svg fill=\"#ffffff\"><symbol id=\"play\" viewBox=\"0 0 512 512\"><path d=\"M512 256C512 397.4 397.4 512 256 512C114.6 512 0 397.4 0 256C0 114.6 114.6 0 256 0C397.4 0 512 114.6 512 256zM176 168V344C176 352.7 180.7 360.7 188.3 364.9C195.8 369.2 205.1 369 212.5 364.5L356.5 276.5C363.6 272.1 368 264.4 368 256C368 247.6 363.6 239.9 356.5 235.5L212.5 147.5C205.1 142.1 195.8 142.8 188.3 147.1C180.7 151.3 176 159.3 176 168V168z\" \/><\/symbol><use xlink:href=\"#play\" \/><\/svg><\/p>\n<div class=\"right\">\n<p>Racing<!-- --> &#8211; <span>&nbsp;<\/span><\/p>\n<h2 class=\"title-vid\">Pe\u00f1arol venci\u00f3 1-0 a Racing<\/h2>\n<\/div>\n<\/div>\n<p><span class=\"back\" id=\"spanBackembedjSh6FYrw\"><\/span><\/div>\n<div class=\"JWvideoNota_title\">\n<p>Video: FOX Sports<\/p>\n<\/div>\n<\/div>\n<div class=\"sc-a7166897-0 eoLsBE\" readability=\"6\">\n<section readability=\"2\"><picture><img alt=\"Marcos Rojo debut\u00f3 con la camiseta de Racing en la Copa Libertadores\" loading=\"lazy\" width=\"290\" height=\"290\" decoding=\"async\" data-nimg=\"1\" src=\"http:\/\/hoycordobaweb.com\/wp-content\/uploads\/2025\/08\/maravilla-martinez-no-estamos-acostumbrados-a-tirar-tantos-pelotazos-4.jpg\"><\/picture>\n<p><span>Mir\u00e1 tambi\u00e9n<\/span><\/p>\n<hr>\n<h3>Marcos Rojo debut\u00f3 con la camiseta de Racing en la Copa Libertadores<\/h3>\n<\/p>\n<\/section>\n<\/div>\n<div class=\"sc-a7166897-0 eoLsBE\" readability=\"6\">\n<section readability=\"2\"><picture><img alt=\"Qu\u00e9 d\u00eda es la vuelta entre Racing y Pe\u00f1arol y c\u00f3mo se define la serie\" loading=\"lazy\" width=\"290\" height=\"290\" decoding=\"async\" data-nimg=\"1\" src=\"http:\/\/hoycordobaweb.com\/wp-content\/uploads\/2025\/08\/maravilla-martinez-no-estamos-acostumbrados-a-tirar-tantos-pelotazos-5.jpg\"><\/picture>\n<p><span>Mir\u00e1 tambi\u00e9n<\/span><\/p>\n<hr>\n<h3>Qu\u00e9 d\u00eda es la vuelta entre Racing y Pe\u00f1arol y c\u00f3mo se define la serie<\/h3>\n<\/p>\n<\/section>\n<\/div>\n<div class=\"sc-a7166897-0 eoLsBE\" readability=\"6\">\n<section readability=\"2\"><picture><img alt=\"Racing perdi\u00f3 una batalla ante Pe\u00f1arol y buscar\u00e1 revancha en su cancha\" loading=\"lazy\" width=\"290\" height=\"290\" decoding=\"async\" data-nimg=\"1\" src=\"http:\/\/hoycordobaweb.com\/wp-content\/uploads\/2025\/08\/maravilla-martinez-no-estamos-acostumbrados-a-tirar-tantos-pelotazos-6.jpg\"><\/picture>\n<p><span>Mir\u00e1 tambi\u00e9n<\/span><\/p>\n<hr>\n<h3>Racing perdi\u00f3 una batalla ante Pe\u00f1arol y buscar\u00e1 revancha en su cancha<\/h3>\n<\/p>\n<\/section>\n<\/div>\n<\/div>\n","protected":false},"excerpt":{"rendered":"<p>12\/08\/2025 23:47hs. Adri\u00e1n Mart\u00ednez expuso su opini\u00f3n tras el partido que Racing perdi\u00f3 1 a 0 ante Pe\u00f1arol en el estadio Campe\u00f3n del Siglo. \u00abFue un partido muy trabado, con muchos pelotazos para arriba, la cancha no estaba buena. No estamos acostumbrados a tirar tantos pelotazos. Se dio as\u00ed, son finales; las que ten\u00e9s, hay [&hellip;]<\/p>\n","protected":false},"author":1,"featured_media":113819,"comment_status":"open","ping_status":"closed","sticky":false,"template":"","format":"standard","meta":[],"categories":[16],"tags":[],"_links":{"self":[{"href":"http:\/\/hoycordobaweb.com\/index.php\/wp-json\/wp\/v2\/posts\/113818"}],"collection":[{"href":"http:\/\/hoycordobaweb.com\/index.php\/wp-json\/wp\/v2\/posts"}],"about":[{"href":"http:\/\/hoycordobaweb.com\/index.php\/wp-json\/wp\/v2\/types\/post"}],"author":[{"embeddable":true,"href":"http:\/\/hoycordobaweb.com\/index.php\/wp-json\/wp\/v2\/users\/1"}],"replies":[{"embeddable":true,"href":"http:\/\/hoycordobaweb.com\/index.php\/wp-json\/wp\/v2\/comments?post=113818"}],"version-history":[{"count":0,"href":"http:\/\/hoycordobaweb.com\/index.php\/wp-json\/wp\/v2\/posts\/113818\/revisions"}],"wp:featuredmedia":[{"embeddable":true,"href":"http:\/\/hoycordobaweb.com\/index.php\/wp-json\/wp\/v2\/media\/113819"}],"wp:attachment":[{"href":"http:\/\/hoycordobaweb.com\/index.php\/wp-json\/wp\/v2\/media?parent=113818"}],"wp:term":[{"taxonomy":"category","embeddable":true,"href":"http:\/\/hoycordobaweb.com\/index.php\/wp-json\/wp\/v2\/categories?post=113818"},{"taxonomy":"post_tag","embeddable":true,"href":"http:\/\/hoycordobaweb.com\/index.php\/wp-json\/wp\/v2\/tags?post=113818"}],"curies":[{"name":"wp","href":"https:\/\/api.w.org\/{rel}","templated":true}]}}