{"id":113745,"date":"2025-08-12T17:00:38","date_gmt":"2025-08-12T17:00:38","guid":{"rendered":"https:\/\/www.trendencias.com\/belleza\/hay-error-que-no-debes-cometer-antes-ir-a-peluqueria-puede-hacer-que-tinte-no-quede-homogeneo"},"modified":"2025-08-12T17:00:38","modified_gmt":"2025-08-12T17:00:38","slug":"hay-un-error-que-no-debes-cometer-antes-de-ir-a-la-peluqueria-puede-hacer-que-el-tinte-no-quede-homogeneo","status":"publish","type":"post","link":"http:\/\/hoycordobaweb.com\/index.php\/2025\/08\/12\/hay-un-error-que-no-debes-cometer-antes-de-ir-a-la-peluqueria-puede-hacer-que-el-tinte-no-quede-homogeneo\/","title":{"rendered":"Hay un error que no debes cometer antes de ir a la peluquer\u00eda, puede hacer que el tinte no quede homog\u00e9neo"},"content":{"rendered":"<p>Si a estas alturas del verano eres de las que ya est\u00e1 pensando en hacerse un retoque de color capilar o unas fabulosas <a class=\"text-outboundlink\" href=\"https:\/\/www.trendencias.com\/belleza\/estas-mechas-tendencia-que-se-han-convertido-opcion-ideal-para-integrar-canas\" data-vars-post-title=\"Estas son las mechas en tendencia que se han convertido en la opci\u00f3n ideal para integrar las canas \" data-vars-post-url=\"https:\/\/www.trendencias.com\/belleza\/estas-mechas-tendencia-que-se-han-convertido-opcion-ideal-para-integrar-canas\">mechas para camuflar las canas<\/a>, tenemos que decirte que hay algo que debes saber antes de ponerte manos a la obra, y es que, <strong>hay un consejo que es clave<\/strong> para que el resultado final sea absolutamente perfecto.<\/p>\n<p><!-- BREAK 1 --> <\/p>\n<p>Uno de los errores m\u00e1s comunes que se encuentran los profesionales de la peluquer\u00eda, es ver c\u00f3mo algunas clientas acuden al sal\u00f3n de belleza <strong>con el cabello reci\u00e9n lavado<\/strong> y esto puede hacer que el resultado no sea tan \u00f3ptimo.<\/p>\n<p><!-- BREAK 2 --><\/p>\n<div class=\"article-asset-image article-asset-normal article-asset-center\">\n<div class=\"asset-content\"> <img class=\"centro_sinmarco\" height=\"1980\" width=\"1321\" loading=\"lazy\" decoding=\"async\" sizes=\"100vw\" fetchpriority=\"high\" srcset=\"http:\/\/hoycordobaweb.com\/wp-content\/uploads\/2025\/08\/hay-un-error-que-no-debes-cometer-antes-de-ir-a-la-peluqueria-puede-hacer-que-el-tinte-no-quede-homogeneo.jpg 450w, http:\/\/hoycordobaweb.com\/wp-content\/uploads\/2025\/08\/hay-un-error-que-no-debes-cometer-antes-de-ir-a-la-peluqueria-puede-hacer-que-el-tinte-no-quede-homogeneo-3.jpg 681w, http:\/\/hoycordobaweb.com\/wp-content\/uploads\/2025\/08\/hay-un-error-que-no-debes-cometer-antes-de-ir-a-la-peluqueria-puede-hacer-que-el-tinte-no-quede-homogeneo-4.jpg 1024w, http:\/\/hoycordobaweb.com\/wp-content\/uploads\/2025\/08\/hay-un-error-que-no-debes-cometer-antes-de-ir-a-la-peluqueria-puede-hacer-que-el-tinte-no-quede-homogeneo-5.jpg 1366w\" src=\"http:\/\/hoycordobaweb.com\/wp-content\/uploads\/2025\/08\/hay-un-error-que-no-debes-cometer-antes-de-ir-a-la-peluqueria-puede-hacer-que-el-tinte-no-quede-homogeneo.jpg\" alt=\"Paris Hc Str F25 0799\"> <noscript><img alt=\"Paris Hc Str F25 0799\" class=\"centro_sinmarco\" src=\"http:\/\/hoycordobaweb.com\/wp-content\/uploads\/2025\/08\/hay-un-error-que-no-debes-cometer-antes-de-ir-a-la-peluqueria-puede-hacer-que-el-tinte-no-quede-homogeneo.jpg\"><\/noscript> <\/div>\n<\/div>\n<p>Lo m\u00e1s recomendable es te\u00f1irse el cabello con el cabello lavado del d\u00eda anterior, o dos d\u00edas antes, lo que viene siendo esperar <strong>24-48 horas tras el \u00faltimo lavado<\/strong>.<strong> <\/strong>Con esto se consigue que <strong>los aceites naturales que el cuero cabelludo desprende<\/strong> act\u00faen como barrera protectora entre el tinte y el cuero cabelludo, evitando que los qu\u00edmicos del tinte puedan da\u00f1ar la piel.<\/p>\n<p><!-- BREAK 3 --> <\/p>\n<p>Adem\u00e1s, otra de las razones y que seguro m\u00e1s de una vez habr\u00e9is o\u00eddo decir a vuestras madres o abuelas, es eso de que el tinte coge mejor si el cabello est\u00e1 algo sucio. Pues resulta que parec\u00eda que ten\u00edan raz\u00f3n, <strong>los aceites que genera el pelo <\/strong>ayudan a que el color se integre y mimetice mucho mejor, incluso logrando que se adhiera mucho m\u00e1s a las fibras capilares. Por el contrario, cuando el pelo est\u00e1 muy limpio el tinte resbala m\u00e1s y se dificulta una coloraci\u00f3n uniforme.<\/p>\n<p><!-- BREAK 4 --><\/p>\n<div class=\"article-asset-image article-asset-normal article-asset-center\">\n<div class=\"asset-content\"> <img class=\"centro_sinmarco\" height=\"1980\" width=\"1320\" loading=\"lazy\" decoding=\"async\" sizes=\"100vw\" fetchpriority=\"high\" srcset=\"http:\/\/hoycordobaweb.com\/wp-content\/uploads\/2025\/08\/hay-un-error-que-no-debes-cometer-antes-de-ir-a-la-peluqueria-puede-hacer-que-el-tinte-no-quede-homogeneo-1.jpg 450w, http:\/\/hoycordobaweb.com\/wp-content\/uploads\/2025\/08\/hay-un-error-que-no-debes-cometer-antes-de-ir-a-la-peluqueria-puede-hacer-que-el-tinte-no-quede-homogeneo-6.jpg 681w, http:\/\/hoycordobaweb.com\/wp-content\/uploads\/2025\/08\/hay-un-error-que-no-debes-cometer-antes-de-ir-a-la-peluqueria-puede-hacer-que-el-tinte-no-quede-homogeneo-7.jpg 1024w, http:\/\/hoycordobaweb.com\/wp-content\/uploads\/2025\/08\/hay-un-error-que-no-debes-cometer-antes-de-ir-a-la-peluqueria-puede-hacer-que-el-tinte-no-quede-homogeneo-8.jpg 1366w\" src=\"http:\/\/hoycordobaweb.com\/wp-content\/uploads\/2025\/08\/hay-un-error-que-no-debes-cometer-antes-de-ir-a-la-peluqueria-puede-hacer-que-el-tinte-no-quede-homogeneo-1.jpg\" alt=\"Copenhagen Str S26 0363\"> <noscript><img alt=\"Copenhagen Str S26 0363\" class=\"centro_sinmarco\" src=\"http:\/\/hoycordobaweb.com\/wp-content\/uploads\/2025\/08\/hay-un-error-que-no-debes-cometer-antes-de-ir-a-la-peluqueria-puede-hacer-que-el-tinte-no-quede-homogeneo-1.jpg\"><\/noscript> <\/div>\n<\/div>\n<p>Ahora bien, cuando hablamos de te\u00f1ir el cabello estando \u00absucio\u00bb <strong>no nos referimos a un cabello excesivamente sucio<\/strong> o con residuos de otros productos como lacas o geles. En este caso s\u00ed que hay que lavarse el cabello, ya que de lo contrario puede que el pigmente no se deposite bien y el resultado no sea homog\u00e9neo.<\/p>\n<p><!-- BREAK 5 --><\/p>\n<p>Lo que s\u00ed se recomienda y es algo que lo agradecer\u00e1 much\u00edsimo el cabello, es <strong>preparar el pelo d\u00edas antes de aplicar el tinte<\/strong>. Para ello las <a class=\"text-outboundlink\" href=\"https:\/\/www.trendencias.com\/belleza\/adios-a-sequedad-ocho-mascarillas-para-mantener-cabello-nutrido-e-hidratado\" data-vars-post-title=\"Desp\u00eddete del pelo seco: ocho mascarillas que van a mantener hidratado tu pelo este verano\" data-vars-post-url=\"https:\/\/www.trendencias.com\/belleza\/adios-a-sequedad-ocho-mascarillas-para-mantener-cabello-nutrido-e-hidratado\">mascarillas hidratantes<\/a> ser\u00e1n el producto m\u00e1s esencial para reforzar la fibra capilar y evitar que los compuestos de los tintes resequen y da\u00f1en el cabello lo menos posible. Al igual que los d\u00edas posteriores a la aplicaci\u00f3n del tinte, <strong>hay que evitar usar herramientas de calor<\/strong>, y en cualquier caso seguir reforzando la hidrataci\u00f3n con s\u00e9rums, mascarillas y champ\u00faes hidratantes o espec\u00edficos para cabellos coloreados que ayuden a prolongar el color y a revivir el brillo.<\/p>\n<p><!-- BREAK 6 --> <\/p>\n<p>Fotos | <a rel=\"noopener, noreferrer\" href=\"https:\/\/www.pexels.com\/es-es\/@maria-geller-801267\/\" data-id=\"nofollow\">Maria Geller<\/a> en <a rel=\"noopener, noreferrer\" href=\"https:\/\/www.pexels.com\/es-es\/@maria-geller-801267\/\">Pexels<\/a>, <a rel=\"noopener, noreferrer\" href=\"https:\/\/imaxtree.launchmetrics.com\/\" data-id=\"noopener, noreferrer\">Launchmetrics Spotlight<\/a><\/p>\n<p>En Trendencias |<a class=\"text-outboundlink\" href=\"https:\/\/www.trendencias.com\/belleza\/13-mejores-parches-para-contorno-ojos-combatir-ojeras\" data-vars-post-title=\"Los 13 mejores parches para el contorno de ojos y combatir ojeras\" data-vars-post-url=\"https:\/\/www.trendencias.com\/belleza\/13-mejores-parches-para-contorno-ojos-combatir-ojeras\"> Los 13 mejores parches para el contorno de ojos y combatir ojeras<\/a><\/p>\n<p>En Trendencias | <a class=\"text-outboundlink\" href=\"https:\/\/www.trendencias.com\/belleza\/18-mejores-cortes-pelo-para-hombre\" data-vars-post-title=\"Los 19 mejores cortes de pelo para hombre 2025\" data-vars-post-url=\"https:\/\/www.trendencias.com\/belleza\/18-mejores-cortes-pelo-para-hombre\">Los 18 mejores cortes de pelo para hombre 2025<\/a><\/p>\n<h2><\/h2>\n<h2><\/h2>\n","protected":false},"excerpt":{"rendered":"<p>Si a estas alturas del verano eres de las que ya est\u00e1 pensando en hacerse un retoque de color capilar o unas fabulosas mechas para camuflar las canas, tenemos que decirte que hay algo que debes saber antes de ponerte manos a la obra, y es que, hay un consejo que es clave para que [&hellip;]<\/p>\n","protected":false},"author":1,"featured_media":113746,"comment_status":"closed","ping_status":"closed","sticky":false,"template":"","format":"standard","meta":[],"categories":[],"tags":[],"_links":{"self":[{"href":"http:\/\/hoycordobaweb.com\/index.php\/wp-json\/wp\/v2\/posts\/113745"}],"collection":[{"href":"http:\/\/hoycordobaweb.com\/index.php\/wp-json\/wp\/v2\/posts"}],"about":[{"href":"http:\/\/hoycordobaweb.com\/index.php\/wp-json\/wp\/v2\/types\/post"}],"author":[{"embeddable":true,"href":"http:\/\/hoycordobaweb.com\/index.php\/wp-json\/wp\/v2\/users\/1"}],"replies":[{"embeddable":true,"href":"http:\/\/hoycordobaweb.com\/index.php\/wp-json\/wp\/v2\/comments?post=113745"}],"version-history":[{"count":0,"href":"http:\/\/hoycordobaweb.com\/index.php\/wp-json\/wp\/v2\/posts\/113745\/revisions"}],"wp:featuredmedia":[{"embeddable":true,"href":"http:\/\/hoycordobaweb.com\/index.php\/wp-json\/wp\/v2\/media\/113746"}],"wp:attachment":[{"href":"http:\/\/hoycordobaweb.com\/index.php\/wp-json\/wp\/v2\/media?parent=113745"}],"wp:term":[{"taxonomy":"category","embeddable":true,"href":"http:\/\/hoycordobaweb.com\/index.php\/wp-json\/wp\/v2\/categories?post=113745"},{"taxonomy":"post_tag","embeddable":true,"href":"http:\/\/hoycordobaweb.com\/index.php\/wp-json\/wp\/v2\/tags?post=113745"}],"curies":[{"name":"wp","href":"https:\/\/api.w.org\/{rel}","templated":true}]}}