{"id":113646,"date":"2025-08-11T17:00:38","date_gmt":"2025-08-11T17:00:38","guid":{"rendered":"https:\/\/www.trendencias.com\/moda-famosas\/sara-carbonero-apuesta-look-minimalista-eleva-converse-durante-su-viaje-japon"},"modified":"2025-08-11T17:00:38","modified_gmt":"2025-08-11T17:00:38","slug":"sara-carbonero-apuesta-por-un-look-minimalista-y-lo-eleva-con-converse-durante-su-viaje-por-japon","status":"publish","type":"post","link":"http:\/\/hoycordobaweb.com\/index.php\/2025\/08\/11\/sara-carbonero-apuesta-por-un-look-minimalista-y-lo-eleva-con-converse-durante-su-viaje-por-japon\/","title":{"rendered":"Sara Carbonero apuesta por un look minimalista y lo eleva con Converse durante su viaje por Jap\u00f3n"},"content":{"rendered":"<p>Por muy <em>fashion victims <\/em>que seamos, a la hora de hacer nuestra maleta de viaje, dispuestas a patear de arriba abajo alguna ciudad europea o una capital al otro lado del charco, la comodidad va siempre por delante. Sabemos bien que un buen <em>look<\/em> puede ser perfectamente sin\u00f3nimo de <em>comfort<\/em>, pero <strong>Sara Carbonero lo ha vuelto a demostrar con su estilismo para hacer hacer turismo por Jap\u00f3n<\/strong>. Y es que ha lucido un conjunto de dos piezas s\u00faper minimalista y chic perfecto para deslumbrar por las calles de Tokio.<\/p>\n<p><!-- BREAK 1 --> <\/p>\n<p>El set del que estamos hablando se trata de una camisa en color blanco crudo de manga corta con escote en V y un detalle en forma de lazada sobre la cintura que le da un toque rom\u00e1ntico, pero sin caer en lo <em>coquette<\/em>. Un conjunto que <strong>mantiene esa aura <\/strong><em><strong>boho chic<\/strong><\/em> que tanto caracteriza lo <em>looks<\/em> de la <em>celebrity<\/em>.<\/p>\n<p><!-- BREAK 2 --><\/p>\n<div class=\"article-asset-image article-asset-normal article-asset-center\">\n<div class=\"asset-content\"> <img class=\"centro_sinmarco\" height=\"1600\" width=\"906\" loading=\"lazy\" decoding=\"async\" sizes=\"100vw\" fetchpriority=\"high\" srcset=\"http:\/\/hoycordobaweb.com\/wp-content\/uploads\/2025\/08\/sara-carbonero-apuesta-por-un-look-minimalista-y-lo-eleva-con-converse-durante-su-viaje-por-japon.jpg 450w, http:\/\/hoycordobaweb.com\/wp-content\/uploads\/2025\/08\/sara-carbonero-apuesta-por-un-look-minimalista-y-lo-eleva-con-converse-durante-su-viaje-por-japon-3.jpg 681w, http:\/\/hoycordobaweb.com\/wp-content\/uploads\/2025\/08\/sara-carbonero-apuesta-por-un-look-minimalista-y-lo-eleva-con-converse-durante-su-viaje-por-japon-4.jpg 1024w, http:\/\/hoycordobaweb.com\/wp-content\/uploads\/2025\/08\/sara-carbonero-apuesta-por-un-look-minimalista-y-lo-eleva-con-converse-durante-su-viaje-por-japon-5.jpg 1366w\" src=\"http:\/\/hoycordobaweb.com\/wp-content\/uploads\/2025\/08\/sara-carbonero-apuesta-por-un-look-minimalista-y-lo-eleva-con-converse-durante-su-viaje-por-japon.jpg\" alt=\"Sara Carbonero Japon 6897873d3be8a\"> <noscript><img alt=\"Sara Carbonero Japon 6897873d3be8a\" class=\"centro_sinmarco\" src=\"http:\/\/hoycordobaweb.com\/wp-content\/uploads\/2025\/08\/sara-carbonero-apuesta-por-un-look-minimalista-y-lo-eleva-con-converse-durante-su-viaje-por-japon.jpg\"><\/noscript> <\/div>\n<\/div>\n<p>Nosotras hemos encontrado<strong> una opci\u00f3n bastante similar en Zara<\/strong>, donde el blanco tambi\u00e9n es el protagonista. Un set de lino a base de un chaleco por <a rel=\"nofollow, sponsored, noopener, noreferrer noopener\" target=\"_blank\" class=\"js-ecommerce\" id=\"link-ecommerce-1\" href=\"https:\/\/www.webedia-afilia.com\/redirect?url=https%3A%2F%2Fwww.massimodutti.com%2Fes%2Fchaleco-lazada-mezcla-lino-l06055665%3Fpelement%3D50422425&amp;category=moda-famosas&amp;site=trendencias&amp;ecomPostExpiration=perish&amp;postId=646148\" data-vars-affiliate-url=\"https:\/\/www.massimodutti.com\/es\/chaleco-lazada-mezcla-lino-l06055665?pelement=50422425\">59,95 euros<\/a> y un pantal\u00f3n de pinzas por <a rel=\"nofollow, sponsored, noopener, noreferrer noopener\" target=\"_blank\" class=\"js-ecommerce\" id=\"link-ecommerce-2\" href=\"https:\/\/www.webedia-afilia.com\/redirect?url=https%3A%2F%2Fwww.massimodutti.com%2Fes%2Fpantalon-palazzo-pinzas-con-lino-l05008663%3Fpelement%3D53412029&amp;category=moda-famosas&amp;site=trendencias&amp;ecomPostExpiration=perish&amp;postId=646148\" data-vars-affiliate-url=\"https:\/\/www.massimodutti.com\/es\/pantalon-palazzo-pinzas-con-lino-l05008663?pelement=53412029\">79,95 euros<\/a>. Estamos convencidas de que ning\u00fan color sienta mejor en verano.<\/p>\n<p><!-- BREAK 3 --> <\/p>\n<div class=\"article-asset-image article-asset-normal article-asset-center\">\n<div class=\"asset-content\">\n<div class=\"caption-img \"> <a rel=\"nofollow, sponsored, noopener, noreferrer noopener\" target=\"_blank\" class=\"js-ecommerce\" id=\"link-ecommerce-3\" href=\"https:\/\/www.webedia-afilia.com\/redirect?url=https%3A%2F%2Fwww.massimodutti.com%2Fes%2Fchaleco-lazada-mezcla-lino-l06055665%3Fpelement%3D50422425&amp;category=moda-famosas&amp;site=trendencias&amp;ecomPostExpiration=perish&amp;postId=646148\" data-vars-affiliate-url=\"https:\/\/www.massimodutti.com\/es\/chaleco-lazada-mezcla-lino-l06055665?pelement=50422425\"> <img class=\"centro_sinmarco\" height=\"1920\" width=\"1440\" loading=\"lazy\" decoding=\"async\" sizes=\"100vw\" fetchpriority=\"high\" srcset=\"http:\/\/hoycordobaweb.com\/wp-content\/uploads\/2025\/08\/sara-carbonero-apuesta-por-un-look-minimalista-y-lo-eleva-con-converse-durante-su-viaje-por-japon-1.jpg 450w, http:\/\/hoycordobaweb.com\/wp-content\/uploads\/2025\/08\/sara-carbonero-apuesta-por-un-look-minimalista-y-lo-eleva-con-converse-durante-su-viaje-por-japon-6.jpg 681w, http:\/\/hoycordobaweb.com\/wp-content\/uploads\/2025\/08\/sara-carbonero-apuesta-por-un-look-minimalista-y-lo-eleva-con-converse-durante-su-viaje-por-japon-7.jpg 1024w, http:\/\/hoycordobaweb.com\/wp-content\/uploads\/2025\/08\/sara-carbonero-apuesta-por-un-look-minimalista-y-lo-eleva-con-converse-durante-su-viaje-por-japon-8.jpg 1366w\" src=\"http:\/\/hoycordobaweb.com\/wp-content\/uploads\/2025\/08\/sara-carbonero-apuesta-por-un-look-minimalista-y-lo-eleva-con-converse-durante-su-viaje-por-japon-1.jpg\" alt=\"zara\"> <noscript><img alt=\"zara\" class=\"centro_sinmarco\" src=\"http:\/\/hoycordobaweb.com\/wp-content\/uploads\/2025\/08\/sara-carbonero-apuesta-por-un-look-minimalista-y-lo-eleva-con-converse-durante-su-viaje-por-japon-1.jpg\"><\/noscript> <\/a> <span>Set lino Zara<\/span> <\/div><\/div>\n<\/div>\n<p>Luego, la periodista ha coronado el <em>outfit<\/em> apostando por unas <a class=\"text-outboundlink\" href=\"https:\/\/www.trendencias.com\/shopping\/como-combinar-unas-converse-plataforma-look-elegante-casual-sport\" data-vars-post-title=\"C\u00f3mo combinar unas Converse con plataforma | Look elegante, casual y de sport \" data-vars-post-url=\"https:\/\/www.trendencias.com\/shopping\/como-combinar-unas-converse-plataforma-look-elegante-casual-sport\">Converse negras de plataforma<\/a>. Por mucho que nos gusten las sandalias, a la hora de caminar siempre son mejores unas <em>sneakers<\/em>. Nos encanta esa apuesta por las deportivas porque <strong>rompe un poco con la est\u00e9tica m\u00e1s sofisticada del <\/strong><em><strong>look<\/strong><\/em><em>. <\/em>Mantiene el <em>glamour,<\/em> pero le da ese toque m\u00e1s rockero y <em>punky<\/em>. No solo eso, la plataforma es un <em>must<\/em> para sumar un par de cent\u00edmetros sin recurrir a unos tacones, algo que nunca est\u00e1 de m\u00e1s. Un diez de diez.<\/p>\n<p><!-- BREAK 4 --><\/p>\n<p>Fotos | @<a rel=\"noopener, noreferrer\" href=\"https:\/\/www.instagram.com\/saracarbonero\/?hl=es&amp;e=34cf7b47-e598-487a-9a80-7061613c8b77&amp;g=5\">saracarbonero<\/a>, <a rel=\"nofollow, sponsored, noopener, noreferrer noopener\" target=\"_blank\" class=\"js-ecommerce\" id=\"link-ecommerce-4\" href=\"https:\/\/www.webedia-afilia.com\/redirect?url=https%3A%2F%2Fwww.massimodutti.com%2Fes%2Fchaleco-lazada-mezcla-lino-l06055665%3Fpelement%3D50422425&amp;category=moda-famosas&amp;site=trendencias&amp;ecomPostExpiration=perish&amp;postId=646148\" data-vars-affiliate-url=\"https:\/\/www.massimodutti.com\/es\/chaleco-lazada-mezcla-lino-l06055665?pelement=50422425\">Zara<\/a><\/p>\n<p>En Trendencias | <a class=\"text-outboundlink\" href=\"https:\/\/www.trendencias.com\/propuestas-y-consejos\/camisetas-que-seran-tendencia-2023-polo-lujo-a-disenos-alma-motera\" data-vars-post-title=\"Las camisetas de moda en 2025: del polo noventero a las camisetas con fruncidos\" data-vars-post-url=\"https:\/\/www.trendencias.com\/propuestas-y-consejos\/camisetas-que-seran-tendencia-2023-polo-lujo-a-disenos-alma-motera\">Las camisetas de moda en 2025: del polo noventero a las camisetas con fruncidos<\/a>.<\/p>\n","protected":false},"excerpt":{"rendered":"<p>Por muy fashion victims que seamos, a la hora de hacer nuestra maleta de viaje, dispuestas a patear de arriba abajo alguna ciudad europea o una capital al otro lado del charco, la comodidad va siempre por delante. Sabemos bien que un buen look puede ser perfectamente sin\u00f3nimo de comfort, pero Sara Carbonero lo ha [&hellip;]<\/p>\n","protected":false},"author":1,"featured_media":113647,"comment_status":"closed","ping_status":"closed","sticky":false,"template":"","format":"standard","meta":[],"categories":[],"tags":[],"_links":{"self":[{"href":"http:\/\/hoycordobaweb.com\/index.php\/wp-json\/wp\/v2\/posts\/113646"}],"collection":[{"href":"http:\/\/hoycordobaweb.com\/index.php\/wp-json\/wp\/v2\/posts"}],"about":[{"href":"http:\/\/hoycordobaweb.com\/index.php\/wp-json\/wp\/v2\/types\/post"}],"author":[{"embeddable":true,"href":"http:\/\/hoycordobaweb.com\/index.php\/wp-json\/wp\/v2\/users\/1"}],"replies":[{"embeddable":true,"href":"http:\/\/hoycordobaweb.com\/index.php\/wp-json\/wp\/v2\/comments?post=113646"}],"version-history":[{"count":0,"href":"http:\/\/hoycordobaweb.com\/index.php\/wp-json\/wp\/v2\/posts\/113646\/revisions"}],"wp:featuredmedia":[{"embeddable":true,"href":"http:\/\/hoycordobaweb.com\/index.php\/wp-json\/wp\/v2\/media\/113647"}],"wp:attachment":[{"href":"http:\/\/hoycordobaweb.com\/index.php\/wp-json\/wp\/v2\/media?parent=113646"}],"wp:term":[{"taxonomy":"category","embeddable":true,"href":"http:\/\/hoycordobaweb.com\/index.php\/wp-json\/wp\/v2\/categories?post=113646"},{"taxonomy":"post_tag","embeddable":true,"href":"http:\/\/hoycordobaweb.com\/index.php\/wp-json\/wp\/v2\/tags?post=113646"}],"curies":[{"name":"wp","href":"https:\/\/api.w.org\/{rel}","templated":true}]}}