{"id":113640,"date":"2025-08-11T11:45:53","date_gmt":"2025-08-11T11:45:53","guid":{"rendered":"https:\/\/www.mujerhoy.com\/moda\/no-te-pierdas\/tops-volantes-tendencia-verano-temporada-20250811080321-nt.html"},"modified":"2025-08-11T11:45:53","modified_gmt":"2025-08-11T11:45:53","slug":"los-tops-con-volantes-estan-mas-de-moda-que-nunca-asi-se-llevan-esta-temporada","status":"publish","type":"post","link":"http:\/\/hoycordobaweb.com\/index.php\/2025\/08\/11\/los-tops-con-volantes-estan-mas-de-moda-que-nunca-asi-se-llevan-esta-temporada\/","title":{"rendered":"Los tops con volantes est\u00e1n m\u00e1s de moda que nunca. As\u00ed se llevan esta temporada."},"content":{"rendered":"<p><!-- AUTHOR --><\/p>\n<div class=\"voc-author-timesocial \">\n<!-- AUTHOR --><\/p>\n<div class=\"voc-author-timesocial__signature \">\n<!-- IMAGE AUTHOR -->\n<picture class=\"voc-image-signature\">\n<img class=\"voc-image-signature__img\" src=\"http:\/\/hoycordobaweb.com\/wp-content\/uploads\/2025\/08\/los-tops-con-volantes-estan-mas-de-moda-que-nunca-asi-se-llevan-esta-temporada.jpg\" alt=\"Gemma Cano\">\n<\/picture>\n<!-- INFO AUTHOR --><\/p>\n<div class=\"voc-author-timesocial__info\" data-mrf-recirculation=\"Autor\">\n<div class=\"voc-author-info\">\n<author><br \/>\n<a class=\"voc-author\" href=\"https:\/\/www.mujerhoy.com\/autor\/gemma-cano-1220.html\">Gemma Cano<\/a><br \/>\n<\/author><br \/>\n<!-- TIME --><br \/>\n<time datetime=\"2025-08-11T11:45:53Z\" data-timestamp><br \/>\nPublicado \u00b7 <span data-voc-date-modified-short> 11 de agosto de 2025, 13:45 h <\/span><br \/>\n<\/time>\n<\/div>\n<\/div>\n<\/div><\/div>\n<p><!-- COMPONENTS --><\/p>\n<p class=\"voc-paragraph\">Las altas temperaturas del mes de agosto nos invitan a so\u00f1ar con looks muy relajados, pero no por ello menos cuidados. Estamos en la etapa del a\u00f1o en la que podemos lucir mil y un looks frescos y estilosos. Y el top con volantes es la prenda que siempre resurge cuando el mercurio supera la barrera de los 30 grados. <\/p>\n<p class=\"voc-paragraph\"><strong>Esta sencilla prenda puede transformar por completo cualquier look de verano<\/strong>, ya que aporta un punto bohemio a cualquier armario. Tanto si se trata de un estilismo de d\u00eda, como de una propuesta para un plan nocturno, el top de volantes, en su versi\u00f3n m\u00e1s ligera, es la tendencia m\u00e1s vers\u00e1til que podemos lucir ahora mismo.<\/p>\n<div class=\"v-c-cmp v-c-cmp--t1 \">\n<div class=\"v-cmp-rld v-cmp-rld--2 \">\n<div class=\"v-cnt-m v-cnt-m--m\">\n<div class=\"v-cnt-m__c\">\n<div class=\"v-cnt-m__w v-cnt-m__w--1\">\n<p class=\"v-cnt-m__t\">\nTAMBI\u00c9N TE INTERESA\n<\/p>\n<\/div>\n<\/div>\n<\/div>\n<div class=\"v-g v-g--2-c v-g--bdr-min-xs\">\n<div class=\"v-g__c \">\n<article class=\"v-a v-a--cmp-rld v-a--cmp-rld-2 v-a--p-l\">\n<div class=\"v-a-img-c\">\n<figure class=\"v-a-fig\">\n<a href=\"https:\/\/www.mujerhoy.com\/moda\/no-te-pierdas\/bolso-barato-colores-verano-nuevo-20250806141604-nt.html#vtm_modulosEngag=mod-rel:moda:noticia:1:cmp:2-not\" class=\"v-a-link\" title=\"Estos son los bolsos de colores m\u00e1s bonitos y virales de la nueva temporada\"><br \/>\n<img loading=\"lazy\" class=\"v-a-img\" src=\"http:\/\/hoycordobaweb.com\/wp-content\/uploads\/2025\/08\/los-tops-con-volantes-estan-mas-de-moda-que-nunca-asi-se-llevan-esta-temporada-1.jpg\" alt=\"Estos son los bolsos de colores m\u00e1s bonitos y virales de la nueva temporada\"><br \/>\n<\/a><br \/>\n<\/figure>\n<\/div>\n<\/article>\n<\/div>\n<div class=\"v-g__c \">\n<article class=\"v-a v-a--cmp-rld v-a--cmp-rld-2 v-a--p-l\">\n<div class=\"v-a-img-c\">\n<figure class=\"v-a-fig\">\n<a href=\"https:\/\/www.mujerhoy.com\/moda\/no-te-pierdas\/vestido-verano-basicos-zara-baratos-nuevo-20250731090114-nt.html#vtm_modulosEngag=mod-rel:moda:noticia:2:cmp:2-not\" class=\"v-a-link\" title=\"Los vestidos bohemios que mejor sientan, y en los que merece la pena invertir, est\u00e1n aqu\u00ed\"><br \/>\n<img loading=\"lazy\" class=\"v-a-img\" src=\"http:\/\/hoycordobaweb.com\/wp-content\/uploads\/2025\/08\/los-tops-con-volantes-estan-mas-de-moda-que-nunca-asi-se-llevan-esta-temporada-2.jpg\" alt=\"Los vestidos bohemios que mejor sientan, y en los que merece la pena invertir, est\u00e1n aqu\u00ed\"><br \/>\n<\/a><br \/>\n<\/figure>\n<\/div>\n<\/article>\n<\/div>\n<\/div>\n<\/div>\n<\/div>\n<p class=\"voc-paragraph\">Ahora bien, \u00bfqu\u00e9 colores y dise\u00f1os deber\u00edamos tener en cuenta? \u00bfY c\u00f3mo podemos dar un nuevo giro de estilo a nuestros looks diarios justo a tiempo para preparar la maleta de vacaciones? Para que salgas de compras con los deberes hechos, hemos seleccionado los mejores dise\u00f1os de los <a href=\"https:\/\/www.mujerhoy.com\/moda\/no-te-pierdas\/camisa-blanca-nuevo-instagram-basicos-baratos-mango-20250727091054-nt.html\" target=\"_self\" data-voc-vtm-id=\"in-text-traffic\" title=\"avances de colecci\u00f3n\" data-mrf-link=\"www.mujerhoy.com\" rel=\"noopener noreferrer\">avances de colecci\u00f3n<\/a> de nuestras firmas favoritas.<\/p>\n<p class=\"voc-paragraph\">Aunque siempre han estado entre nosotros este verano los tops de volantes vienen pisando fuerte. Una prenda apta para todas las edad y estilos. Y los avances de colecci\u00f3n de verano est\u00e1n de nuestro lado porque llegan cargados de propuestas que apuestan por esta tendencia.<\/p>\n<div class=\"v-c-cmp v-c-cmp--s\">\n<div class=\"v-cmp-m \">\n<article class=\"v-a v-a--cmp-m v-c-cmp--m-z\">\n<div class=\"v-a-img-c \">\n<div class=\"v-a-fig\">\n<button class=\"v-a-link\" popovertarget=\"photo-930\"><br \/>\n<img loading=\"lazy\" src=\"http:\/\/hoycordobaweb.com\/wp-content\/uploads\/2025\/08\/los-tops-con-volantes-estan-mas-de-moda-que-nunca-asi-se-llevan-esta-temporada-3.jpg\" class=\"v-a-img\" width=\"650\" height=\"650\" alt data-voc-vtm-id=\"in-text-traffic\"> <\/button>\n<\/div>\n<\/div>\n<div id=\"photo-930\" popover class=\"v-mdl v-mdl--fw\">\n<button class=\"v-x\" popovertarget=\"photo-930\" popovertargetaction=\"hide\"><br \/>\n<span class=\"v-i\"><br \/>\n<svg width=\"24\" height=\"23.996\" viewBox=\"0 0 24 23.996\">\n<path data-name=\"Uni\u00f3n 29\" d=\"M12,14.03,2.031,24,0,21.963,9.968,12,0,2.033,2.031,0,12,9.966,21.969,0,24,2.033,14.032,12,24,21.963,21.969,24Z\" \/>\n<\/svg><br \/>\n<\/span><br \/>\n<\/button><\/p>\n<div class=\"v-mdl__c\">\n<div class=\"v-mdl__w\">\n<img loading=\"lazy\" src=\"http:\/\/hoycordobaweb.com\/wp-content\/uploads\/2025\/08\/los-tops-con-volantes-estan-mas-de-moda-que-nunca-asi-se-llevan-esta-temporada-3.jpg\" class=\"v-mdl__img-z\" width=\"650\" height=\"650\" alt>\n<\/div>\n<\/div>\n<\/div>\n<p><span class=\"v-bdp\"><\/span><br \/>\n<\/article>\n<\/div>\n<\/div>\n<p class=\"voc-paragraph\">Y para ayudarte en esta b\u00fasqueda del top con volantes perfecto, <strong>hemos escogido algunas de las propuestas m\u00e1s bonitas y vers\u00e1tiles del momento<\/strong>. Detalles rom\u00e1nticos, propuestas de estilo rom\u00e1ntico, colores pastel o neutros y mucho m\u00e1s. \u00a1Lo dif\u00edcil ser\u00e1 elegir solo uno!<\/p>\n<div class=\"v-c-cmp v-c-cmp--s\">\n<div class=\"v-cmp-m \">\n<article class=\"v-a v-a--cmp-m v-c-cmp--m-z\">\n<div class=\"v-a-img-c \">\n<div class=\"v-a-fig\">\n<button class=\"v-a-link\" popovertarget=\"photo-592\"><br \/>\n<img loading=\"lazy\" src=\"http:\/\/hoycordobaweb.com\/wp-content\/uploads\/2025\/08\/los-tops-con-volantes-estan-mas-de-moda-que-nunca-asi-se-llevan-esta-temporada-4.jpg\" class=\"v-a-img\" width=\"650\" height=\"650\" alt=\"Top con volantes de Zara (22,99 euros)\" data-voc-vtm-id=\"in-text-traffic\"> <\/button><figcaption class=\"v-fc\">\n<span class=\"v-fc__t\"><br \/>\nTop con volantes de Zara (22,99 euros)<br \/>\n<\/span><br \/>\n<\/figcaption><\/div>\n<\/div>\n<div id=\"photo-592\" popover class=\"v-mdl v-mdl--fw\">\n<button class=\"v-x\" popovertarget=\"photo-592\" popovertargetaction=\"hide\"><br \/>\n<span class=\"v-i\"><br \/>\n<svg width=\"24\" height=\"23.996\" viewBox=\"0 0 24 23.996\">\n<path data-name=\"Uni\u00f3n 29\" d=\"M12,14.03,2.031,24,0,21.963,9.968,12,0,2.033,2.031,0,12,9.966,21.969,0,24,2.033,14.032,12,24,21.963,21.969,24Z\" \/>\n<\/svg><br \/>\n<\/span><br \/>\n<\/button><\/p>\n<div class=\"v-mdl__c\">\n<div class=\"v-mdl__w\">\n<img loading=\"lazy\" src=\"http:\/\/hoycordobaweb.com\/wp-content\/uploads\/2025\/08\/los-tops-con-volantes-estan-mas-de-moda-que-nunca-asi-se-llevan-esta-temporada-4.jpg\" class=\"v-mdl__img-z\" width=\"650\" height=\"650\" alt>\n<\/div>\n<\/div>\n<\/div>\n<p><span class=\"v-bdp\"><\/span><br \/>\n<\/article>\n<\/div>\n<\/div>\n<p><h3 class=\"v-cmp-suh\">\nTop con volantes de Zara (22,99 euros)<br \/>\n<\/h3>\n<\/p>\n<p class=\"voc-paragraph\">La secci\u00f3n de novedades de la popular firma de Inditex llega cargada de prendas de punto tan bonitas como este dise\u00f1o en blanco y negro con volantes. Una propuesta que llevar\u00e1s sin parar las \u00faltimas semanas de verano.<\/p>\n<div class=\"v-c-cmp v-c-cmp--s\">\n<div class=\"v-cmp-m \">\n<article class=\"v-a v-a--cmp-m v-c-cmp--m-z\">\n<div class=\"v-a-img-c \">\n<div class=\"v-a-fig\">\n<button class=\"v-a-link\" popovertarget=\"photo-752\"><br \/>\n<img loading=\"lazy\" src=\"http:\/\/hoycordobaweb.com\/wp-content\/uploads\/2025\/08\/los-tops-con-volantes-estan-mas-de-moda-que-nunca-asi-se-llevan-esta-temporada-5.jpg\" class=\"v-a-img\" width=\"650\" height=\"650\" alt=\"Top con volantes de Zara (19,99 euros)\" data-voc-vtm-id=\"in-text-traffic\"> <\/button><figcaption class=\"v-fc\">\n<span class=\"v-fc__t\"><br \/>\nTop con volantes de Zara (19,99 euros)<br \/>\n<\/span><br \/>\n<\/figcaption><\/div>\n<\/div>\n<div id=\"photo-752\" popover class=\"v-mdl v-mdl--fw\">\n<button class=\"v-x\" popovertarget=\"photo-752\" popovertargetaction=\"hide\"><br \/>\n<span class=\"v-i\"><br \/>\n<svg width=\"24\" height=\"23.996\" viewBox=\"0 0 24 23.996\">\n<path data-name=\"Uni\u00f3n 29\" d=\"M12,14.03,2.031,24,0,21.963,9.968,12,0,2.033,2.031,0,12,9.966,21.969,0,24,2.033,14.032,12,24,21.963,21.969,24Z\" \/>\n<\/svg><br \/>\n<\/span><br \/>\n<\/button><\/p>\n<div class=\"v-mdl__c\">\n<div class=\"v-mdl__w\">\n<img loading=\"lazy\" src=\"http:\/\/hoycordobaweb.com\/wp-content\/uploads\/2025\/08\/los-tops-con-volantes-estan-mas-de-moda-que-nunca-asi-se-llevan-esta-temporada-5.jpg\" class=\"v-mdl__img-z\" width=\"650\" height=\"650\" alt>\n<\/div>\n<\/div>\n<\/div>\n<p><span class=\"v-bdp\"><\/span><br \/>\n<\/article>\n<\/div>\n<\/div>\n<p><h3 class=\"v-cmp-suh\">\nTop con volantes de Zara (19,99 euros)<br \/>\n<\/h3>\n<\/p>\n<p class=\"voc-paragraph\">\u00a1Ahora s\u00ed que s\u00ed! Las rebajas de verano est\u00e1n llegando a su fin y ha llegado el momento de comenzar a descubrir todas las novedades que est\u00e1n llegando las tiendas. Este top con volantes es uno de nuestros favoritos de Zara.<\/p>\n<div class=\"v-c-cmp v-c-cmp--s\">\n<div class=\"v-cmp-m \">\n<article class=\"v-a v-a--cmp-m v-c-cmp--m-z\">\n<div class=\"v-a-img-c \">\n<div class=\"v-a-fig\">\n<button class=\"v-a-link\" popovertarget=\"photo-801\"><br \/>\n<img loading=\"lazy\" src=\"http:\/\/hoycordobaweb.com\/wp-content\/uploads\/2025\/08\/los-tops-con-volantes-estan-mas-de-moda-que-nunca-asi-se-llevan-esta-temporada-6.jpg\" class=\"v-a-img\" width=\"650\" height=\"650\" alt=\"Top con volantes de H&amp;M (17,99 euros)\" data-voc-vtm-id=\"in-text-traffic\"> <\/button><figcaption class=\"v-fc\">\n<span class=\"v-fc__t\"><br \/>\nTop con volantes de H&amp;M (17,99 euros)<br \/>\n<\/span><br \/>\n<\/figcaption><\/div>\n<\/div>\n<div id=\"photo-801\" popover class=\"v-mdl v-mdl--fw\">\n<button class=\"v-x\" popovertarget=\"photo-801\" popovertargetaction=\"hide\"><br \/>\n<span class=\"v-i\"><br \/>\n<svg width=\"24\" height=\"23.996\" viewBox=\"0 0 24 23.996\">\n<path data-name=\"Uni\u00f3n 29\" d=\"M12,14.03,2.031,24,0,21.963,9.968,12,0,2.033,2.031,0,12,9.966,21.969,0,24,2.033,14.032,12,24,21.963,21.969,24Z\" \/>\n<\/svg><br \/>\n<\/span><br \/>\n<\/button><\/p>\n<div class=\"v-mdl__c\">\n<div class=\"v-mdl__w\">\n<img loading=\"lazy\" src=\"http:\/\/hoycordobaweb.com\/wp-content\/uploads\/2025\/08\/los-tops-con-volantes-estan-mas-de-moda-que-nunca-asi-se-llevan-esta-temporada-6.jpg\" class=\"v-mdl__img-z\" width=\"650\" height=\"650\" alt>\n<\/div>\n<\/div>\n<\/div>\n<p><span class=\"v-bdp\"><\/span><br \/>\n<\/article>\n<\/div>\n<\/div>\n<p><h3 class=\"v-cmp-suh\">\nTop con volantes de H&amp;M (17,99 euros)<br \/>\n<\/h3>\n<\/p>\n<p class=\"voc-paragraph\">Este tipo de prendas en colores pastel son una apuesta segura para cualquier look de verano. Apuesta por el rosa, en su versi\u00f3n empolvada, para conseguir el mejor estilismo del momento. Este dise\u00f1o fluido tiene todo lo que necesitas.<\/p>\n<div class=\"v-c-cmp v-c-cmp--s\">\n<div class=\"v-cmp-m \">\n<article class=\"v-a v-a--cmp-m v-c-cmp--m-z\">\n<div class=\"v-a-img-c \">\n<div class=\"v-a-fig\">\n<button class=\"v-a-link\" popovertarget=\"photo-504\"><br \/>\n<img loading=\"lazy\" src=\"http:\/\/hoycordobaweb.com\/wp-content\/uploads\/2025\/08\/los-tops-con-volantes-estan-mas-de-moda-que-nunca-asi-se-llevan-esta-temporada-7.jpg\" class=\"v-a-img\" width=\"650\" height=\"650\" alt=\"Top con volantes de Mango (25,99 euros)\" data-voc-vtm-id=\"in-text-traffic\"> <\/button><figcaption class=\"v-fc\">\n<span class=\"v-fc__t\"><br \/>\nTop con volantes de Mango (25,99 euros)<br \/>\n<\/span><br \/>\n<\/figcaption><\/div>\n<\/div>\n<div id=\"photo-504\" popover class=\"v-mdl v-mdl--fw\">\n<button class=\"v-x\" popovertarget=\"photo-504\" popovertargetaction=\"hide\"><br \/>\n<span class=\"v-i\"><br \/>\n<svg width=\"24\" height=\"23.996\" viewBox=\"0 0 24 23.996\">\n<path data-name=\"Uni\u00f3n 29\" d=\"M12,14.03,2.031,24,0,21.963,9.968,12,0,2.033,2.031,0,12,9.966,21.969,0,24,2.033,14.032,12,24,21.963,21.969,24Z\" \/>\n<\/svg><br \/>\n<\/span><br \/>\n<\/button><\/p>\n<div class=\"v-mdl__c\">\n<div class=\"v-mdl__w\">\n<img loading=\"lazy\" src=\"http:\/\/hoycordobaweb.com\/wp-content\/uploads\/2025\/08\/los-tops-con-volantes-estan-mas-de-moda-que-nunca-asi-se-llevan-esta-temporada-7.jpg\" class=\"v-mdl__img-z\" width=\"650\" height=\"650\" alt>\n<\/div>\n<\/div>\n<\/div>\n<p><span class=\"v-bdp\"><\/span><br \/>\n<\/article>\n<\/div>\n<\/div>\n<p><h3 class=\"v-cmp-suh\">\nTop con volantes de Mango (25,99 euros)<br \/>\n<\/h3>\n<\/p>\n<p class=\"voc-paragraph\">El escote palabra de honor ha regresado con fuerza. Ll\u00e9valo sobre un bonito top con volantes, que podr\u00e1s estrenar en las noches de verano, con tus vaqueros favoritos. Elige un color neutro, como el beige, que puedas llevar con todo.<\/p>\n<div class=\"v-c-cmp v-c-cmp--t1 \">\n<div class=\"v-cmp-rld v-cmp-rld--2 \">\n<div class=\"v-cnt-m v-cnt-m--m\">\n<div class=\"v-cnt-m__c\">\n<div class=\"v-cnt-m__w v-cnt-m__w--1\">\n<p class=\"v-cnt-m__t\">\nTAMBI\u00c9N TE INTERESA\n<\/p>\n<\/div>\n<\/div>\n<\/div>\n<div class=\"v-g v-g--2-c v-g--bdr-min-xs\">\n<div class=\"v-g__c \">\n<article class=\"v-a v-a--cmp-rld v-a--cmp-rld-2 v-a--p-l\">\n<div class=\"v-a-img-c\">\n<figure class=\"v-a-fig\">\n<a href=\"https:\/\/www.mujerhoy.com\/moda\/no-te-pierdas\/vestido-rojo-tendencia-viral-verano-2025-20250807084736-nt.html#vtm_modulosEngag=mod-rel:moda:noticia:1:cmp:2-not\" class=\"v-a-link\" title=\"Los vestidos rojos son la tendencia m\u00e1s viral del verano 2025\"><br \/>\n<img loading=\"lazy\" class=\"v-a-img\" src=\"http:\/\/hoycordobaweb.com\/wp-content\/uploads\/2025\/08\/los-tops-con-volantes-estan-mas-de-moda-que-nunca-asi-se-llevan-esta-temporada-8.jpg\" alt=\"Los vestidos rojos son la tendencia m\u00e1s viral del verano 2025\"><br \/>\n<\/a><br \/>\n<\/figure>\n<\/div>\n<\/article>\n<\/div>\n<div class=\"v-g__c \">\n<article class=\"v-a v-a--cmp-rld v-a--cmp-rld-2 v-a--p-l\">\n<div class=\"v-a-img-c\">\n<figure class=\"v-a-fig\">\n<a href=\"https:\/\/www.mujerhoy.com\/moda\/no-te-pierdas\/nuevo-vaqueros-colores-tipazo-verano-zara-20250808105131-nt.html#vtm_modulosEngag=mod-rel:moda:noticia:2:cmp:2-not\" class=\"v-a-link\" title=\"Los vaqueros de colores, que hacen tipazo, que tienes que a\u00f1adir a tu lista de deseos\"><br \/>\n<img loading=\"lazy\" class=\"v-a-img\" src=\"http:\/\/hoycordobaweb.com\/wp-content\/uploads\/2025\/08\/los-tops-con-volantes-estan-mas-de-moda-que-nunca-asi-se-llevan-esta-temporada-9.jpg\" alt=\"Los vaqueros de colores, que hacen tipazo, que tienes que a\u00f1adir a tu lista de deseos\"><br \/>\n<\/a><br \/>\n<\/figure>\n<\/div>\n<\/article>\n<\/div>\n<\/div>\n<\/div>\n<\/div>\n<div class=\"media_block\"><\/div>\n","protected":false},"excerpt":{"rendered":"<p>Gemma Cano Publicado \u00b7 11 de agosto de 2025, 13:45 h Las altas temperaturas del mes de agosto nos invitan a so\u00f1ar con looks muy relajados, pero no por ello menos cuidados. Estamos en la etapa del a\u00f1o en la que podemos lucir mil y un looks frescos y estilosos. Y el top con volantes [&hellip;]<\/p>\n","protected":false},"author":1,"featured_media":113641,"comment_status":"closed","ping_status":"closed","sticky":false,"template":"","format":"standard","meta":[],"categories":[],"tags":[],"_links":{"self":[{"href":"http:\/\/hoycordobaweb.com\/index.php\/wp-json\/wp\/v2\/posts\/113640"}],"collection":[{"href":"http:\/\/hoycordobaweb.com\/index.php\/wp-json\/wp\/v2\/posts"}],"about":[{"href":"http:\/\/hoycordobaweb.com\/index.php\/wp-json\/wp\/v2\/types\/post"}],"author":[{"embeddable":true,"href":"http:\/\/hoycordobaweb.com\/index.php\/wp-json\/wp\/v2\/users\/1"}],"replies":[{"embeddable":true,"href":"http:\/\/hoycordobaweb.com\/index.php\/wp-json\/wp\/v2\/comments?post=113640"}],"version-history":[{"count":0,"href":"http:\/\/hoycordobaweb.com\/index.php\/wp-json\/wp\/v2\/posts\/113640\/revisions"}],"wp:featuredmedia":[{"embeddable":true,"href":"http:\/\/hoycordobaweb.com\/index.php\/wp-json\/wp\/v2\/media\/113641"}],"wp:attachment":[{"href":"http:\/\/hoycordobaweb.com\/index.php\/wp-json\/wp\/v2\/media?parent=113640"}],"wp:term":[{"taxonomy":"category","embeddable":true,"href":"http:\/\/hoycordobaweb.com\/index.php\/wp-json\/wp\/v2\/categories?post=113640"},{"taxonomy":"post_tag","embeddable":true,"href":"http:\/\/hoycordobaweb.com\/index.php\/wp-json\/wp\/v2\/tags?post=113640"}],"curies":[{"name":"wp","href":"https:\/\/api.w.org\/{rel}","templated":true}]}}