{"id":113636,"date":"2025-08-10T23:46:38","date_gmt":"2025-08-10T23:46:38","guid":{"rendered":"https:\/\/www.ole.com.ar\/river-plate\/problema-central-river-urgencias-gallardo-defensa-libertadores_0_yMI5pxb5Ld.html"},"modified":"2025-08-10T23:46:38","modified_gmt":"2025-08-10T23:46:38","slug":"problema-central-las-urgencias-de-gallardo-para-armar-la-defensa-de-river-en-la-copa","status":"publish","type":"post","link":"http:\/\/hoycordobaweb.com\/index.php\/2025\/08\/10\/problema-central-las-urgencias-de-gallardo-para-armar-la-defensa-de-river-en-la-copa\/","title":{"rendered":"Problema central: las urgencias de Gallardo para armar la defensa de River en la Copa"},"content":{"rendered":"<p><img src=\"http:\/\/hoycordobaweb.com\/wp-content\/uploads\/2025\/08\/problema-central-las-urgencias-de-gallardo-para-armar-la-defensa-de-river-en-la-copa.jpg\"><\/p>\n<p><time class=\"createDate\" datetime=\"2025-08-10T20:46:38-03:00\">10\/08\/2025 20:46hs.<\/time><\/p>\n<div id=\"storyBody\">\n<div class=\"custom-text \" readability=\"43.588349514563\">\n<p>Hace un buen rato que <a href=\"https:\/\/www.ole.com.ar\/tema\/river-plate.html\" title=\"River Plate\" alt=\"River Plate\" class=\"slug\">River<\/a> viene sufriendo por las lesiones. Lesiones que aparecen en momentos muy inconvenientes, adem\u00e1s. Algunas fueron musculares, pero muchas otras, las recientes sobre todo, producto de malos movimientos o jugadas accidentales. Y la \u00faltima fue la m\u00e1s dolorosa de todas, por la gravedad del diagn\u00f3stico, por el protagonista, con tanta ascendencia en el grupo, y especialmente por el contexto: la rotura del ligamento cruzado anterior de la rodilla izquierda de <a href=\"https:\/\/www.ole.com.ar\/tema\/german-pezzella.html\" title=\"Germ\u00e1n Pezzella\" alt=\"Germ\u00e1n Pezzella\" class=\"slug\">Germ\u00e1n Pezzella<\/a>, despu\u00e9s de una disputa con Mazzantti el s\u00e1bado en el 0-0 con el Rojo, fue la peor noticia de este fin de semana para el CARP y dejar\u00e1 al central campe\u00f3n del mundo fuera de las canchas por al menos ocho meses. As\u00ed, <a href=\"https:\/\/www.ole.com.ar\/tema\/marcelo-gallardo.html\" title=\"Marcelo Gallardo\" alt=\"Marcelo Gallardo\" class=\"slug\">Marcelo Gallardo<\/a> pierde a uno de los zagueros m\u00e1s importantes de su plantel pero sobre todo a quien era una fija para una serie de octavos de final contra Libertad por <a href=\"https:\/\/www.ole.com.ar\/tema\/copa-libertadores.html\" title=\"Copa Libertadores\" alt=\"Copa Libertadores\" class=\"slug\">Copa Libertadores<\/a> que arrancar\u00e1 este jueves con un panorama bien complicado. <strong>Y es que el Mu\u00f1eco hoy tiene un problema central. O varios.<\/strong><\/p>\n<\/div>\n<div class=\"sc-e7b891c4-0 ifHnQL image-embed\"><img alt=\"La dura lesi\u00f3n de Pezzella frente a Independiente (Fernando De la Orden).\" loading=\"lazy\" width=\"720\" height=\"100\" decoding=\"async\" data-nimg=\"1\" src=\"http:\/\/hoycordobaweb.com\/wp-content\/uploads\/2025\/08\/problema-central-las-urgencias-de-gallardo-para-armar-la-defensa-de-river-en-la-copa-2.jpg\"><span class=\"epigraphe\">La dura lesi\u00f3n de Pezzella frente a Independiente (Fernando De la Orden).<\/span><\/div>\n<div class=\"custom-text \" readability=\"42\">\n<p>Sin Pezzella, que se hizo los estudios en la ma\u00f1ana del domingo, sin un <strong>Lucas Mart\u00ednez Quarta<\/strong> que sigue recuper\u00e1ndose del esguince del ligamento colateral de su rodilla derecha, con un <strong>Paulo D\u00edaz<\/strong> tocado que fue baja contra Independiente por la inflamaci\u00f3n recurrente en su rodilla izquierda, sin <strong>Lautaro Rivero<\/strong> en la lista de buena fe de la Copa y con un <strong>Juan Carlos Portillo<\/strong> que a\u00fan no logr\u00f3 debutar por una tendinitis que arrastraba de sus \u00faltimos d\u00edas en Talleres, hoy MG solo tiene al 100% para el primer duelo en Paraguay a <strong>Sebasti\u00e1n Boselli<\/strong>, repescado de Estudiantes, que en Avellaneda sum\u00f3 sus primeros minutos desde su regreso con un nivel irregular.<\/p>\n<\/div>\n<div class=\"custom-text \" readability=\"41\">\n<p>En todo caso, la buena es que desde el cuerpo t\u00e9cnico conf\u00edan en que Paulo D\u00edaz podr\u00e1 jugar sin problemas en Asunci\u00f3n: al chileno, que en el entrenamiento de este domingo se entren\u00f3 de forma diferenciada, lo tendr\u00e1n entre algodones para que pueda estar en la ida haciendo dupla con SB. Del mismo modo, entre hoy y ma\u00f1ana van a exigir a Portillo, que ya est\u00e1 f\u00edsicamente en condiciones pero sin el ritmo de trabajo ideal en los t\u00e9rminos de un MG que pensaba llevarlo de a poco y darle sus primeros minutos reci\u00e9n este domingo contra Godoy Cruz en el Monumental: la coyuntura promete acelerar los tiempos para el Sicario, que as\u00ed seguramente estar\u00e1 en la lista de Copa. <\/p>\n<\/div>\n<div class=\"custom-text \" readability=\"42\">\n<p>Y no ser\u00eda la \u00fanica medida de urgencia: <strong>Ulises Gim\u00e9nez<\/strong>, el marcador central de 19 a\u00f1os que juega en la Reserva de Escudero y que el Mu\u00f1eco hizo debutar en marzo ante Ciudad de Bol\u00edvar por Copa Argentina, tambi\u00e9n tiene podr\u00eda sumarse a la delegaci\u00f3n como recambio: el pibe, que en 2024 interrumpi\u00f3 su cesi\u00f3n a Defensa y Justicia por una rotura de ligamentos, estaba en la n\u00f3mina original de la Libertadores. El que tambi\u00e9n est\u00e1, y sigue, es<strong> Federico Gattoni<\/strong>, que ya no es tenido en cuenta: no habr\u00e1 un volantazo en la decisi\u00f3n del CT con \u00e9l.<\/p>\n<\/div>\n<div class=\"custom-text \" readability=\"42\">\n<p>Quien no figura all\u00ed es <strong>Lautaro Rivero<\/strong>, una de las pocas figuras rescatables del flojo 0-0 con el Rojo adem\u00e1s de Armani. River ten\u00eda cinco posibilidades de cambio que ocup\u00f3 con Maxi Salas (reemplaza a Rojas), Quintero (Lanzini), Portillo (Kranevitter), Galarza Fonda (Tapia) y Boselli (Gonz\u00e1lez Pirez). En el reglamento de Conmebol s\u00f3lo existe una ventana para hacer un cambio extra por lesi\u00f3n grave, como la de Pezzella, pero es \u00fanicamente para el caso de los arqueros, que en cualquier caso deben ser relevados por otro guardameta. <\/p>\n<\/div>\n<p><h2>Rivero, de titular a no integrar la lista de la Copa Libertadores<\/h2>\n<\/p>\n<div class=\"custom-text \" readability=\"46\">\n<p>As\u00ed, Rivero reci\u00e9n podr\u00e1 entrar en eventuales cuartos de final (en esa instancia se permiten otros tres cambios y para semis, otros tres): claro, el rendimiento del chico de Inferiores que fue repescado de Central C\u00f3rdoba de Santiago en su debut con Independiente expone tambi\u00e9n la mala fortuna que tuvo el CARP con las lesiones y<strong> cartas que ahora se ven mal barajadas<\/strong>. En cualquier caso, la decisi\u00f3n de Gallardo tuvo l\u00f3gica. Para el \u00faltimo lugar, el det\u00e9 ten\u00eda que optar entre Boselli, Rivero y Juan Cruz Meza (los otros de Primera que no est\u00e1n: Dad\u00edn y Woiski). Con MQ lesionado (reci\u00e9n va por la mitad de su recuperaci\u00f3n: lleva 11 d\u00edas), MG opt\u00f3 por un central, y Boselli ven\u00eda con m\u00e1s rodaje de entrenamientos teniendo en cuenta que Rivero reci\u00e9n se recuperaba de un desgarro en el s\u00f3leo derecho. No cuesta imaginar que si la lista hubiera tenido que entregarse hoy, tal vez la decisi\u00f3n cambiaba y que, incluso, el zurdo pod\u00eda estar proyectado para ser titular ante Libertad por lo que mostr\u00f3 en el LDA.<\/p>\n<\/div>\n<div class=\"custom-text \" readability=\"34\">\n<p>S\u00ed, un panorama dif\u00edcil. Otro desaf\u00edo que tendr\u00e1 que pasar River en Copa Libertadores: un problema central.<\/p>\n<\/div>\n<div class=\"sc-a7166897-0 eoLsBE\" readability=\"6.5\">\n<section readability=\"3\"><picture><img alt=\"Los dos centrales que River tiene anotados y no forman parte del plantel: \u00bfcu\u00e1l tiene chances de ir al banco?\" loading=\"lazy\" width=\"290\" height=\"290\" decoding=\"async\" data-nimg=\"1\" src=\"http:\/\/hoycordobaweb.com\/wp-content\/uploads\/2025\/08\/problema-central-las-urgencias-de-gallardo-para-armar-la-defensa-de-river-en-la-copa-3.jpg\"><\/picture>\n<p><span>Mir\u00e1 tambi\u00e9n<\/span><\/p>\n<hr>\n<h3>Los dos centrales que River tiene anotados y no forman parte del plantel: \u00bfcu\u00e1l tiene chances de ir al banco?<\/h3>\n<\/p>\n<\/section>\n<\/div>\n<div class=\"sc-a7166897-0 eoLsBE\" readability=\"6\">\n<section readability=\"2\"><picture><img alt=\"Los momentos m\u00e1s dif\u00edciles de Germ\u00e1n Pezzella en River\" loading=\"lazy\" width=\"290\" height=\"290\" decoding=\"async\" data-nimg=\"1\" src=\"http:\/\/hoycordobaweb.com\/wp-content\/uploads\/2025\/08\/problema-central-las-urgencias-de-gallardo-para-armar-la-defensa-de-river-en-la-copa-4.jpg\"><\/picture>\n<p><span>Mir\u00e1 tambi\u00e9n<\/span><\/p>\n<hr>\n<h3>Los momentos m\u00e1s dif\u00edciles de Germ\u00e1n Pezzella en River<\/h3>\n<\/p>\n<\/section>\n<\/div>\n<div class=\"sc-a7166897-0 eoLsBE\" readability=\"6\">\n<section readability=\"2\"><picture><img alt=\"Un indicio positivo para Gallardo en la pr\u00e1ctica de River de este domingo\" loading=\"lazy\" width=\"290\" height=\"290\" decoding=\"async\" data-nimg=\"1\" src=\"http:\/\/hoycordobaweb.com\/wp-content\/uploads\/2025\/08\/problema-central-las-urgencias-de-gallardo-para-armar-la-defensa-de-river-en-la-copa-5.jpg\"><\/picture>\n<p><span>Mir\u00e1 tambi\u00e9n<\/span><\/p>\n<hr>\n<h3>Un indicio positivo para Gallardo en la pr\u00e1ctica de River de este domingo<\/h3>\n<\/p>\n<\/section>\n<\/div>\n<div class=\"sc-a7166897-0 eoLsBE\" readability=\"6\">\n<section readability=\"2\"><picture><img alt=\"Por qu\u00e9 River no puede inscribir a Rivero en la lista de la Copa\" loading=\"lazy\" width=\"290\" height=\"290\" decoding=\"async\" data-nimg=\"1\" src=\"http:\/\/hoycordobaweb.com\/wp-content\/uploads\/2025\/08\/problema-central-las-urgencias-de-gallardo-para-armar-la-defensa-de-river-en-la-copa-6.jpg\"><\/picture>\n<p><span>Mir\u00e1 tambi\u00e9n<\/span><\/p>\n<hr>\n<h3>Por qu\u00e9 River no puede inscribir a Rivero en la lista de la Copa<\/h3>\n<\/p>\n<\/section>\n<\/div>\n<div class=\"sc-a7166897-0 eoLsBE\" readability=\"6.5\">\n<section readability=\"3\"><picture><img alt=\"Confirmado: Pezzella sufri\u00f3 la rotura de ligamento cruzado anterior de su rodilla izquierda \" loading=\"lazy\" width=\"290\" height=\"290\" decoding=\"async\" data-nimg=\"1\" src=\"http:\/\/hoycordobaweb.com\/wp-content\/uploads\/2025\/08\/problema-central-las-urgencias-de-gallardo-para-armar-la-defensa-de-river-en-la-copa-7.jpg\"><\/picture>\n<p><span>Mir\u00e1 tambi\u00e9n<\/span><\/p>\n<hr>\n<h3>Confirmado: Pezzella sufri\u00f3 la rotura de ligamento cruzado anterior de su rodilla izquierda <\/h3>\n<\/p>\n<\/section>\n<\/div>\n<\/div>\n","protected":false},"excerpt":{"rendered":"<p>10\/08\/2025 20:46hs. Hace un buen rato que River viene sufriendo por las lesiones. Lesiones que aparecen en momentos muy inconvenientes, adem\u00e1s. Algunas fueron musculares, pero muchas otras, las recientes sobre todo, producto de malos movimientos o jugadas accidentales. Y la \u00faltima fue la m\u00e1s dolorosa de todas, por la gravedad del diagn\u00f3stico, por el protagonista, [&hellip;]<\/p>\n","protected":false},"author":1,"featured_media":113637,"comment_status":"open","ping_status":"closed","sticky":false,"template":"","format":"standard","meta":[],"categories":[16],"tags":[],"_links":{"self":[{"href":"http:\/\/hoycordobaweb.com\/index.php\/wp-json\/wp\/v2\/posts\/113636"}],"collection":[{"href":"http:\/\/hoycordobaweb.com\/index.php\/wp-json\/wp\/v2\/posts"}],"about":[{"href":"http:\/\/hoycordobaweb.com\/index.php\/wp-json\/wp\/v2\/types\/post"}],"author":[{"embeddable":true,"href":"http:\/\/hoycordobaweb.com\/index.php\/wp-json\/wp\/v2\/users\/1"}],"replies":[{"embeddable":true,"href":"http:\/\/hoycordobaweb.com\/index.php\/wp-json\/wp\/v2\/comments?post=113636"}],"version-history":[{"count":0,"href":"http:\/\/hoycordobaweb.com\/index.php\/wp-json\/wp\/v2\/posts\/113636\/revisions"}],"wp:featuredmedia":[{"embeddable":true,"href":"http:\/\/hoycordobaweb.com\/index.php\/wp-json\/wp\/v2\/media\/113637"}],"wp:attachment":[{"href":"http:\/\/hoycordobaweb.com\/index.php\/wp-json\/wp\/v2\/media?parent=113636"}],"wp:term":[{"taxonomy":"category","embeddable":true,"href":"http:\/\/hoycordobaweb.com\/index.php\/wp-json\/wp\/v2\/categories?post=113636"},{"taxonomy":"post_tag","embeddable":true,"href":"http:\/\/hoycordobaweb.com\/index.php\/wp-json\/wp\/v2\/tags?post=113636"}],"curies":[{"name":"wp","href":"https:\/\/api.w.org\/{rel}","templated":true}]}}