{"id":113544,"date":"2025-08-09T23:13:17","date_gmt":"2025-08-09T23:13:17","guid":{"rendered":"https:\/\/www.ole.com.ar\/futbol-internacional\/penarol-nacional-clausura-uruguay-goleo-racing-copa-libertadores-diego-aguirre_0_cXXtQjpz8r.html"},"modified":"2025-08-09T23:13:17","modified_gmt":"2025-08-09T23:13:17","slug":"penarol-goleo-a-nacional-en-el-clasico-estiro-una-gran-racha-y-llega-agrandado-al-partido-de-libertadores-contra-racing","status":"publish","type":"post","link":"http:\/\/hoycordobaweb.com\/index.php\/2025\/08\/09\/penarol-goleo-a-nacional-en-el-clasico-estiro-una-gran-racha-y-llega-agrandado-al-partido-de-libertadores-contra-racing\/","title":{"rendered":"Pe\u00f1arol gole\u00f3 a Nacional en el cl\u00e1sico, estir\u00f3 una gran racha y llega agrandado al partido de Libertadores contra Racing"},"content":{"rendered":"<p><img src=\"http:\/\/hoycordobaweb.com\/wp-content\/uploads\/2025\/08\/penarol-goleo-a-nacional-en-el-clasico-estiro-una-gran-racha-y-llega-agrandado-al-partido-de-libertadores-contra-racing.jpg\"><\/p>\n<p><time class=\"createDate\" datetime=\"2025-08-09T20:13:17-03:00\">09\/08\/2025 20:13hs.<\/time><\/p>\n<div id=\"storyBody\">\n<div class=\"custom-text \" readability=\"33.11051212938\">\n<p>El s\u00e1bado qued\u00f3 con un sabor amargo para un <strong><a href=\"https:\/\/www.ole.com.ar\/tema\/racing.html\" title=\"Racing\" alt=\"Racing\" class=\"slug\">Racing<\/a><\/strong> que no logr\u00f3 mantener la ventaja que obtuvo en la Bombonera y termin\u00f3 empatando frente a Boca por 1 a 1. Pero a esta bronca de toda la Academia por el resultado frente al Xeneize <strong>se le sum\u00f3 una tremenda performance de <a href=\"https:\/\/www.ole.com.ar\/tema\/penarol.html\" title=\"Pe\u00f1arol\" alt=\"Pe\u00f1arol\" class=\"slug\">Pe\u00f1arol<\/a>, su rival de <a href=\"https:\/\/www.ole.com.ar\/tema\/copa-libertadores.html\" title=\"Copa Libertadores\" alt=\"Copa Libertadores\" class=\"slug\">Copa Libertadores<\/a>, en otro partido caliente: el cl\u00e1sico frente a <a href=\"https:\/\/www.ole.com.ar\/tema\/nacional-montevideo.html\" title=\"Nacional Montevideo\" alt=\"Nacional Montevideo\" class=\"slug\">Nacional<\/a><\/strong>.<\/p>\n<\/div>\n<div class=\"custom-text \" readability=\"34.4375\">\n<p>En este duelo por la segunda fecha del Clausura de Uruguay, <strong>el Carbonero venci\u00f3 al Bolsonero por 3 goles a 0<\/strong> <strong>en el Campe\u00f3n del Siglo<\/strong>. Sin p\u00fablico, debido a la sanci\u00f3n impuesta por la AUF (Asociaci\u00f3n Uruguaya de F\u00fatbol) por los <a href=\"https:\/\/www.ole.com.ar\/futbol-internacional\/penarol-nacional-sanciones-torneo-intermedio-final-quita-puntos-publico_0_dlnzlaExPv.html\" target=\"_blank\" title=\"incidentes en el \u00faltimo cl\u00e1sico\" alt=\"incidentes en el \u00faltimo cl\u00e1sico\" rel=\"noopener noreferrer\">incidentes en el \u00faltimo cl\u00e1sico<\/a>, el equipo dirigido por Diego Aguirre gole\u00f3 a un Nacional que mostr\u00f3 una mala cara. <\/p>\n<\/div>\n<div class=\"sc-e7b891c4-0 ifHnQL image-embed\"><img alt=\"Pe\u00f1arol llega embalado al duelo con Racing (EFE).\" loading=\"lazy\" width=\"720\" height=\"100\" decoding=\"async\" data-nimg=\"1\" src=\"http:\/\/hoycordobaweb.com\/wp-content\/uploads\/2025\/08\/penarol-goleo-a-nacional-en-el-clasico-estiro-una-gran-racha-y-llega-agrandado-al-partido-de-libertadores-contra-racing-2.jpg\"><span class=\"epigraphe\">Pe\u00f1arol llega embalado al duelo con Racing (EFE).<\/span><\/div>\n<div class=\"custom-text \" readability=\"38\">\n<p>Con goles de Maximiliano Silvera, Emanuel Gularte y Mat\u00edas Arezo, <strong>el local estir\u00f3 su gran racha de cinco partidos seguidos sumando de a tres<\/strong>, se posicion\u00f3 como puntero del reci\u00e9n comenzado Clausura y <strong>dej\u00f3 una gran imagen de cara a una \u00absemana especial\u00bb, seg\u00fan explic\u00f3 su entrenador<\/strong>.<\/p>\n<\/div>\n<p><h2><strong>El entrenador de Pe\u00f1arol palpit\u00f3 el cruce con Racing<\/strong><\/h2>\n<\/p>\n<div class=\"custom-text \" readability=\"38\">\n<p>Tras esta importante victoria para el Manya, Aguirre, su entrenador, palpit\u00f3 la ida por los octavos de final de la Copa Libertadores. <strong>\u00abTen\u00edamos que dar este paso en una semana especial y esta es la mejor preparaci\u00f3n para el partido con Racing\u00bb<\/strong>, empez\u00f3 el uruguayo de 59 a\u00f1os.<\/p>\n<\/div>\n<div class=\"sc-e7b891c4-0 ifHnQL image-embed\"><img alt=\"Pe\u00f1arol acumula cinco victorias seguidas (EFE).\" loading=\"lazy\" width=\"720\" height=\"100\" decoding=\"async\" data-nimg=\"1\" src=\"http:\/\/hoycordobaweb.com\/wp-content\/uploads\/2025\/08\/penarol-goleo-a-nacional-en-el-clasico-estiro-una-gran-racha-y-llega-agrandado-al-partido-de-libertadores-contra-racing-3.jpg\"><span class=\"epigraphe\">Pe\u00f1arol acumula cinco victorias seguidas (EFE).<\/span><\/div>\n<div class=\"custom-text \" readability=\"40\">\n<p>A su vez, el charr\u00faa explic\u00f3 que vienen siguiendo muy de cerca al conjunto de Gustavo Costas y cont\u00f3: <strong>\u00abA Racing hace tiempo que lo estamos viendo<\/strong>. El partido con Boca lo voy a ver despu\u00e9s y ya nos vamos a meter de lleno en este partido, porque la motivaci\u00f3n que tenemos es tremenda. El partido va a ser muy dif\u00edcil, pero \u00e9sta es una forma de llegar llenos de ilusi\u00f3n. Vamos a vivir una muy linda noche. <strong>No s\u00e9 que va a pasar, pero va a ser una fiesta con nuestra gente<\/strong>. Estos partidos los estamos esperando hace tiempo, as\u00ed que es muy lindo estar en este momento\u00bb.<\/p>\n<\/div>\n<p><h2><strong>Las dos fechas en que Pe\u00f1arol y Racing se enfrentar\u00e1n por los octavos de la Libertadores<\/strong><\/h2>\n<\/p>\n<div class=\"custom-text \" readability=\"39\">\n<p>La ida de este mata-mata se llevar\u00e1 a cabo el <strong>pr\u00f3ximo martes a las 21:30 en el Campe\u00f3n del Siglo<\/strong>, el estadio de Pe\u00f1arol. Una semana m\u00e1s tarde, la Academia recibir\u00e1 al Manya en el Cilindro de Avellaneda, tambi\u00e9n a las 21:30, para definir qui\u00e9n se quedar\u00e1 con el lugar en los octavos de final.<\/p>\n<\/div>\n<div class=\"sc-e7b891c4-0 ifHnQL image-embed\"><img alt=\"La llave de la Copa Libertadores.\" loading=\"lazy\" width=\"720\" height=\"100\" decoding=\"async\" data-nimg=\"1\" src=\"http:\/\/hoycordobaweb.com\/wp-content\/uploads\/2025\/08\/penarol-goleo-a-nacional-en-el-clasico-estiro-una-gran-racha-y-llega-agrandado-al-partido-de-libertadores-contra-racing-4.jpg\"><span class=\"epigraphe\">La llave de la Copa Libertadores.<\/span><\/div>\n<div class=\"sc-a7166897-0 eoLsBE\" readability=\"6\">\n<section readability=\"2\"><picture><img alt=\"Darwin N\u00fa\u00f1ez dej\u00f3 Liverpool y ya fue presentado oficialmente en el Al-Hilal\" loading=\"lazy\" width=\"290\" height=\"290\" decoding=\"async\" data-nimg=\"1\" src=\"http:\/\/hoycordobaweb.com\/wp-content\/uploads\/2025\/08\/penarol-goleo-a-nacional-en-el-clasico-estiro-una-gran-racha-y-llega-agrandado-al-partido-de-libertadores-contra-racing-5.jpg\"><\/picture>\n<p><span>Mir\u00e1 tambi\u00e9n<\/span><\/p>\n<hr>\n<h3>Darwin N\u00fa\u00f1ez dej\u00f3 Liverpool y ya fue presentado oficialmente en el Al-Hilal<\/h3>\n<\/p>\n<\/section>\n<\/div>\n<div class=\"sc-a7166897-0 eoLsBE\" readability=\"6\">\n<section readability=\"2\"><picture><img alt=\"Encuesta Ol\u00e9: \u00bfqui\u00e9n debe ganar el Bal\u00f3n de Oro?\" loading=\"lazy\" width=\"290\" height=\"290\" decoding=\"async\" data-nimg=\"1\" src=\"http:\/\/hoycordobaweb.com\/wp-content\/uploads\/2025\/08\/penarol-goleo-a-nacional-en-el-clasico-estiro-una-gran-racha-y-llega-agrandado-al-partido-de-libertadores-contra-racing-6.jpg\"><\/picture>\n<p><span>Mir\u00e1 tambi\u00e9n<\/span><\/p>\n<hr>\n<h3>Encuesta Ol\u00e9: \u00bfqui\u00e9n debe ganar el Bal\u00f3n de Oro?<\/h3>\n<\/p>\n<\/section>\n<\/div>\n<div class=\"sc-a7166897-0 eoLsBE\" readability=\"6\">\n<section readability=\"2\"><picture><img alt=\"Les sigue doliendo: nueva lluvia de silbidos a Dibu Mart\u00ednez en Francia\" loading=\"lazy\" width=\"290\" height=\"290\" decoding=\"async\" data-nimg=\"1\" src=\"http:\/\/hoycordobaweb.com\/wp-content\/uploads\/2025\/08\/penarol-goleo-a-nacional-en-el-clasico-estiro-una-gran-racha-y-llega-agrandado-al-partido-de-libertadores-contra-racing-7.jpg\"><\/picture>\n<p><span>Mir\u00e1 tambi\u00e9n<\/span><\/p>\n<hr>\n<h3>Les sigue doliendo: nueva lluvia de silbidos a Dibu Mart\u00ednez en Francia<\/h3>\n<\/p>\n<\/section>\n<\/div>\n<\/div>\n","protected":false},"excerpt":{"rendered":"<p>09\/08\/2025 20:13hs. El s\u00e1bado qued\u00f3 con un sabor amargo para un Racing que no logr\u00f3 mantener la ventaja que obtuvo en la Bombonera y termin\u00f3 empatando frente a Boca por 1 a 1. Pero a esta bronca de toda la Academia por el resultado frente al Xeneize se le sum\u00f3 una tremenda performance de Pe\u00f1arol, [&hellip;]<\/p>\n","protected":false},"author":1,"featured_media":113545,"comment_status":"open","ping_status":"closed","sticky":false,"template":"","format":"standard","meta":[],"categories":[16],"tags":[],"_links":{"self":[{"href":"http:\/\/hoycordobaweb.com\/index.php\/wp-json\/wp\/v2\/posts\/113544"}],"collection":[{"href":"http:\/\/hoycordobaweb.com\/index.php\/wp-json\/wp\/v2\/posts"}],"about":[{"href":"http:\/\/hoycordobaweb.com\/index.php\/wp-json\/wp\/v2\/types\/post"}],"author":[{"embeddable":true,"href":"http:\/\/hoycordobaweb.com\/index.php\/wp-json\/wp\/v2\/users\/1"}],"replies":[{"embeddable":true,"href":"http:\/\/hoycordobaweb.com\/index.php\/wp-json\/wp\/v2\/comments?post=113544"}],"version-history":[{"count":0,"href":"http:\/\/hoycordobaweb.com\/index.php\/wp-json\/wp\/v2\/posts\/113544\/revisions"}],"wp:featuredmedia":[{"embeddable":true,"href":"http:\/\/hoycordobaweb.com\/index.php\/wp-json\/wp\/v2\/media\/113545"}],"wp:attachment":[{"href":"http:\/\/hoycordobaweb.com\/index.php\/wp-json\/wp\/v2\/media?parent=113544"}],"wp:term":[{"taxonomy":"category","embeddable":true,"href":"http:\/\/hoycordobaweb.com\/index.php\/wp-json\/wp\/v2\/categories?post=113544"},{"taxonomy":"post_tag","embeddable":true,"href":"http:\/\/hoycordobaweb.com\/index.php\/wp-json\/wp\/v2\/tags?post=113544"}],"curies":[{"name":"wp","href":"https:\/\/api.w.org\/{rel}","templated":true}]}}