{"id":113542,"date":"2025-08-10T00:11:02","date_gmt":"2025-08-10T00:11:02","guid":{"rendered":"https:\/\/www.ole.com.ar\/futbol-internacional\/mohamed-salah-cruzo-fuerte-uefa-muerte-pele-palestina_0_pVxR1FeEzD.html"},"modified":"2025-08-10T00:11:02","modified_gmt":"2025-08-10T00:11:02","slug":"mohamed-salah-cruzo-fuerte-a-la-uefa-por-la-muerte-del-pele-de-palestina-nos-puedes-decir-como-murio-donde-y-por-que","status":"publish","type":"post","link":"http:\/\/hoycordobaweb.com\/index.php\/2025\/08\/10\/mohamed-salah-cruzo-fuerte-a-la-uefa-por-la-muerte-del-pele-de-palestina-nos-puedes-decir-como-murio-donde-y-por-que\/","title":{"rendered":"Mohamed Salah cruz\u00f3 fuerte a la UEFA por la muerte del Pel\u00e9 de Palestina: \u00ab\u00bfNos puedes decir c\u00f3mo muri\u00f3, d\u00f3nde y por qu\u00e9?\u00bb"},"content":{"rendered":"<p><img src=\"http:\/\/hoycordobaweb.com\/wp-content\/uploads\/2025\/08\/mohamed-salah-cruzo-fuerte-a-la-uefa-por-la-muerte-del-pele-de-palestina-nos-puedes-decir-como-murio-donde-y-por-que.jpg\"><\/p>\n<p><time class=\"createDate\" datetime=\"2025-08-09T21:11:02-03:00\">09\/08\/2025 21:11hs.<\/time><\/p>\n<div id=\"storyBody\">\n<div class=\"custom-text \" readability=\"38.172413793103\">\n<p>La estrella del <a href=\"https:\/\/www.ole.com.ar\/tema\/liverpool.html\" title=\"Liverpool\" alt=\"Liverpool\" class=\"slug\">Liverpool<\/a>, el egipcio <a href=\"https:\/\/www.ole.com.ar\/tema\/mohamed-salah.html\" title=\"Mohamed Salah\" alt=\"Mohamed Salah\" class=\"slug\">Mohamed Salah<\/a>, cruz\u00f3 fuerte a la <a href=\"https:\/\/www.ole.com.ar\/tema\/uefa.html\" title=\"UEFA\" alt=\"UEFA\" class=\"slug\">UEFA<\/a>, m\u00e1xima entidad del f\u00fatbol europeo, este s\u00e1bado a trav\u00e9s de las redes sociales. Fue concretamente en un post que la instituci\u00f3n hizo en X (ex Twitter) el viernes, <strong>para rendirle homenaje a Suleiman al-Obeid, apodado el Pel\u00e9 de Palestina y quien muri\u00f3 esta semana en el sur de la Franja de Gaza.<\/strong><\/p>\n<\/div>\n<div class=\"custom-text \" readability=\"41\">\n<p><strong>\u00abAdi\u00f3s a Suleiman al-Obeid, el &#8216;Pel\u00e9 palestino&#8217;. Un talento que dio esperanza a innumerables ni\u00f1os, incluso en los momentos m\u00e1s dif\u00edciles\u00bb,<\/strong> escribi\u00f3 la UEFA, junto a una foto del futbolista y sin mencionar las razones detr\u00e1s de su fallecimiento. Y Salah tambi\u00e9n por X, cit\u00f3 el tuit y respondi\u00f3: <strong>\u00ab\u00bfNos puedes decir c\u00f3mo muri\u00f3, d\u00f3nde y por qu\u00e9?\u00bb.<\/strong><\/p>\n<\/div>\n<div class=\"custom-text \" readability=\"40\">\n<p>Es que, seg\u00fan inform\u00f3 la Asociaci\u00f3n Palestina de F\u00fatbol (PFA),<strong> Suleiman al-Obeid fue asesinado despu\u00e9s de que las fuerzas israel\u00edes atacaran a quienes esperaban ayuda humanitaria en el sur de la Franja de Gaza el mi\u00e9rcoles.<\/strong> El jugador, originario de Ciudad de Gaza, ten\u00eda 41 a\u00f1os, estaba casado y era padre de cinco hijos.<\/p>\n<\/div>\n<div class=\"custom-text \" readability=\"41\">\n<p>La PFA denunci\u00f3 que el ataque se dirigi\u00f3 contra civiles y elev\u00f3 las muertes a 321 (NdeR: ya es de 325)<strong> \u00abentre jugadores, entrenadores, administradores, \u00e1rbitros y miembros de la junta directiva de clubes\u00bb.<\/strong> El gobierno de Benjamin Netanyahu, primer ministro de Israel, y la Asociaci\u00f3n de F\u00fatbol de Israel, no emitieron hasta el momento respuesta alguna sobre este incidente. Tampoco se expres\u00f3 la UEFA sobre ese tuit de Salah.<\/p>\n<\/div>\n<div class=\"custom-text \" readability=\"40\">\n<p>Apodado La Gacela, La Perla Negra o el Pel\u00e9 palestino, Suleiman al-Obeid inici\u00f3 su carrera en su club local, el Khadamat Al-Shati. Su talento impresionante y su velocidad sobre el c\u00e9sped le hicieron acceder a la selecci\u00f3n nacional, con la que disput\u00f3 24 partidos internacionales. Con m\u00e1s de 100 goles anotados a lo largo de su larga carrera, era considerado una estrella del f\u00fatbol palestino.<\/p>\n<\/div>\n<p><h2><strong>El tuit de la UEFA y la respuesta de Salah<\/strong><\/h2>\n<\/p>\n<div class=\"sc-a7166897-0 eoLsBE\" readability=\"6.5\">\n<section readability=\"3\"><picture><img alt=\"Riquelme, desahogo total: as\u00ed celebr\u00f3 el gol y cant\u00f3 en la Bombonera\" loading=\"lazy\" width=\"290\" height=\"290\" decoding=\"async\" data-nimg=\"1\" src=\"http:\/\/hoycordobaweb.com\/wp-content\/uploads\/2025\/08\/mohamed-salah-cruzo-fuerte-a-la-uefa-por-la-muerte-del-pele-de-palestina-nos-puedes-decir-como-murio-donde-y-por-que-2.jpg\"><\/picture>\n<p><span>Mir\u00e1 tambi\u00e9n<\/span><\/p>\n<hr>\n<h3>Riquelme, desahogo total: as\u00ed celebr\u00f3 el gol y cant\u00f3 en la Bombonera<\/h3>\n<\/p>\n<\/section>\n<\/div>\n<div class=\"sc-a7166897-0 eoLsBE\" readability=\"6\">\n<section readability=\"2\"><picture><img alt=\"Darwin N\u00fa\u00f1ez dej\u00f3 Liverpool y ya fue presentado oficialmente en el Al-Hilal\" loading=\"lazy\" width=\"290\" height=\"290\" decoding=\"async\" data-nimg=\"1\" src=\"http:\/\/hoycordobaweb.com\/wp-content\/uploads\/2025\/08\/mohamed-salah-cruzo-fuerte-a-la-uefa-por-la-muerte-del-pele-de-palestina-nos-puedes-decir-como-murio-donde-y-por-que-3.jpg\"><\/picture>\n<p><span>Mir\u00e1 tambi\u00e9n<\/span><\/p>\n<hr>\n<h3>Darwin N\u00fa\u00f1ez dej\u00f3 Liverpool y ya fue presentado oficialmente en el Al-Hilal<\/h3>\n<\/p>\n<\/section>\n<\/div>\n<div class=\"sc-a7166897-0 eoLsBE\" readability=\"6\">\n<section readability=\"2\"><picture><img alt=\"Les sigue doliendo: nueva lluvia de silbidos a Dibu Mart\u00ednez en Francia\" loading=\"lazy\" width=\"290\" height=\"290\" decoding=\"async\" data-nimg=\"1\" src=\"http:\/\/hoycordobaweb.com\/wp-content\/uploads\/2025\/08\/mohamed-salah-cruzo-fuerte-a-la-uefa-por-la-muerte-del-pele-de-palestina-nos-puedes-decir-como-murio-donde-y-por-que-4.jpg\"><\/picture>\n<p><span>Mir\u00e1 tambi\u00e9n<\/span><\/p>\n<hr>\n<h3>Les sigue doliendo: nueva lluvia de silbidos a Dibu Mart\u00ednez en Francia<\/h3>\n<\/p>\n<\/section>\n<\/div>\n<\/div>\n","protected":false},"excerpt":{"rendered":"<p>09\/08\/2025 21:11hs. La estrella del Liverpool, el egipcio Mohamed Salah, cruz\u00f3 fuerte a la UEFA, m\u00e1xima entidad del f\u00fatbol europeo, este s\u00e1bado a trav\u00e9s de las redes sociales. Fue concretamente en un post que la instituci\u00f3n hizo en X (ex Twitter) el viernes, para rendirle homenaje a Suleiman al-Obeid, apodado el Pel\u00e9 de Palestina y [&hellip;]<\/p>\n","protected":false},"author":1,"featured_media":113543,"comment_status":"open","ping_status":"closed","sticky":false,"template":"","format":"standard","meta":[],"categories":[16],"tags":[],"_links":{"self":[{"href":"http:\/\/hoycordobaweb.com\/index.php\/wp-json\/wp\/v2\/posts\/113542"}],"collection":[{"href":"http:\/\/hoycordobaweb.com\/index.php\/wp-json\/wp\/v2\/posts"}],"about":[{"href":"http:\/\/hoycordobaweb.com\/index.php\/wp-json\/wp\/v2\/types\/post"}],"author":[{"embeddable":true,"href":"http:\/\/hoycordobaweb.com\/index.php\/wp-json\/wp\/v2\/users\/1"}],"replies":[{"embeddable":true,"href":"http:\/\/hoycordobaweb.com\/index.php\/wp-json\/wp\/v2\/comments?post=113542"}],"version-history":[{"count":0,"href":"http:\/\/hoycordobaweb.com\/index.php\/wp-json\/wp\/v2\/posts\/113542\/revisions"}],"wp:featuredmedia":[{"embeddable":true,"href":"http:\/\/hoycordobaweb.com\/index.php\/wp-json\/wp\/v2\/media\/113543"}],"wp:attachment":[{"href":"http:\/\/hoycordobaweb.com\/index.php\/wp-json\/wp\/v2\/media?parent=113542"}],"wp:term":[{"taxonomy":"category","embeddable":true,"href":"http:\/\/hoycordobaweb.com\/index.php\/wp-json\/wp\/v2\/categories?post=113542"},{"taxonomy":"post_tag","embeddable":true,"href":"http:\/\/hoycordobaweb.com\/index.php\/wp-json\/wp\/v2\/tags?post=113542"}],"curies":[{"name":"wp","href":"https:\/\/api.w.org\/{rel}","templated":true}]}}