{"id":113455,"date":"2025-08-09T13:00:09","date_gmt":"2025-08-09T13:00:09","guid":{"rendered":"https:\/\/www.trendencias.com\/shopping\/adios-a-ropa-ajustada-estos-vestidos-holgados-zara-ideales-para-combatir-cualquier-ola-calor-este-verano"},"modified":"2025-08-09T13:00:09","modified_gmt":"2025-08-09T13:00:09","slug":"adios-a-la-ropa-ajustada-estos-vestidos-holgados-de-zara-son-ideales-para-combatir-cualquier-ola-de-calor-este-verano","status":"publish","type":"post","link":"http:\/\/hoycordobaweb.com\/index.php\/2025\/08\/09\/adios-a-la-ropa-ajustada-estos-vestidos-holgados-de-zara-son-ideales-para-combatir-cualquier-ola-de-calor-este-verano\/","title":{"rendered":"Adi\u00f3s a la ropa ajustada, estos vestidos holgados de Zara son ideales para combatir cualquier ola de calor este verano"},"content":{"rendered":"<p>Con una ola de calor tras otra en verano lo \u00faltimo que apetece es ir ajustada y apretada. Queremos<strong> ir fresquitas, c\u00f3modas y a la vez, bien vestidas<\/strong>. Porque llevar un vestido bonito no implica sufrir y menos con estos cinco dise\u00f1os que acaban de llegar a Zara.<\/p>\n<p><!-- BREAK 1 --> <\/p>\n<p>Largos, cortos, en sisa o con tirantes. <strong>Cada uno en su estilo tienen algo en com\u00fan: son holgados y ligeros,<\/strong> el combo perfecto para las altas temperaturas. Ya solo falta localizar el capazo y nuestras sandalias 24\/7 favoritas para ir a la \u00faltima y comod\u00edsimas.<\/p>\n<p><!-- BREAK 2 --><\/p>\n<div class=\"article-asset-image article-asset-normal article-asset-center\">\n<div class=\"asset-content\"> <a rel=\"noopener, noreferrer\" href=\"https:\/\/www.zara.com\/es\/es\/vestido-paneles-espalda-descubierta-p08232702.html?v1=459529998&amp;v2=2420896\"> <img class=\"centro_sinmarco\" height=\"3072\" width=\"2048\" loading=\"lazy\" decoding=\"async\" sizes=\"100vw\" fetchpriority=\"high\" srcset=\"http:\/\/hoycordobaweb.com\/wp-content\/uploads\/2025\/08\/adios-a-la-ropa-ajustada-estos-vestidos-holgados-de-zara-son-ideales-para-combatir-cualquier-ola-de-calor-este-verano.jpg 450w, http:\/\/hoycordobaweb.com\/wp-content\/uploads\/2025\/08\/adios-a-la-ropa-ajustada-estos-vestidos-holgados-de-zara-son-ideales-para-combatir-cualquier-ola-de-calor-este-verano-6.jpg 681w, http:\/\/hoycordobaweb.com\/wp-content\/uploads\/2025\/08\/adios-a-la-ropa-ajustada-estos-vestidos-holgados-de-zara-son-ideales-para-combatir-cualquier-ola-de-calor-este-verano-7.jpg 1024w, http:\/\/hoycordobaweb.com\/wp-content\/uploads\/2025\/08\/adios-a-la-ropa-ajustada-estos-vestidos-holgados-de-zara-son-ideales-para-combatir-cualquier-ola-de-calor-este-verano-8.jpg 1366w\" src=\"http:\/\/hoycordobaweb.com\/wp-content\/uploads\/2025\/08\/adios-a-la-ropa-ajustada-estos-vestidos-holgados-de-zara-son-ideales-para-combatir-cualquier-ola-de-calor-este-verano.jpg\" alt=\"Zara1\"> <noscript><img alt=\"Zara1\" class=\"centro_sinmarco\" src=\"http:\/\/hoycordobaweb.com\/wp-content\/uploads\/2025\/08\/adios-a-la-ropa-ajustada-estos-vestidos-holgados-de-zara-son-ideales-para-combatir-cualquier-ola-de-calor-este-verano.jpg\"><\/noscript> <\/a> <\/div>\n<\/div>\n<p>El <a class=\"text-outboundlink\" href=\"https:\/\/www.trendencias.com\/shopping\/como-combinar-amarillo-mantequilla-a-nivel-experta-prendas-que-tenemos-armario\" data-vars-post-title=\"C\u00f3mo combinar el amarillo mantequilla a nivel experta con prendas que ya tenemos en el armario \" data-vars-post-url=\"https:\/\/www.trendencias.com\/shopping\/como-combinar-amarillo-mantequilla-a-nivel-experta-prendas-que-tenemos-armario\">amarillo mantequilla<\/a> sigue siendo el rey del verano y adem\u00e1s, si tienes la suerte de estar en la playa bronceada, el color de este vestido es sin duda es el color m\u00e1s ideal. La <strong>espalda escotada y el dise\u00f1o a paneles<\/strong> son dos detalles m\u00e1s pura tendencia por <a rel=\"noopener, noreferrer\" href=\"https:\/\/www.zara.com\/es\/es\/vestido-paneles-espalda-descubierta-p08232702.html?v1=459529998&amp;v2=2420896\">39,95 euros.<\/a><\/p>\n<p><!-- BREAK 3 --> <\/p>\n<div class=\"article-asset-image article-asset-normal article-asset-center\">\n<div class=\"asset-content\"> <a rel=\"noopener, noreferrer\" href=\"https:\/\/www.zara.com\/es\/es\/vestido-bordados-puntilla-p05770227.html?v1=452696619&amp;v2=2420896\"> <img class=\"centro_sinmarco\" height=\"3072\" width=\"2048\" loading=\"lazy\" decoding=\"async\" sizes=\"100vw\" fetchpriority=\"high\" srcset=\"http:\/\/hoycordobaweb.com\/wp-content\/uploads\/2025\/08\/adios-a-la-ropa-ajustada-estos-vestidos-holgados-de-zara-son-ideales-para-combatir-cualquier-ola-de-calor-este-verano-1.jpg 450w, http:\/\/hoycordobaweb.com\/wp-content\/uploads\/2025\/08\/adios-a-la-ropa-ajustada-estos-vestidos-holgados-de-zara-son-ideales-para-combatir-cualquier-ola-de-calor-este-verano-9.jpg 681w, http:\/\/hoycordobaweb.com\/wp-content\/uploads\/2025\/08\/adios-a-la-ropa-ajustada-estos-vestidos-holgados-de-zara-son-ideales-para-combatir-cualquier-ola-de-calor-este-verano-10.jpg 1024w, http:\/\/hoycordobaweb.com\/wp-content\/uploads\/2025\/08\/adios-a-la-ropa-ajustada-estos-vestidos-holgados-de-zara-son-ideales-para-combatir-cualquier-ola-de-calor-este-verano-11.jpg 1366w\" src=\"http:\/\/hoycordobaweb.com\/wp-content\/uploads\/2025\/08\/adios-a-la-ropa-ajustada-estos-vestidos-holgados-de-zara-son-ideales-para-combatir-cualquier-ola-de-calor-este-verano-1.jpg\" alt=\"Zara2\"> <noscript><img alt=\"Zara2\" class=\"centro_sinmarco\" src=\"http:\/\/hoycordobaweb.com\/wp-content\/uploads\/2025\/08\/adios-a-la-ropa-ajustada-estos-vestidos-holgados-de-zara-son-ideales-para-combatir-cualquier-ola-de-calor-este-verano-1.jpg\"><\/noscript> <\/a> <\/div>\n<\/div>\n<p>Y si el amarillo mantequilla es tendencia todav\u00eda, el marr\u00f3n chocolate m\u00e1s a\u00fan (m\u00e1s que nada porque tiene previsto quedarse tambi\u00e9n este oto\u00f1o). Este vestido holgado con tirantes y escote bordado es perfecto para pasar lo que queda de verano fresquita por <a rel=\"noopener, noreferrer\" href=\"https:\/\/www.zara.com\/es\/es\/vestido-bordados-puntilla-p05770227.html?v1=452696619&amp;v2=2420896\">39,95 euros.<\/a> En oto\u00f1o puedes reutilizarlo con maxi c\u00e1rdigan de punto y <a class=\"text-outboundlink\" href=\"https:\/\/www.trendencias.com\/propuestas-y-consejos\/guia-definitiva-para-combinar-unas-botas-cowboy-mucho-estilo-11-ideas-para-inspirarte\" data-vars-post-title=\"Gu\u00eda definitiva para combinar unas botas cowboy con mucho estilo y 14 ideas para inspirarte\" data-vars-post-url=\"https:\/\/www.trendencias.com\/propuestas-y-consejos\/guia-definitiva-para-combinar-unas-botas-cowboy-mucho-estilo-11-ideas-para-inspirarte\">botas cowboy<\/a> (de nada).<\/p>\n<p><!-- BREAK 4 --><\/p>\n<div class=\"article-asset-image article-asset-normal article-asset-center\">\n<div class=\"asset-content\"> <a rel=\"noopener, noreferrer\" href=\"https:\/\/www.zara.com\/es\/es\/vestido-midi-fluido-p03067206.html?v1=455024673&amp;v2=2420896\"> <img class=\"centro_sinmarco\" height=\"3072\" width=\"2048\" loading=\"lazy\" decoding=\"async\" sizes=\"100vw\" fetchpriority=\"high\" srcset=\"http:\/\/hoycordobaweb.com\/wp-content\/uploads\/2025\/08\/adios-a-la-ropa-ajustada-estos-vestidos-holgados-de-zara-son-ideales-para-combatir-cualquier-ola-de-calor-este-verano-2.jpg 450w, http:\/\/hoycordobaweb.com\/wp-content\/uploads\/2025\/08\/adios-a-la-ropa-ajustada-estos-vestidos-holgados-de-zara-son-ideales-para-combatir-cualquier-ola-de-calor-este-verano-12.jpg 681w, http:\/\/hoycordobaweb.com\/wp-content\/uploads\/2025\/08\/adios-a-la-ropa-ajustada-estos-vestidos-holgados-de-zara-son-ideales-para-combatir-cualquier-ola-de-calor-este-verano-13.jpg 1024w, http:\/\/hoycordobaweb.com\/wp-content\/uploads\/2025\/08\/adios-a-la-ropa-ajustada-estos-vestidos-holgados-de-zara-son-ideales-para-combatir-cualquier-ola-de-calor-este-verano-14.jpg 1366w\" src=\"http:\/\/hoycordobaweb.com\/wp-content\/uploads\/2025\/08\/adios-a-la-ropa-ajustada-estos-vestidos-holgados-de-zara-son-ideales-para-combatir-cualquier-ola-de-calor-este-verano-2.jpg\" alt=\"Zara3\"> <noscript><img alt=\"Zara3\" class=\"centro_sinmarco\" src=\"http:\/\/hoycordobaweb.com\/wp-content\/uploads\/2025\/08\/adios-a-la-ropa-ajustada-estos-vestidos-holgados-de-zara-son-ideales-para-combatir-cualquier-ola-de-calor-este-verano-2.jpg\"><\/noscript> <\/a> <\/div>\n<\/div>\n<p>En color beige tenemos otro vestido de paneles s\u00faper elegante, no solo por la est\u00e9tica minimalista, tambi\u00e9n por su <strong>silueta larga hasta los pies y la espalda baja divina. <\/strong>El cl\u00e1sico vestido que luce much\u00edsimo con alpargatas y m\u00e1s a\u00fan con <a class=\"text-outboundlink\" href=\"https:\/\/www.trendencias.com\/shopping\/como-combinar-unas-sandalias-doradas-look-elegante-casual-sport\" data-vars-post-title=\"C\u00f3mo combinar unas sandalias doradas | Look elegante, casual y de sport \" data-vars-post-url=\"https:\/\/www.trendencias.com\/shopping\/como-combinar-unas-sandalias-doradas-look-elegante-casual-sport\">sandalias doradas<\/a><strong> <\/strong>por <a rel=\"noopener, noreferrer\" href=\"https:\/\/www.zara.com\/es\/es\/vestido-midi-fluido-p03067206.html?v1=455024673&amp;v2=2420896\">29,95 euros.<\/a><\/p>\n<p><!-- BREAK 5 --><\/p>\n<div class=\"article-asset-image article-asset-normal article-asset-center\">\n<div class=\"asset-content\"> <a rel=\"noopener, noreferrer\" href=\"https:\/\/www.zara.com\/es\/es\/vestido-corto-bordados-zw-collection-p05107278.html?v1=452748439&amp;v2=2420896\"> <img class=\"centro_sinmarco\" height=\"3072\" width=\"2048\" loading=\"lazy\" decoding=\"async\" sizes=\"100vw\" fetchpriority=\"high\" srcset=\"http:\/\/hoycordobaweb.com\/wp-content\/uploads\/2025\/08\/adios-a-la-ropa-ajustada-estos-vestidos-holgados-de-zara-son-ideales-para-combatir-cualquier-ola-de-calor-este-verano-3.jpg 450w, http:\/\/hoycordobaweb.com\/wp-content\/uploads\/2025\/08\/adios-a-la-ropa-ajustada-estos-vestidos-holgados-de-zara-son-ideales-para-combatir-cualquier-ola-de-calor-este-verano-15.jpg 681w, http:\/\/hoycordobaweb.com\/wp-content\/uploads\/2025\/08\/adios-a-la-ropa-ajustada-estos-vestidos-holgados-de-zara-son-ideales-para-combatir-cualquier-ola-de-calor-este-verano-16.jpg 1024w, http:\/\/hoycordobaweb.com\/wp-content\/uploads\/2025\/08\/adios-a-la-ropa-ajustada-estos-vestidos-holgados-de-zara-son-ideales-para-combatir-cualquier-ola-de-calor-este-verano-17.jpg 1366w\" src=\"http:\/\/hoycordobaweb.com\/wp-content\/uploads\/2025\/08\/adios-a-la-ropa-ajustada-estos-vestidos-holgados-de-zara-son-ideales-para-combatir-cualquier-ola-de-calor-este-verano-3.jpg\" alt=\"Zara4\"> <noscript><img alt=\"Zara4\" class=\"centro_sinmarco\" src=\"http:\/\/hoycordobaweb.com\/wp-content\/uploads\/2025\/08\/adios-a-la-ropa-ajustada-estos-vestidos-holgados-de-zara-son-ideales-para-combatir-cualquier-ola-de-calor-este-verano-3.jpg\"><\/noscript> <\/a> <\/div>\n<\/div>\n<p>Cortito y con volantes, <strong>este vestido bordado grita verano y es un cl\u00e1sico a\u00f1o tras a\u00f1o. <\/strong>Fresquito, ideal y con un puntito rom\u00e1ntico, es el t\u00edpico que te pones cuando no te apetece complicarte porque aciertas seguro por <a rel=\"noopener, noreferrer\" href=\"https:\/\/www.zara.com\/es\/es\/vestido-corto-bordados-zw-collection-p05107278.html?v1=452748439&amp;v2=2420896\">49,95 euros.<\/a><\/p>\n<p><!-- BREAK 6 --> <\/p>\n<div class=\"article-asset-image article-asset-normal article-asset-center\">\n<div class=\"asset-content\"> <a rel=\"noopener, noreferrer\" href=\"https:\/\/www.zara.com\/es\/es\/vestido-halter-frunces-p06929187.html?v1=463728925&amp;v2=2420896\"> <img class=\"centro_sinmarco\" height=\"3072\" width=\"2048\" loading=\"lazy\" decoding=\"async\" sizes=\"100vw\" fetchpriority=\"high\" srcset=\"http:\/\/hoycordobaweb.com\/wp-content\/uploads\/2025\/08\/adios-a-la-ropa-ajustada-estos-vestidos-holgados-de-zara-son-ideales-para-combatir-cualquier-ola-de-calor-este-verano-4.jpg 450w, http:\/\/hoycordobaweb.com\/wp-content\/uploads\/2025\/08\/adios-a-la-ropa-ajustada-estos-vestidos-holgados-de-zara-son-ideales-para-combatir-cualquier-ola-de-calor-este-verano-18.jpg 681w, http:\/\/hoycordobaweb.com\/wp-content\/uploads\/2025\/08\/adios-a-la-ropa-ajustada-estos-vestidos-holgados-de-zara-son-ideales-para-combatir-cualquier-ola-de-calor-este-verano-19.jpg 1024w, http:\/\/hoycordobaweb.com\/wp-content\/uploads\/2025\/08\/adios-a-la-ropa-ajustada-estos-vestidos-holgados-de-zara-son-ideales-para-combatir-cualquier-ola-de-calor-este-verano-20.jpg 1366w\" src=\"http:\/\/hoycordobaweb.com\/wp-content\/uploads\/2025\/08\/adios-a-la-ropa-ajustada-estos-vestidos-holgados-de-zara-son-ideales-para-combatir-cualquier-ola-de-calor-este-verano-4.jpg\" alt=\"Zara5\"> <noscript><img alt=\"Zara5\" class=\"centro_sinmarco\" src=\"http:\/\/hoycordobaweb.com\/wp-content\/uploads\/2025\/08\/adios-a-la-ropa-ajustada-estos-vestidos-holgados-de-zara-son-ideales-para-combatir-cualquier-ola-de-calor-este-verano-4.jpg\"><\/noscript> <\/a> <\/div>\n<\/div>\n<p>Por \u00faltimo, un vestido negro. S\u00ed, <strong>el negro tambi\u00e9n puede ser para los d\u00edas m\u00e1s calurosos del verano<\/strong> -yo no renuncio jam\u00e1s a \u00e9l- especialmente en propuestas tan amplias y ligeras como esta por <a rel=\"noopener, noreferrer\" href=\"https:\/\/www.zara.com\/es\/es\/vestido-halter-frunces-p06929187.html?v1=463728925&amp;v2=2420896\">29,95 euros.<\/a> El escote <em>halter<\/em> bajo le aporta un rollo 70s s\u00faper sofisticado y bohemio, pura tendencia.&nbsp;<\/p>\n<p><!-- BREAK 7 --><\/p>\n<p>Fotos | Launchmetrics, Zara<\/p>\n<p>En Trendencias |<a class=\"text-outboundlink\" href=\"https:\/\/www.trendencias.com\/eventos\/cuando-empiezan-rebajas-verano-inditex-mango-h-m-corte-ingles\" data-vars-post-title=\"Cu\u00e1ndo empiezan las rebajas de verano 2025 en Zara, Mango, H&amp;M, El Corte Ingl\u00e9s y m\u00e1s\" data-vars-post-url=\"https:\/\/www.trendencias.com\/eventos\/cuando-empiezan-rebajas-verano-inditex-mango-h-m-corte-ingles\" data-id=\"noopener noreferrer\"> Cu\u00e1ndo empiezan las rebajas de verano 2025 en Zara, Mango, H&amp;M, El Corte Ingl\u00e9s y m\u00e1s<\/a><\/p>\n<p>En Trendencias | <a class=\"text-outboundlink\" href=\"https:\/\/www.trendencias.com\/shopping\/como-combinar-chaleco-mangas-colores-zapatos-accesorios\" data-vars-post-title=\"C\u00f3mo combinar un chaleco sin mangas: colores, zapatos y accesorios \" data-vars-post-url=\"https:\/\/www.trendencias.com\/shopping\/como-combinar-chaleco-mangas-colores-zapatos-accesorios\" data-id=\"noopener noreferrer\">C\u00f3mo combinar un chaleco sin mangas: colores, zapatos y accesorios<\/a><\/p>\n<p>En Trendencias | <a class=\"text-outboundlink\" href=\"https:\/\/www.trendencias.com\/shopping\/mejores-bragas-menstruales-cuales-comprar-que-tener-cuenta-consejos-recomendaciones\" data-vars-post-title=\"Las mejores bragas menstruales | \u00bfCu\u00e1les comprar y qu\u00e9 tener en cuenta? Consejos y recomendaciones \" data-vars-post-url=\"https:\/\/www.trendencias.com\/shopping\/mejores-bragas-menstruales-cuales-comprar-que-tener-cuenta-consejos-recomendaciones\" data-id=\"noopener noreferrer\">Las mejores bragas menstruales | \u00bfCu\u00e1les comprar y qu\u00e9 tener en cuenta? Consejos y recomendaciones<\/a><\/p>\n","protected":false},"excerpt":{"rendered":"<p>Con una ola de calor tras otra en verano lo \u00faltimo que apetece es ir ajustada y apretada. Queremos ir fresquitas, c\u00f3modas y a la vez, bien vestidas. Porque llevar un vestido bonito no implica sufrir y menos con estos cinco dise\u00f1os que acaban de llegar a Zara. Largos, cortos, en sisa o con tirantes. [&hellip;]<\/p>\n","protected":false},"author":1,"featured_media":113456,"comment_status":"closed","ping_status":"closed","sticky":false,"template":"","format":"standard","meta":[],"categories":[],"tags":[],"_links":{"self":[{"href":"http:\/\/hoycordobaweb.com\/index.php\/wp-json\/wp\/v2\/posts\/113455"}],"collection":[{"href":"http:\/\/hoycordobaweb.com\/index.php\/wp-json\/wp\/v2\/posts"}],"about":[{"href":"http:\/\/hoycordobaweb.com\/index.php\/wp-json\/wp\/v2\/types\/post"}],"author":[{"embeddable":true,"href":"http:\/\/hoycordobaweb.com\/index.php\/wp-json\/wp\/v2\/users\/1"}],"replies":[{"embeddable":true,"href":"http:\/\/hoycordobaweb.com\/index.php\/wp-json\/wp\/v2\/comments?post=113455"}],"version-history":[{"count":0,"href":"http:\/\/hoycordobaweb.com\/index.php\/wp-json\/wp\/v2\/posts\/113455\/revisions"}],"wp:featuredmedia":[{"embeddable":true,"href":"http:\/\/hoycordobaweb.com\/index.php\/wp-json\/wp\/v2\/media\/113456"}],"wp:attachment":[{"href":"http:\/\/hoycordobaweb.com\/index.php\/wp-json\/wp\/v2\/media?parent=113455"}],"wp:term":[{"taxonomy":"category","embeddable":true,"href":"http:\/\/hoycordobaweb.com\/index.php\/wp-json\/wp\/v2\/categories?post=113455"},{"taxonomy":"post_tag","embeddable":true,"href":"http:\/\/hoycordobaweb.com\/index.php\/wp-json\/wp\/v2\/tags?post=113455"}],"curies":[{"name":"wp","href":"https:\/\/api.w.org\/{rel}","templated":true}]}}