{"id":113449,"date":"2025-08-09T13:00:45","date_gmt":"2025-08-09T13:00:45","guid":{"rendered":"https:\/\/www.mujerhoy.com\/moda\/no-te-pierdas\/verano-solo-apetece-llevar-camisetas-basicas-tirantes-basicos-20250809171440-nt.html"},"modified":"2025-08-09T13:00:45","modified_gmt":"2025-08-09T13:00:45","slug":"en-verano-solo-me-apetece-llevar-camisetas-basicas-de-tirantes-y-estas-son-mis-favoritas","status":"publish","type":"post","link":"http:\/\/hoycordobaweb.com\/index.php\/2025\/08\/09\/en-verano-solo-me-apetece-llevar-camisetas-basicas-de-tirantes-y-estas-son-mis-favoritas\/","title":{"rendered":"En verano solo me apetece llevar camisetas b\u00e1sicas de tirantes y estas son mis favoritas"},"content":{"rendered":"<p><!-- AUTHOR --><\/p>\n<div class=\"voc-author-timesocial \">\n<!-- AUTHOR --><\/p>\n<div class=\"voc-author-timesocial__signature \">\n<!-- IMAGE AUTHOR -->\n<picture class=\"voc-image-signature\">\n<img class=\"voc-image-signature__img\" src=\"http:\/\/hoycordobaweb.com\/wp-content\/uploads\/2025\/08\/en-verano-solo-me-apetece-llevar-camisetas-basicas-de-tirantes-y-estas-son-mis-favoritas.jpg\" alt=\"Carla Dom\u00ednguez\">\n<\/picture>\n<!-- INFO AUTHOR --> <\/div><\/div>\n<p><!-- COMPONENTS --><\/p>\n<p class=\"voc-paragraph\">Hay prendas que no necesitan presentaci\u00f3n. Las <a href=\"https:\/\/www.mujerhoy.com\/moda\/no-te-pierdas\/camisetas-tirantes-basicas-verano-hym-zara-20250626110935-nt.html\" data-voc-vtm-id=\"in-text-traffic\" title=\"camisetas de tirantes\" data-mrf-link=\"www.mujerhoy.com\">camisetas de tirantes<\/a> \u2014tambi\u00e9n conocidas como tank tops\u2014 son ese b\u00e1sico de armario que en verano se vuelve imprescindible. Frescas, c\u00f3modas, vers\u00e1tiles y (bien elegidas) muy estilosas. Porque cuando suben las temperaturas, el cuerpo pide <a href=\"https:\/\/www.mujerhoy.com\/moda\/no-te-pierdas\/pantalones-fluidos-ligeros-verano-massimo-dutti-zara-20250610200455-nt.html\" data-voc-vtm-id=\"in-text-traffic\" title=\"tejidos ligeros\" data-mrf-link=\"www.mujerhoy.com\">tejidos ligeros<\/a>, cortes sencillos y colores neutros. <\/p>\n<p class=\"voc-paragraph\">Y si hay una prenda que cumple con todo eso sin esfuerzo, es esta. Yo las llevo con vaqueros blancos, faldas de lino, pantalones anchos, bermudas e incluso con alg\u00fan conjunto m\u00e1s arreglado, y siempre funcionan. Algunas tienen un corte m\u00e1s ce\u00f1ido, otras son sueltas <strong>con escote redondo<\/strong>, con detalles en canal\u00e9 o incluso con espalda nadadora. Y lo mejor: no hay que pens\u00e1rselo demasiado para acertar.<\/p>\n<div class=\"v-c-cmp v-c-cmp--t1 \">\n<div class=\"v-cmp-rld v-cmp-rld--2 \">\n<div class=\"v-cnt-m v-cnt-m--m\">\n<div class=\"v-cnt-m__c\">\n<div class=\"v-cnt-m__w v-cnt-m__w--1\">\n<p class=\"v-cnt-m__t\">\nTAMBI\u00c9N TE INTERESA\n<\/p>\n<\/div>\n<\/div>\n<\/div>\n<div class=\"v-g v-g--2-c v-g--bdr-min-xs\">\n<div class=\"v-g__c \">\n<article class=\"v-a v-a--cmp-rld v-a--cmp-rld-2 v-a--p-l\">\n<div class=\"v-a-img-c\">\n<figure class=\"v-a-fig\">\n<a href=\"https:\/\/www.mujerhoy.com\/moda\/no-te-pierdas\/novedades-zara-tendencia-piel-ante-edicion-limitada-entretiempo-20250731072618-nt.html#vtm_modulosEngag=mod-rel:moda:noticia:1:cmp:2-not\" class=\"v-a-link\" title=\"Las novedades de Zara de la semana: faldas de piel para el oto\u00f1o, vestidos de flecos y el mono que te pondr\u00e1s en septiembre\"><br \/>\n<img loading=\"lazy\" class=\"v-a-img\" src=\"http:\/\/hoycordobaweb.com\/wp-content\/uploads\/2025\/08\/en-verano-solo-me-apetece-llevar-camisetas-basicas-de-tirantes-y-estas-son-mis-favoritas-1.jpg\" alt=\"Las novedades de Zara de la semana: faldas de piel para el oto\u00f1o, vestidos de flecos y el mono que te pondr\u00e1s en septiembre\"><br \/>\n<\/a><br \/>\n<\/figure>\n<\/div>\n<\/article>\n<\/div>\n<div class=\"v-g__c \">\n<article class=\"v-a v-a--cmp-rld v-a--cmp-rld-2 v-a--p-l\">\n<div class=\"v-a-img-c\">\n<figure class=\"v-a-fig\">\n<a href=\"https:\/\/www.mujerhoy.com\/moda\/no-te-pierdas\/novedades-massimo-dutti-basicos-armario-capsula-entretiempo-otono-20250731081403-nt.html#vtm_modulosEngag=mod-rel:moda:noticia:2:cmp:2-not\" class=\"v-a-link\" title=\"Las novedades de Massimo Dutti de la semana: prendas de ante y las mejores americanas para el entretiempo\"><br \/>\n<img loading=\"lazy\" class=\"v-a-img\" src=\"http:\/\/hoycordobaweb.com\/wp-content\/uploads\/2025\/08\/en-verano-solo-me-apetece-llevar-camisetas-basicas-de-tirantes-y-estas-son-mis-favoritas-2.jpg\" alt=\"Las novedades de Massimo Dutti de la semana: prendas de ante y las mejores americanas para el entretiempo\"><br \/>\n<\/a><br \/>\n<\/figure>\n<\/div>\n<\/article>\n<\/div>\n<\/div>\n<\/div>\n<\/div>\n<p><h3 class=\"v-cmp-suh\">\nLas mejores camisetas de tirantes del verano<br \/>\n<\/h3>\n<\/p>\n<div class=\"v-c-cmp v-c-cmp--s\">\n<div class=\"v-cmp-m \">\n<article class=\"v-a v-a--cmp-m v-c-cmp--m-z\">\n<div class=\"v-a-img-c \">\n<div class=\"v-a-fig\">\n<button class=\"v-a-link\" popovertarget=\"photo-327\"><br \/>\n<img loading=\"lazy\" src=\"http:\/\/hoycordobaweb.com\/wp-content\/uploads\/2025\/08\/en-verano-solo-me-apetece-llevar-camisetas-basicas-de-tirantes-y-estas-son-mis-favoritas-3.jpg\" class=\"v-a-img\" width=\"650\" height=\"650\" alt=\"Camiseta con escote en pico de Zara.\" data-voc-vtm-id=\"in-text-traffic\"> <\/button><figcaption class=\"v-fc\">\n<span class=\"v-fc__t\"><br \/>\nCamiseta con escote en pico de Zara.<br \/>\n<\/span><br \/>\n<span class=\"v-fc__p\"><br \/>\nzara<br \/>\n<\/span><br \/>\n<\/figcaption><\/div>\n<\/div>\n<div id=\"photo-327\" popover class=\"v-mdl v-mdl--fw\">\n<button class=\"v-x\" popovertarget=\"photo-327\" popovertargetaction=\"hide\"><br \/>\n<span class=\"v-i\"><br \/>\n<svg width=\"24\" height=\"23.996\" viewBox=\"0 0 24 23.996\">\n<path data-name=\"Uni\u00f3n 29\" d=\"M12,14.03,2.031,24,0,21.963,9.968,12,0,2.033,2.031,0,12,9.966,21.969,0,24,2.033,14.032,12,24,21.963,21.969,24Z\" \/>\n<\/svg><br \/>\n<\/span><br \/>\n<\/button><\/p>\n<div class=\"v-mdl__c\">\n<div class=\"v-mdl__w\">\n<img loading=\"lazy\" src=\"http:\/\/hoycordobaweb.com\/wp-content\/uploads\/2025\/08\/en-verano-solo-me-apetece-llevar-camisetas-basicas-de-tirantes-y-estas-son-mis-favoritas-3.jpg\" class=\"v-mdl__img-z\" width=\"650\" height=\"650\" alt>\n<\/div>\n<\/div>\n<\/div>\n<p><span class=\"v-bdp\"><\/span><br \/>\n<\/article>\n<\/div>\n<\/div>\n<p><h3 class=\"v-cmp-suh\">\nCamiseta con escote en pico de Zara (7,95 euros)<br \/>\n<\/h3>\n<\/p>\n<p class=\"voc-paragraph\">Se trata de una camiseta con escote en pico muy b\u00e1sica de Zara. Es un dise\u00f1o en algod\u00f3n 100% en color blanco. Un dise\u00f1o sin mangas con acabado en rib. Tambi\u00e9n est\u00e1 disponible en m\u00e1s tonalidades. Sin duda, una camiseta que acompa\u00f1ar\u00e1 todos tus estilismos.<\/p>\n<div class=\"v-c-cmp v-c-cmp--s\">\n<div class=\"v-cmp-m \">\n<article class=\"v-a v-a--cmp-m v-c-cmp--m-z\">\n<div class=\"v-a-img-c \">\n<div class=\"v-a-fig\">\n<button class=\"v-a-link\" popovertarget=\"photo-927\"><br \/>\n<img loading=\"lazy\" src=\"http:\/\/hoycordobaweb.com\/wp-content\/uploads\/2025\/08\/en-verano-solo-me-apetece-llevar-camisetas-basicas-de-tirantes-y-estas-son-mis-favoritas-4.jpg\" class=\"v-a-img\" width=\"650\" height=\"650\" alt=\"Camiseta b\u00e1sica en blanco de Arket.\" data-voc-vtm-id=\"in-text-traffic\"> <\/button><figcaption class=\"v-fc\">\n<span class=\"v-fc__t\"><br \/>\nCamiseta b\u00e1sica en blanco de Arket.<br \/>\n<\/span><br \/>\n<span class=\"v-fc__p\"><br \/>\narket.<br \/>\n<\/span><br \/>\n<\/figcaption><\/div>\n<\/div>\n<div id=\"photo-927\" popover class=\"v-mdl v-mdl--fw\">\n<button class=\"v-x\" popovertarget=\"photo-927\" popovertargetaction=\"hide\"><br \/>\n<span class=\"v-i\"><br \/>\n<svg width=\"24\" height=\"23.996\" viewBox=\"0 0 24 23.996\">\n<path data-name=\"Uni\u00f3n 29\" d=\"M12,14.03,2.031,24,0,21.963,9.968,12,0,2.033,2.031,0,12,9.966,21.969,0,24,2.033,14.032,12,24,21.963,21.969,24Z\" \/>\n<\/svg><br \/>\n<\/span><br \/>\n<\/button><\/p>\n<div class=\"v-mdl__c\">\n<div class=\"v-mdl__w\">\n<img loading=\"lazy\" src=\"http:\/\/hoycordobaweb.com\/wp-content\/uploads\/2025\/08\/en-verano-solo-me-apetece-llevar-camisetas-basicas-de-tirantes-y-estas-son-mis-favoritas-4.jpg\" class=\"v-mdl__img-z\" width=\"650\" height=\"650\" alt>\n<\/div>\n<\/div>\n<\/div>\n<p><span class=\"v-bdp\"><\/span><br \/>\n<\/article>\n<\/div>\n<\/div>\n<p><h3 class=\"v-cmp-suh\">\nCamiseta b\u00e1sica en blanco de Arket (25 euros)<br \/>\n<\/h3>\n<\/p>\n<p class=\"voc-paragraph\">Otro dise\u00f1o que merece la pena es esta camiseta en blanco de Arket. Es una camiseta sncilla con tirantes, dise\u00f1o de can\u00e9 y cuello redondeado. Es una camiseta dise\u00f1ada con un 95% de algod\u00f3n y un 5% de elastano. Es una camiseta que cuesta 25 euros.<\/p>\n<div class=\"v-c-cmp v-c-cmp--s\">\n<div class=\"v-cmp-m \">\n<article class=\"v-a v-a--cmp-m v-c-cmp--m-z\">\n<div class=\"v-a-img-c \">\n<div class=\"v-a-fig\">\n<button class=\"v-a-link\" popovertarget=\"photo-365\"><br \/>\n<img loading=\"lazy\" src=\"http:\/\/hoycordobaweb.com\/wp-content\/uploads\/2025\/08\/en-verano-solo-me-apetece-llevar-camisetas-basicas-de-tirantes-y-estas-son-mis-favoritas-5.jpg\" class=\"v-a-img\" width=\"650\" height=\"650\" alt data-voc-vtm-id=\"in-text-traffic\"> <\/button>\n<\/div>\n<\/div>\n<div id=\"photo-365\" popover class=\"v-mdl v-mdl--fw\">\n<button class=\"v-x\" popovertarget=\"photo-365\" popovertargetaction=\"hide\"><br \/>\n<span class=\"v-i\"><br \/>\n<svg width=\"24\" height=\"23.996\" viewBox=\"0 0 24 23.996\">\n<path data-name=\"Uni\u00f3n 29\" d=\"M12,14.03,2.031,24,0,21.963,9.968,12,0,2.033,2.031,0,12,9.966,21.969,0,24,2.033,14.032,12,24,21.963,21.969,24Z\" \/>\n<\/svg><br \/>\n<\/span><br \/>\n<\/button><\/p>\n<div class=\"v-mdl__c\">\n<div class=\"v-mdl__w\">\n<img loading=\"lazy\" src=\"http:\/\/hoycordobaweb.com\/wp-content\/uploads\/2025\/08\/en-verano-solo-me-apetece-llevar-camisetas-basicas-de-tirantes-y-estas-son-mis-favoritas-5.jpg\" class=\"v-mdl__img-z\" width=\"650\" height=\"650\" alt>\n<\/div>\n<\/div>\n<\/div>\n<p><span class=\"v-bdp\"><\/span><br \/>\n<\/article>\n<\/div>\n<\/div>\n<p><h3 class=\"v-cmp-suh\">\nCamiseta de tirantes con logo de Rotate (28 euros)<br \/>\n<\/h3>\n<\/p>\n<p class=\"voc-paragraph\">La firma danesa es una de la m\u00e1s deseadas. Entre sus dise\u00f1os hemos fichado esta camiseta ideal en color blanco. Es un modelo perfecto para combinar con todo. Cuenta con el logo de la marca en el bajo de la camiseta a contraste en color negro.<\/p>\n<div class=\"v-c-cmp v-c-cmp--s\">\n<div class=\"v-cmp-m \">\n<article class=\"v-a v-a--cmp-m v-c-cmp--m-z\">\n<div class=\"v-a-img-c \">\n<div class=\"v-a-fig\">\n<button class=\"v-a-link\" popovertarget=\"photo-95\"><br \/>\n<img loading=\"lazy\" src=\"http:\/\/hoycordobaweb.com\/wp-content\/uploads\/2025\/08\/en-verano-solo-me-apetece-llevar-camisetas-basicas-de-tirantes-y-estas-son-mis-favoritas-6.jpg\" class=\"v-a-img\" width=\"650\" height=\"650\" alt=\"Camiseta de tirantes fluida de Massimo Dutti.\" data-voc-vtm-id=\"in-text-traffic\"> <\/button><figcaption class=\"v-fc\">\n<span class=\"v-fc__t\"><br \/>\nCamiseta de tirantes fluida de Massimo Dutti.<br \/>\n<\/span><br \/>\n<span class=\"v-fc__p\"><br \/>\nMASSIMO DUTTI<br \/>\n<\/span><br \/>\n<\/figcaption><\/div>\n<\/div>\n<div id=\"photo-95\" popover class=\"v-mdl v-mdl--fw\">\n<button class=\"v-x\" popovertarget=\"photo-95\" popovertargetaction=\"hide\"><br \/>\n<span class=\"v-i\"><br \/>\n<svg width=\"24\" height=\"23.996\" viewBox=\"0 0 24 23.996\">\n<path data-name=\"Uni\u00f3n 29\" d=\"M12,14.03,2.031,24,0,21.963,9.968,12,0,2.033,2.031,0,12,9.966,21.969,0,24,2.033,14.032,12,24,21.963,21.969,24Z\" \/>\n<\/svg><br \/>\n<\/span><br \/>\n<\/button><\/p>\n<div class=\"v-mdl__c\">\n<div class=\"v-mdl__w\">\n<img loading=\"lazy\" src=\"http:\/\/hoycordobaweb.com\/wp-content\/uploads\/2025\/08\/en-verano-solo-me-apetece-llevar-camisetas-basicas-de-tirantes-y-estas-son-mis-favoritas-6.jpg\" class=\"v-mdl__img-z\" width=\"650\" height=\"650\" alt>\n<\/div>\n<\/div>\n<\/div>\n<p><span class=\"v-bdp\"><\/span><br \/>\n<\/article>\n<\/div>\n<\/div>\n<p><h3 class=\"v-cmp-suh\">\nCamiseta de tirantes fluida de Massimo Dutti (25,95 euros)<br \/>\n<\/h3>\n<\/p>\n<p class=\"voc-paragraph\">Se trata de una camiseta de punto confeccionado en 100% lino. Es una opci\u00f3n ideal para el verano. Cuenta con cuello redondo tirantes. Es un dise\u00f1o fresquito en color blanco. Tambi\u00e9n est\u00e1 disponible en m\u00e1s tonalidades como el cl\u00e1sico negro.<\/p>\n<div class=\"v-c-cmp v-c-cmp--s\">\n<div class=\"v-cmp-m \">\n<article class=\"v-a v-a--cmp-m v-c-cmp--m-z\">\n<div class=\"v-a-img-c \">\n<div class=\"v-a-fig\">\n<button class=\"v-a-link\" popovertarget=\"photo-845\"><br \/>\n<img loading=\"lazy\" src=\"http:\/\/hoycordobaweb.com\/wp-content\/uploads\/2025\/08\/en-verano-solo-me-apetece-llevar-camisetas-basicas-de-tirantes-y-estas-son-mis-favoritas-7.jpg\" class=\"v-a-img\" width=\"650\" height=\"650\" alt=\"Camiseta de tirantes en blanco de Intimissimi.\" data-voc-vtm-id=\"in-text-traffic\"> <\/button><figcaption class=\"v-fc\">\n<span class=\"v-fc__t\"><br \/>\nCamiseta de tirantes en blanco de Intimissimi.<br \/>\n<\/span><br \/>\n<span class=\"v-fc__p\"><br \/>\nIntimissimi<br \/>\n<\/span><br \/>\n<\/figcaption><\/div>\n<\/div>\n<div id=\"photo-845\" popover class=\"v-mdl v-mdl--fw\">\n<button class=\"v-x\" popovertarget=\"photo-845\" popovertargetaction=\"hide\"><br \/>\n<span class=\"v-i\"><br \/>\n<svg width=\"24\" height=\"23.996\" viewBox=\"0 0 24 23.996\">\n<path data-name=\"Uni\u00f3n 29\" d=\"M12,14.03,2.031,24,0,21.963,9.968,12,0,2.033,2.031,0,12,9.966,21.969,0,24,2.033,14.032,12,24,21.963,21.969,24Z\" \/>\n<\/svg><br \/>\n<\/span><br \/>\n<\/button><\/p>\n<div class=\"v-mdl__c\">\n<div class=\"v-mdl__w\">\n<img loading=\"lazy\" src=\"http:\/\/hoycordobaweb.com\/wp-content\/uploads\/2025\/08\/en-verano-solo-me-apetece-llevar-camisetas-basicas-de-tirantes-y-estas-son-mis-favoritas-7.jpg\" class=\"v-mdl__img-z\" width=\"650\" height=\"650\" alt>\n<\/div>\n<\/div>\n<\/div>\n<p><span class=\"v-bdp\"><\/span><br \/>\n<\/article>\n<\/div>\n<\/div>\n<p><h3 class=\"v-cmp-suh\">\nCamiseta de tirantes en blanco de Intimissimi (12,90 euros)<br \/>\n<\/h3>\n<\/p>\n<p class=\"voc-paragraph\">En la firma de lencer\u00eda hemos fichado esta camiseta b\u00e1sica con tirantes en algod\u00f3n. Cuenta con el cl\u00e1sico acabado de canal\u00e9. Est\u00e1 dise\u00f1ada para llevar como prenda interior o exterior. Es un modelo muy recomendable y suave.<\/p>\n<div class=\"v-c-cmp v-c-cmp--s\">\n<div class=\"v-cmp-m \">\n<article class=\"v-a v-a--cmp-m v-c-cmp--m-z\">\n<div class=\"v-a-img-c \">\n<div class=\"v-a-fig\">\n<button class=\"v-a-link\" popovertarget=\"photo-581\"><br \/>\n<img loading=\"lazy\" src=\"http:\/\/hoycordobaweb.com\/wp-content\/uploads\/2025\/08\/en-verano-solo-me-apetece-llevar-camisetas-basicas-de-tirantes-y-estas-son-mis-favoritas-8.jpg\" class=\"v-a-img\" width=\"650\" height=\"650\" alt=\"Camiseta con tirantes en blanco de Citizens of Humanity.\" data-voc-vtm-id=\"in-text-traffic\"> <\/button><figcaption class=\"v-fc\">\n<span class=\"v-fc__t\"><br \/>\nCamiseta con tirantes en blanco de Citizens of Humanity.<br \/>\n<\/span><br \/>\n<span class=\"v-fc__p\"><br \/>\nCitizens Of Humanity.<br \/>\n<\/span><br \/>\n<\/figcaption><\/div>\n<\/div>\n<div id=\"photo-581\" popover class=\"v-mdl v-mdl--fw\">\n<button class=\"v-x\" popovertarget=\"photo-581\" popovertargetaction=\"hide\"><br \/>\n<span class=\"v-i\"><br \/>\n<svg width=\"24\" height=\"23.996\" viewBox=\"0 0 24 23.996\">\n<path data-name=\"Uni\u00f3n 29\" d=\"M12,14.03,2.031,24,0,21.963,9.968,12,0,2.033,2.031,0,12,9.966,21.969,0,24,2.033,14.032,12,24,21.963,21.969,24Z\" \/>\n<\/svg><br \/>\n<\/span><br \/>\n<\/button><\/p>\n<div class=\"v-mdl__c\">\n<div class=\"v-mdl__w\">\n<img loading=\"lazy\" src=\"http:\/\/hoycordobaweb.com\/wp-content\/uploads\/2025\/08\/en-verano-solo-me-apetece-llevar-camisetas-basicas-de-tirantes-y-estas-son-mis-favoritas-8.jpg\" class=\"v-mdl__img-z\" width=\"650\" height=\"650\" alt>\n<\/div>\n<\/div>\n<\/div>\n<p><span class=\"v-bdp\"><\/span><br \/>\n<\/article>\n<\/div>\n<\/div>\n<p><h3 class=\"v-cmp-suh\">\nCamiseta con tirantes en blanco de Citizens of Humanity (139 euros)<br \/>\n<\/h3>\n<\/p>\n<p class=\"voc-paragraph\">Se trata de una camiseta en color blanco con tirantes. Un dise\u00f1o de muy buena calidad en el que merece la pena invertir. Cuenta con tejido de canal\u00e9. Est\u00e1 disponibe en m\u00e1s tonaldiades como negro, verde o azul marino.<\/p>\n<div class=\"v-c-cmp v-c-cmp--t1 \">\n<div class=\"v-cmp-rld v-cmp-rld--2 \">\n<div class=\"v-cnt-m v-cnt-m--m\">\n<div class=\"v-cnt-m__c\">\n<div class=\"v-cnt-m__w v-cnt-m__w--1\">\n<p class=\"v-cnt-m__t\">\nTAMBI\u00c9N TE INTERESA\n<\/p>\n<\/div>\n<\/div>\n<\/div>\n<div class=\"v-g v-g--2-c v-g--bdr-min-xs\">\n<div class=\"v-g__c \">\n<article class=\"v-a v-a--cmp-rld v-a--cmp-rld-2 v-a--p-l\">\n<div class=\"v-a-img-c\">\n<figure class=\"v-a-fig\">\n<a href=\"https:\/\/www.mujerhoy.com\/moda\/no-te-pierdas\/pantalones-campana-vuelven-temporada-modelos-bonitos-favorecen-silueta-20250730104315-nt.html#vtm_modulosEngag=mod-rel:moda:noticia:1:cmp:2-not\" class=\"v-a-link\" title=\"Los pantalones campana vuelven una temporada m\u00e1s y estos son los modelos m\u00e1s bonitos\"><br \/>\n<img loading=\"lazy\" class=\"v-a-img\" src=\"http:\/\/hoycordobaweb.com\/wp-content\/uploads\/2025\/08\/en-verano-solo-me-apetece-llevar-camisetas-basicas-de-tirantes-y-estas-son-mis-favoritas-9.jpg\" alt=\"Los pantalones campana vuelven una temporada m\u00e1s y estos son los modelos m\u00e1s bonitos\"><br \/>\n<\/a><br \/>\n<\/figure>\n<\/div>\n<\/article>\n<\/div>\n<div class=\"v-g__c \">\n<article class=\"v-a v-a--cmp-rld v-a--cmp-rld-2 v-a--p-l\">\n<div class=\"v-a-img-c\">\n<figure class=\"v-a-fig\">\n<a href=\"https:\/\/www.mujerhoy.com\/moda\/no-te-pierdas\/collares-especiales-rejuvenecen-look-verano-20250730133456-nt.html#vtm_modulosEngag=mod-rel:moda:noticia:2:cmp:2-not\" class=\"v-a-link\" title=\"Collares especiales que rejuvenecen un look de verano\"><br \/>\n<img loading=\"lazy\" class=\"v-a-img\" src=\"http:\/\/hoycordobaweb.com\/wp-content\/uploads\/2025\/08\/en-verano-solo-me-apetece-llevar-camisetas-basicas-de-tirantes-y-estas-son-mis-favoritas-10.jpg\" alt=\"Collares especiales que rejuvenecen un look de verano\"><br \/>\n<\/a><br \/>\n<\/figure>\n<\/div>\n<\/article>\n<\/div>\n<\/div>\n<\/div>\n<\/div>\n<div class=\"media_block\"><\/div>\n","protected":false},"excerpt":{"rendered":"<p>Hay prendas que no necesitan presentaci\u00f3n. Las camisetas de tirantes \u2014tambi\u00e9n conocidas como tank tops\u2014 son ese b\u00e1sico de armario que en verano se vuelve imprescindible. Frescas, c\u00f3modas, vers\u00e1tiles y (bien elegidas) muy estilosas. Porque cuando suben las temperaturas, el cuerpo pide tejidos ligeros, cortes sencillos y colores neutros. Y si hay una prenda que [&hellip;]<\/p>\n","protected":false},"author":1,"featured_media":113450,"comment_status":"closed","ping_status":"closed","sticky":false,"template":"","format":"standard","meta":[],"categories":[],"tags":[],"_links":{"self":[{"href":"http:\/\/hoycordobaweb.com\/index.php\/wp-json\/wp\/v2\/posts\/113449"}],"collection":[{"href":"http:\/\/hoycordobaweb.com\/index.php\/wp-json\/wp\/v2\/posts"}],"about":[{"href":"http:\/\/hoycordobaweb.com\/index.php\/wp-json\/wp\/v2\/types\/post"}],"author":[{"embeddable":true,"href":"http:\/\/hoycordobaweb.com\/index.php\/wp-json\/wp\/v2\/users\/1"}],"replies":[{"embeddable":true,"href":"http:\/\/hoycordobaweb.com\/index.php\/wp-json\/wp\/v2\/comments?post=113449"}],"version-history":[{"count":0,"href":"http:\/\/hoycordobaweb.com\/index.php\/wp-json\/wp\/v2\/posts\/113449\/revisions"}],"wp:featuredmedia":[{"embeddable":true,"href":"http:\/\/hoycordobaweb.com\/index.php\/wp-json\/wp\/v2\/media\/113450"}],"wp:attachment":[{"href":"http:\/\/hoycordobaweb.com\/index.php\/wp-json\/wp\/v2\/media?parent=113449"}],"wp:term":[{"taxonomy":"category","embeddable":true,"href":"http:\/\/hoycordobaweb.com\/index.php\/wp-json\/wp\/v2\/categories?post=113449"},{"taxonomy":"post_tag","embeddable":true,"href":"http:\/\/hoycordobaweb.com\/index.php\/wp-json\/wp\/v2\/tags?post=113449"}],"curies":[{"name":"wp","href":"https:\/\/api.w.org\/{rel}","templated":true}]}}