{"id":113273,"date":"2025-08-07T20:26:08","date_gmt":"2025-08-07T20:26:08","guid":{"rendered":"https:\/\/cordobaturismo.gov.ar\/?p=897864"},"modified":"2025-08-07T20:26:08","modified_gmt":"2025-08-07T20:26:08","slug":"se-presento-la-29-edicion-de-la-fiesta-de-las-comidas-tipicas-caroyenses","status":"publish","type":"post","link":"http:\/\/hoycordobaweb.com\/index.php\/2025\/08\/07\/se-presento-la-29-edicion-de-la-fiesta-de-las-comidas-tipicas-caroyenses\/","title":{"rendered":"Se present\u00f3 la 29\u00b0 edici\u00f3n de la Fiesta de las Comidas T\u00edpicas Caroyenses"},"content":{"rendered":"<p>Este jueves 7 de agosto, en el Cabildo de la ciudad de C\u00f3rdoba, se llev\u00f3 a cabo la presentaci\u00f3n oficial de la 29\u00b0 edici\u00f3n de la Fiesta de las Comidas T\u00edpicas Caroyenses, uno de los eventos gastron\u00f3micos y culturales m\u00e1s emblem\u00e1ticos de la provincia.<\/p>\n<p>Durante el acto estuvieron presentes Dar\u00edo Capitani, presidente de la Agencia C\u00f3rdoba Turismo; H\u00e9ctor Campana, secretario de Fortalecimiento Vecinal y Deportes de la provincia; y Paola Nannini, intendenta de Colonia Caroya.<\/p>\n<p>La tradicional celebraci\u00f3n tendr\u00e1 lugar el s\u00e1bado 16 y domingo 17 de agosto en la Plaza Nicol\u00e1s Avellaneda de la ciudad de Colonia Caroya, con entrada libre y gratuita ambos d\u00edas. En esta edici\u00f3n, la fiesta reafirma su identidad recuperando el formato original en carpa, reinstalado en 2024, que se emplazar\u00e1 en el coraz\u00f3n de la ciudad.<\/p>\n<figure class=\"wp-block-image size-large\"><img loading=\"lazy\" fetchpriority=\"high\" decoding=\"async\" width=\"1024\" height=\"768\" src=\"http:\/\/hoycordobaweb.com\/wp-content\/uploads\/2025\/08\/se-presento-la-29-edicion-de-la-fiesta-de-las-comidas-tipicas-caroyenses.jpg\" alt class=\"wp-image-897865\" srcset=\"http:\/\/hoycordobaweb.com\/wp-content\/uploads\/2025\/08\/se-presento-la-29-edicion-de-la-fiesta-de-las-comidas-tipicas-caroyenses.jpg 1024w, http:\/\/hoycordobaweb.com\/wp-content\/uploads\/2025\/08\/se-presento-la-29-edicion-de-la-fiesta-de-las-comidas-tipicas-caroyenses-6.jpg 300w, http:\/\/hoycordobaweb.com\/wp-content\/uploads\/2025\/08\/se-presento-la-29-edicion-de-la-fiesta-de-las-comidas-tipicas-caroyenses-7.jpg 768w, http:\/\/hoycordobaweb.com\/wp-content\/uploads\/2025\/08\/se-presento-la-29-edicion-de-la-fiesta-de-las-comidas-tipicas-caroyenses-8.jpg 1536w, http:\/\/hoycordobaweb.com\/wp-content\/uploads\/2025\/08\/se-presento-la-29-edicion-de-la-fiesta-de-las-comidas-tipicas-caroyenses-9.jpg 1600w\" sizes=\"(max-width: 1024px) 100vw, 1024px\"><\/figure>\n<p><strong><em>\u201cLa gastronom\u00eda es una forma poderosa de contar qui\u00e9nes somos y de mostrar la identidad de nuestros pueblos. Colonia Caroya tiene una identidad fuerte, arraigada en sus sabores, y este tipo de celebraciones son claves para proyectarla hacia toda la provincia y el pa\u00eds\u201d,<\/em><\/strong> expres\u00f3 Dar\u00edo Capitani.<\/p>\n<p>Desde su primera edici\u00f3n en 1989, esta fiesta ha rendido homenaje a los sabores tradicionales heredados por los colonos friulanos y v\u00e9netos. Con platos de elaboraci\u00f3n artesanal, m\u00fasica, danzas t\u00edpicas y artesan\u00edas, el evento se ha convertido en un verdadero patrimonio gastron\u00f3mico y cultural de la regi\u00f3n.<\/p>\n<p>Luego de cinco a\u00f1os sin realizarse, el regreso en 2024 marc\u00f3 un hito con una multitudinaria convocatoria. En 2025, el evento redobla la apuesta con una programaci\u00f3n art\u00edstica de primer nivel, invitados especiales y una organizaci\u00f3n profesional que garantiza una experiencia inolvidable.<\/p>\n<p>Por su parte, la intendenta Paola Nannini destac\u00f3: <strong><em>\u201cEsta fiesta es mucho m\u00e1s que una propuesta gastron\u00f3mica; es un acto de amor por nuestras ra\u00edces, una oportunidad para que vengan a nuestra mesa para vivir y compartir las costumbres que nos hacen \u00fanicos\u201d.<\/em><\/strong><\/p>\n<figure class=\"wp-block-image size-large\"><img loading=\"lazy\" decoding=\"async\" width=\"1024\" height=\"768\" src=\"http:\/\/hoycordobaweb.com\/wp-content\/uploads\/2025\/08\/se-presento-la-29-edicion-de-la-fiesta-de-las-comidas-tipicas-caroyenses-1.jpg\" alt class=\"wp-image-897866\" srcset=\"http:\/\/hoycordobaweb.com\/wp-content\/uploads\/2025\/08\/se-presento-la-29-edicion-de-la-fiesta-de-las-comidas-tipicas-caroyenses-1.jpg 1024w, http:\/\/hoycordobaweb.com\/wp-content\/uploads\/2025\/08\/se-presento-la-29-edicion-de-la-fiesta-de-las-comidas-tipicas-caroyenses-10.jpg 300w, http:\/\/hoycordobaweb.com\/wp-content\/uploads\/2025\/08\/se-presento-la-29-edicion-de-la-fiesta-de-las-comidas-tipicas-caroyenses-11.jpg 768w, http:\/\/hoycordobaweb.com\/wp-content\/uploads\/2025\/08\/se-presento-la-29-edicion-de-la-fiesta-de-las-comidas-tipicas-caroyenses-12.jpg 1536w, http:\/\/hoycordobaweb.com\/wp-content\/uploads\/2025\/08\/se-presento-la-29-edicion-de-la-fiesta-de-las-comidas-tipicas-caroyenses-13.jpg 1600w\" sizes=\"(max-width: 1024px) 100vw, 1024px\"><\/figure>\n<p>La Fiesta de las Comidas T\u00edpicas Caroyenses se proyecta este a\u00f1o bajo el paraguas de la <em>Marca Origen Caroya<\/em>, sello recientemente lanzado que identifica a los productos, servicios y eventos que reflejan el ADN caroyense. Esta iniciativa refuerza el compromiso con la autenticidad, la calidad y el arraigo cultural.<\/p>\n<p>En su edici\u00f3n 2024, m\u00e1s de 10.000 personas disfrutaron de esta experiencia, que combina sabores, historia y territorio en una propuesta \u00fanica que fortalece el turismo regional y la identidad local.<\/p>\n<figure class=\"wp-block-gallery has-nested-images columns-default is-cropped wp-block-gallery-1 is-layout-flex wp-block-gallery-is-layout-flex\">\n<figure class=\"wp-block-image size-large\"><img loading=\"lazy\" decoding=\"async\" width=\"1024\" height=\"768\" data-id=\"897868\" src=\"http:\/\/hoycordobaweb.com\/wp-content\/uploads\/2025\/08\/se-presento-la-29-edicion-de-la-fiesta-de-las-comidas-tipicas-caroyenses-2.jpg\" alt class=\"wp-image-897868\" srcset=\"http:\/\/hoycordobaweb.com\/wp-content\/uploads\/2025\/08\/se-presento-la-29-edicion-de-la-fiesta-de-las-comidas-tipicas-caroyenses-2.jpg 1024w, http:\/\/hoycordobaweb.com\/wp-content\/uploads\/2025\/08\/se-presento-la-29-edicion-de-la-fiesta-de-las-comidas-tipicas-caroyenses-14.jpg 300w, http:\/\/hoycordobaweb.com\/wp-content\/uploads\/2025\/08\/se-presento-la-29-edicion-de-la-fiesta-de-las-comidas-tipicas-caroyenses-15.jpg 768w, http:\/\/hoycordobaweb.com\/wp-content\/uploads\/2025\/08\/se-presento-la-29-edicion-de-la-fiesta-de-las-comidas-tipicas-caroyenses-16.jpg 1536w, http:\/\/hoycordobaweb.com\/wp-content\/uploads\/2025\/08\/se-presento-la-29-edicion-de-la-fiesta-de-las-comidas-tipicas-caroyenses-17.jpg 1600w\" sizes=\"(max-width: 1024px) 100vw, 1024px\"><\/figure>\n<figure class=\"wp-block-image size-large\"><img loading=\"lazy\" decoding=\"async\" width=\"1024\" height=\"768\" data-id=\"897870\" src=\"http:\/\/hoycordobaweb.com\/wp-content\/uploads\/2025\/08\/se-presento-la-29-edicion-de-la-fiesta-de-las-comidas-tipicas-caroyenses-3.jpg\" alt class=\"wp-image-897870\" srcset=\"http:\/\/hoycordobaweb.com\/wp-content\/uploads\/2025\/08\/se-presento-la-29-edicion-de-la-fiesta-de-las-comidas-tipicas-caroyenses-3.jpg 1024w, http:\/\/hoycordobaweb.com\/wp-content\/uploads\/2025\/08\/se-presento-la-29-edicion-de-la-fiesta-de-las-comidas-tipicas-caroyenses-18.jpg 300w, http:\/\/hoycordobaweb.com\/wp-content\/uploads\/2025\/08\/se-presento-la-29-edicion-de-la-fiesta-de-las-comidas-tipicas-caroyenses-19.jpg 768w, http:\/\/hoycordobaweb.com\/wp-content\/uploads\/2025\/08\/se-presento-la-29-edicion-de-la-fiesta-de-las-comidas-tipicas-caroyenses-20.jpg 1536w, http:\/\/hoycordobaweb.com\/wp-content\/uploads\/2025\/08\/se-presento-la-29-edicion-de-la-fiesta-de-las-comidas-tipicas-caroyenses-21.jpg 1600w\" sizes=\"auto, (max-width: 1024px) 100vw, 1024px\"><\/figure>\n<figure class=\"wp-block-image size-large\"><img loading=\"lazy\" decoding=\"async\" width=\"1024\" height=\"768\" data-id=\"897867\" src=\"http:\/\/hoycordobaweb.com\/wp-content\/uploads\/2025\/08\/se-presento-la-29-edicion-de-la-fiesta-de-las-comidas-tipicas-caroyenses-4.jpg\" alt class=\"wp-image-897867\" srcset=\"http:\/\/hoycordobaweb.com\/wp-content\/uploads\/2025\/08\/se-presento-la-29-edicion-de-la-fiesta-de-las-comidas-tipicas-caroyenses-4.jpg 1024w, http:\/\/hoycordobaweb.com\/wp-content\/uploads\/2025\/08\/se-presento-la-29-edicion-de-la-fiesta-de-las-comidas-tipicas-caroyenses-22.jpg 300w, http:\/\/hoycordobaweb.com\/wp-content\/uploads\/2025\/08\/se-presento-la-29-edicion-de-la-fiesta-de-las-comidas-tipicas-caroyenses-23.jpg 768w, http:\/\/hoycordobaweb.com\/wp-content\/uploads\/2025\/08\/se-presento-la-29-edicion-de-la-fiesta-de-las-comidas-tipicas-caroyenses-24.jpg 1536w, http:\/\/hoycordobaweb.com\/wp-content\/uploads\/2025\/08\/se-presento-la-29-edicion-de-la-fiesta-de-las-comidas-tipicas-caroyenses-25.jpg 1600w\" sizes=\"auto, (max-width: 1024px) 100vw, 1024px\"><\/figure>\n<figure class=\"wp-block-image size-large\"><img loading=\"lazy\" decoding=\"async\" width=\"1024\" height=\"768\" data-id=\"897871\" src=\"http:\/\/hoycordobaweb.com\/wp-content\/uploads\/2025\/08\/se-presento-la-29-edicion-de-la-fiesta-de-las-comidas-tipicas-caroyenses-5.jpg\" alt class=\"wp-image-897871\" srcset=\"http:\/\/hoycordobaweb.com\/wp-content\/uploads\/2025\/08\/se-presento-la-29-edicion-de-la-fiesta-de-las-comidas-tipicas-caroyenses-5.jpg 1024w, http:\/\/hoycordobaweb.com\/wp-content\/uploads\/2025\/08\/se-presento-la-29-edicion-de-la-fiesta-de-las-comidas-tipicas-caroyenses-26.jpg 300w, http:\/\/hoycordobaweb.com\/wp-content\/uploads\/2025\/08\/se-presento-la-29-edicion-de-la-fiesta-de-las-comidas-tipicas-caroyenses-27.jpg 768w, http:\/\/hoycordobaweb.com\/wp-content\/uploads\/2025\/08\/se-presento-la-29-edicion-de-la-fiesta-de-las-comidas-tipicas-caroyenses-28.jpg 1536w, http:\/\/hoycordobaweb.com\/wp-content\/uploads\/2025\/08\/se-presento-la-29-edicion-de-la-fiesta-de-las-comidas-tipicas-caroyenses-29.jpg 1600w\" sizes=\"auto, (max-width: 1024px) 100vw, 1024px\"><\/figure>\n<\/figure>\n","protected":false},"excerpt":{"rendered":"<p>Este jueves 7 de agosto, en el Cabildo de la ciudad de C\u00f3rdoba, se llev\u00f3 a cabo la presentaci\u00f3n oficial de la 29\u00b0 edici\u00f3n de la Fiesta de las Comidas T\u00edpicas Caroyenses, uno de los eventos gastron\u00f3micos y culturales m\u00e1s emblem\u00e1ticos de la provincia. Durante el acto estuvieron presentes Dar\u00edo Capitani, presidente de la Agencia [&hellip;]<\/p>\n","protected":false},"author":1,"featured_media":113274,"comment_status":"closed","ping_status":"closed","sticky":false,"template":"","format":"standard","meta":[],"categories":[19],"tags":[],"_links":{"self":[{"href":"http:\/\/hoycordobaweb.com\/index.php\/wp-json\/wp\/v2\/posts\/113273"}],"collection":[{"href":"http:\/\/hoycordobaweb.com\/index.php\/wp-json\/wp\/v2\/posts"}],"about":[{"href":"http:\/\/hoycordobaweb.com\/index.php\/wp-json\/wp\/v2\/types\/post"}],"author":[{"embeddable":true,"href":"http:\/\/hoycordobaweb.com\/index.php\/wp-json\/wp\/v2\/users\/1"}],"replies":[{"embeddable":true,"href":"http:\/\/hoycordobaweb.com\/index.php\/wp-json\/wp\/v2\/comments?post=113273"}],"version-history":[{"count":0,"href":"http:\/\/hoycordobaweb.com\/index.php\/wp-json\/wp\/v2\/posts\/113273\/revisions"}],"wp:featuredmedia":[{"embeddable":true,"href":"http:\/\/hoycordobaweb.com\/index.php\/wp-json\/wp\/v2\/media\/113274"}],"wp:attachment":[{"href":"http:\/\/hoycordobaweb.com\/index.php\/wp-json\/wp\/v2\/media?parent=113273"}],"wp:term":[{"taxonomy":"category","embeddable":true,"href":"http:\/\/hoycordobaweb.com\/index.php\/wp-json\/wp\/v2\/categories?post=113273"},{"taxonomy":"post_tag","embeddable":true,"href":"http:\/\/hoycordobaweb.com\/index.php\/wp-json\/wp\/v2\/tags?post=113273"}],"curies":[{"name":"wp","href":"https:\/\/api.w.org\/{rel}","templated":true}]}}