{"id":113261,"date":"2025-08-07T11:28:00","date_gmt":"2025-08-07T11:28:00","guid":{"rendered":"https:\/\/www.mujerhoy.com\/moda\/no-te-pierdas\/sandalias-favoritas-comodas-elegantes-verano-20250807182818-nt.html"},"modified":"2025-08-07T11:28:00","modified_gmt":"2025-08-07T11:28:00","slug":"si-estas-pensando-en-invertir-en-unas-sandalias-estas-son-nuestras-favoritas-comodas-elegantes-y-muy-ponibles","status":"publish","type":"post","link":"http:\/\/hoycordobaweb.com\/index.php\/2025\/08\/07\/si-estas-pensando-en-invertir-en-unas-sandalias-estas-son-nuestras-favoritas-comodas-elegantes-y-muy-ponibles\/","title":{"rendered":"Si est\u00e1s pensando en invertir en unas sandalias, estas son nuestras favoritas: c\u00f3modas, elegantes y muy ponibles"},"content":{"rendered":"<p><!-- AUTHOR --><\/p>\n<div class=\"voc-author-timesocial \">\n<!-- AUTHOR --><\/p>\n<div class=\"voc-author-timesocial__signature \">\n<!-- IMAGE AUTHOR -->\n<picture class=\"voc-image-signature\">\n<img class=\"voc-image-signature__img\" src=\"http:\/\/hoycordobaweb.com\/wp-content\/uploads\/2025\/08\/si-estas-pensando-en-invertir-en-unas-sandalias-estas-son-nuestras-favoritas-comodas-elegantes-y-muy-ponibles.jpg\" alt=\"Lauren Izquierdo\">\n<\/picture>\n<!-- INFO AUTHOR --> <\/div><\/div>\n<p><!-- COMPONENTS --><\/p>\n<p class=\"voc-paragraph\">Sabes que <strong>no todas son iguales<\/strong>, pero cuando encuentras un <a href=\"https:\/\/www.mujerhoy.com\/moda\/no-te-pierdas\/sandalias-planas-comodas-elegantes-verano-20250712102522-nt.html\" title=\"www.mujerhoy.com\" data-voc-vtm-id=\"in-text-traffic\" data-mrf-link=\"www.mujerhoy.com\">buen par de sandalias<\/a>, <strong>invertir en ellas<\/strong> es una de las decisiones m\u00e1s inteligentes que puedes tomar cada verano. Un modelo c\u00f3modo, vers\u00e1til y bien elegido puede acompa\u00f1arte durante a\u00f1os sin perder actualidad, ya que combina con cualquier prenda de tu armario y se adapta con facilidad a todos los estilos. <\/p>\n<p class=\"voc-paragraph\">Desde los modelos planos m\u00e1s demandados hasta otras <strong>opciones con tac\u00f3n sensato<\/strong>, las posibilidades son infinitas, aunque todas consiguen rejuvenecer tu look sin esfuerzo. \u00bfC\u00f3mo? El <strong>truco<\/strong> est\u00e1 en elegir formas limpias, materiales de calidad y colores que combinen con el resto del armario.<\/p>\n<div class=\"v-c-cmp v-c-cmp--t1 \">\n<div class=\"v-cmp-rld v-cmp-rld--2 \">\n<div class=\"v-cnt-m v-cnt-m--m\">\n<div class=\"v-cnt-m__c\">\n<div class=\"v-cnt-m__w v-cnt-m__w--1\">\n<p class=\"v-cnt-m__t\">\nTAMBI\u00c9N TE INTERESA\n<\/p>\n<\/div>\n<\/div>\n<\/div>\n<div class=\"v-g v-g--2-c v-g--bdr-min-xs\">\n<div class=\"v-g__c \">\n<article class=\"v-a v-a--cmp-rld v-a--cmp-rld-2 v-a--p-l\">\n<div class=\"v-a-img-c\">\n<figure class=\"v-a-fig\">\n<a href=\"https:\/\/www.mujerhoy.com\/moda\/no-te-pierdas\/sandalias-alpargatas-zapatos-comodos-verano-corte-ingles-20250604165150-nt.html#vtm_modulosEngag=mod-rel:moda:noticia:1:cmp:2-not\" class=\"v-a-link\" title=\"Sandalias tipo alpargatas, el zapato fresquito y c\u00f3modo que usar\u00e1s para todo este verano\"><br \/>\n<img loading=\"lazy\" class=\"v-a-img\" src=\"http:\/\/hoycordobaweb.com\/wp-content\/uploads\/2025\/08\/si-estas-pensando-en-invertir-en-unas-sandalias-estas-son-nuestras-favoritas-comodas-elegantes-y-muy-ponibles-1.jpg\" alt=\"Sandalias tipo alpargatas, el zapato fresquito y c\u00f3modo que usar\u00e1s para todo este verano\"><br \/>\n<\/a><br \/>\n<\/figure>\n<\/div>\n<\/article>\n<\/div>\n<div class=\"v-g__c \">\n<article class=\"v-a v-a--cmp-rld v-a--cmp-rld-2 v-a--p-l\">\n<div class=\"v-a-img-c\">\n<figure class=\"v-a-fig\">\n<a href=\"https:\/\/www.mujerhoy.com\/moda\/tendencias\/sandalias-pala-verano-combinables-20250603132940-nt.html#vtm_modulosEngag=mod-rel:moda:noticia:2:cmp:2-not\" class=\"v-a-link\" title=\"Sandalias tipo pala: combinables y muy elegantes \"><br \/>\n<img loading=\"lazy\" class=\"v-a-img\" src=\"http:\/\/hoycordobaweb.com\/wp-content\/uploads\/2025\/08\/si-estas-pensando-en-invertir-en-unas-sandalias-estas-son-nuestras-favoritas-comodas-elegantes-y-muy-ponibles-2.jpg\" alt=\"Sandalias tipo pala: combinables y muy elegantes \"><br \/>\n<\/a><br \/>\n<\/figure>\n<\/div>\n<\/article>\n<\/div>\n<\/div>\n<\/div>\n<\/div>\n<p class=\"voc-paragraph\">Adem\u00e1s, el confort ha pasado a ser tan importante como el dise\u00f1o. Las sandalias de hoy en d\u00eda <strong>siguen siendo elegantes<\/strong>, pero tambi\u00e9n <strong>incorporan tecnolog\u00edas que amortiguan la pisada<\/strong>, pieles blandas que no rozan y tiras estrat\u00e9gicas que sujetan sin apretar para que te olvides del dolor de pies. <\/p>\n<p><h3 class=\"v-cmp-suh\">\nLas sandalias m\u00e1s bonitas<br \/>\n<\/h3>\n<\/p>\n<div class=\"v-c-cmp v-c-cmp--s\">\n<div class=\"v-cmp-m \">\n<article class=\"v-a v-a--cmp-m v-c-cmp--m-z\">\n<div class=\"v-a-img-c \">\n<div class=\"v-a-fig\">\n<button class=\"v-a-link\" popovertarget=\"photo-408\"><br \/>\n<img loading=\"lazy\" src=\"http:\/\/hoycordobaweb.com\/wp-content\/uploads\/2025\/08\/si-estas-pensando-en-invertir-en-unas-sandalias-estas-son-nuestras-favoritas-comodas-elegantes-y-muy-ponibles-3.jpg\" class=\"v-a-img\" width=\"650\" height=\"650\" alt=\"Sandalias bicolor de Mascar\u00f3, 137,40 euros.\" data-voc-vtm-id=\"in-text-traffic\"> <\/button><figcaption class=\"v-fc\">\n<span class=\"v-fc__t\"><br \/>\nSandalias bicolor de Mascar\u00f3, 137,40 euros.<br \/>\n<\/span><br \/>\n<\/figcaption><\/div>\n<\/div>\n<div id=\"photo-408\" popover class=\"v-mdl v-mdl--fw\">\n<button class=\"v-x\" popovertarget=\"photo-408\" popovertargetaction=\"hide\"><br \/>\n<span class=\"v-i\"><br \/>\n<svg width=\"24\" height=\"23.996\" viewBox=\"0 0 24 23.996\">\n<path data-name=\"Uni\u00f3n 29\" d=\"M12,14.03,2.031,24,0,21.963,9.968,12,0,2.033,2.031,0,12,9.966,21.969,0,24,2.033,14.032,12,24,21.963,21.969,24Z\" \/>\n<\/svg><br \/>\n<\/span><br \/>\n<\/button><\/p>\n<div class=\"v-mdl__c\">\n<div class=\"v-mdl__w\">\n<img loading=\"lazy\" src=\"http:\/\/hoycordobaweb.com\/wp-content\/uploads\/2025\/08\/si-estas-pensando-en-invertir-en-unas-sandalias-estas-son-nuestras-favoritas-comodas-elegantes-y-muy-ponibles-3.jpg\" class=\"v-mdl__img-z\" width=\"650\" height=\"650\" alt>\n<\/div>\n<\/div>\n<\/div>\n<p><span class=\"v-bdp\"><\/span><br \/>\n<\/article>\n<\/div>\n<\/div>\n<p class=\"voc-paragraph\"><strong>Sandalias bicolor de Mascar\u00f3, 137,40 euros.<\/strong> Me parecen una inversi\u00f3n que merece (y mucho la pena). No parar\u00e1s de pon\u00e9rtelas porque son atemporales, no pasan de moda y porque siempre son ese as bajo la manga que funcionan con todo.<\/p>\n<div class=\"v-c-cmp v-c-cmp--s\">\n<div class=\"v-cmp-m \">\n<article class=\"v-a v-a--cmp-m v-c-cmp--m-z\">\n<div class=\"v-a-img-c \">\n<div class=\"v-a-fig\">\n<button class=\"v-a-link\" popovertarget=\"photo-559\"><br \/>\n<img loading=\"lazy\" src=\"http:\/\/hoycordobaweb.com\/wp-content\/uploads\/2025\/08\/si-estas-pensando-en-invertir-en-unas-sandalias-estas-son-nuestras-favoritas-comodas-elegantes-y-muy-ponibles-4.jpg\" class=\"v-a-img\" width=\"650\" height=\"650\" alt=\"Sandalias tipo pala de Tommy Hilfiger, 65,90 euros.\" data-voc-vtm-id=\"in-text-traffic\"> <\/button><figcaption class=\"v-fc\">\n<span class=\"v-fc__t\"><br \/>\nSandalias tipo pala de Tommy Hilfiger, 65,90 euros.<br \/>\n<\/span><br \/>\n<\/figcaption><\/div>\n<\/div>\n<div id=\"photo-559\" popover class=\"v-mdl v-mdl--fw\">\n<button class=\"v-x\" popovertarget=\"photo-559\" popovertargetaction=\"hide\"><br \/>\n<span class=\"v-i\"><br \/>\n<svg width=\"24\" height=\"23.996\" viewBox=\"0 0 24 23.996\">\n<path data-name=\"Uni\u00f3n 29\" d=\"M12,14.03,2.031,24,0,21.963,9.968,12,0,2.033,2.031,0,12,9.966,21.969,0,24,2.033,14.032,12,24,21.963,21.969,24Z\" \/>\n<\/svg><br \/>\n<\/span><br \/>\n<\/button><\/p>\n<div class=\"v-mdl__c\">\n<div class=\"v-mdl__w\">\n<img loading=\"lazy\" src=\"http:\/\/hoycordobaweb.com\/wp-content\/uploads\/2025\/08\/si-estas-pensando-en-invertir-en-unas-sandalias-estas-son-nuestras-favoritas-comodas-elegantes-y-muy-ponibles-4.jpg\" class=\"v-mdl__img-z\" width=\"650\" height=\"650\" alt>\n<\/div>\n<\/div>\n<\/div>\n<p><span class=\"v-bdp\"><\/span><br \/>\n<\/article>\n<\/div>\n<\/div>\n<p class=\"voc-paragraph\"><strong>Sandalias tipo pala de Tommy Hilfiger, 65,90 euros.<\/strong> Si no sabes con qu\u00e9 pon\u00e9rtelas, la respuesta es sencilla: con absolutamente todo lo que tengas en el armario, con tus vaqueros de siempre y camisetas de manga corta, y con vestidos vaporosos y muy femeninos que uses en una ocasi\u00f3n m\u00e1s especial. <\/p>\n<div class=\"v-c-cmp v-c-cmp--s\">\n<div class=\"v-cmp-m \">\n<article class=\"v-a v-a--cmp-m v-c-cmp--m-z\">\n<div class=\"v-a-img-c \">\n<div class=\"v-a-fig\">\n<button class=\"v-a-link\" popovertarget=\"photo-556\"><br \/>\n<img loading=\"lazy\" src=\"http:\/\/hoycordobaweb.com\/wp-content\/uploads\/2025\/08\/si-estas-pensando-en-invertir-en-unas-sandalias-estas-son-nuestras-favoritas-comodas-elegantes-y-muy-ponibles-5.jpg\" class=\"v-a-img\" width=\"650\" height=\"650\" alt=\"Sandalias con tac\u00f3n c\u00f3modo de Casta\u00f1er, 156 euros.\" data-voc-vtm-id=\"in-text-traffic\"> <\/button><figcaption class=\"v-fc\">\n<span class=\"v-fc__t\"><br \/>\nSandalias con tac\u00f3n c\u00f3modo de Casta\u00f1er, 156 euros.<br \/>\n<\/span><br \/>\n<\/figcaption><\/div>\n<\/div>\n<div id=\"photo-556\" popover class=\"v-mdl v-mdl--fw\">\n<button class=\"v-x\" popovertarget=\"photo-556\" popovertargetaction=\"hide\"><br \/>\n<span class=\"v-i\"><br \/>\n<svg width=\"24\" height=\"23.996\" viewBox=\"0 0 24 23.996\">\n<path data-name=\"Uni\u00f3n 29\" d=\"M12,14.03,2.031,24,0,21.963,9.968,12,0,2.033,2.031,0,12,9.966,21.969,0,24,2.033,14.032,12,24,21.963,21.969,24Z\" \/>\n<\/svg><br \/>\n<\/span><br \/>\n<\/button><\/p>\n<div class=\"v-mdl__c\">\n<div class=\"v-mdl__w\">\n<img loading=\"lazy\" src=\"http:\/\/hoycordobaweb.com\/wp-content\/uploads\/2025\/08\/si-estas-pensando-en-invertir-en-unas-sandalias-estas-son-nuestras-favoritas-comodas-elegantes-y-muy-ponibles-5.jpg\" class=\"v-mdl__img-z\" width=\"650\" height=\"650\" alt>\n<\/div>\n<\/div>\n<\/div>\n<p><span class=\"v-bdp\"><\/span><br \/>\n<\/article>\n<\/div>\n<\/div>\n<p class=\"voc-paragraph\"><strong>Sandalias con tac\u00f3n c\u00f3modo de Casta\u00f1er, 156 euros.<\/strong> No te dejes enga\u00f1ar por su tac\u00f3n porque con estas sandalias podr\u00e1s correr, caminar y bailar toda la noche. Son perfectas para cenas elegantes, pero tambi\u00e9n para ir a la oficina. <\/p>\n<div class=\"v-c-cmp v-c-cmp--s\">\n<div class=\"v-cmp-m \">\n<article class=\"v-a v-a--cmp-m v-c-cmp--m-z\">\n<div class=\"v-a-img-c \">\n<div class=\"v-a-fig\">\n<button class=\"v-a-link\" popovertarget=\"photo-922\"><br \/>\n<img loading=\"lazy\" src=\"http:\/\/hoycordobaweb.com\/wp-content\/uploads\/2025\/08\/si-estas-pensando-en-invertir-en-unas-sandalias-estas-son-nuestras-favoritas-comodas-elegantes-y-muy-ponibles-6.jpg\" class=\"v-a-img\" width=\"650\" height=\"650\" alt=\"Sandalias marrones de Clarks, 89,95 euros.\" data-voc-vtm-id=\"in-text-traffic\"> <\/button><figcaption class=\"v-fc\">\n<span class=\"v-fc__t\"><br \/>\nSandalias marrones de Clarks, 89,95 euros.<br \/>\n<\/span><br \/>\n<\/figcaption><\/div>\n<\/div>\n<div id=\"photo-922\" popover class=\"v-mdl v-mdl--fw\">\n<button class=\"v-x\" popovertarget=\"photo-922\" popovertargetaction=\"hide\"><br \/>\n<span class=\"v-i\"><br \/>\n<svg width=\"24\" height=\"23.996\" viewBox=\"0 0 24 23.996\">\n<path data-name=\"Uni\u00f3n 29\" d=\"M12,14.03,2.031,24,0,21.963,9.968,12,0,2.033,2.031,0,12,9.966,21.969,0,24,2.033,14.032,12,24,21.963,21.969,24Z\" \/>\n<\/svg><br \/>\n<\/span><br \/>\n<\/button><\/p>\n<div class=\"v-mdl__c\">\n<div class=\"v-mdl__w\">\n<img loading=\"lazy\" src=\"http:\/\/hoycordobaweb.com\/wp-content\/uploads\/2025\/08\/si-estas-pensando-en-invertir-en-unas-sandalias-estas-son-nuestras-favoritas-comodas-elegantes-y-muy-ponibles-6.jpg\" class=\"v-mdl__img-z\" width=\"650\" height=\"650\" alt>\n<\/div>\n<\/div>\n<\/div>\n<p><span class=\"v-bdp\"><\/span><br \/>\n<\/article>\n<\/div>\n<\/div>\n<p class=\"voc-paragraph\"><strong>Sandalias marrones de Clarks, 89,95 euros.<\/strong> Son un cl\u00e1sico del verano, y sinceramente, este modelo me parece uno de los m\u00e1s bonitos y ponibles de la temporada. Hazte con un bolso a juego y tendr\u00e1s cualquier estilismo del verano cubierto. <\/p>\n<div class=\"v-c-cmp v-c-cmp--s\">\n<div class=\"v-cmp-m \">\n<article class=\"v-a v-a--cmp-m v-c-cmp--m-z\">\n<div class=\"v-a-img-c \">\n<div class=\"v-a-fig\">\n<button class=\"v-a-link\" popovertarget=\"photo-196\"><br \/>\n<img loading=\"lazy\" src=\"http:\/\/hoycordobaweb.com\/wp-content\/uploads\/2025\/08\/si-estas-pensando-en-invertir-en-unas-sandalias-estas-son-nuestras-favoritas-comodas-elegantes-y-muy-ponibles-7.jpg\" class=\"v-a-img\" width=\"650\" height=\"650\" alt=\"Sandalias doradas de Unisa, 109,95 euros.\" data-voc-vtm-id=\"in-text-traffic\"> <\/button><figcaption class=\"v-fc\">\n<span class=\"v-fc__t\"><br \/>\nSandalias doradas de Unisa, 109,95 euros.<br \/>\n<\/span><br \/>\n<\/figcaption><\/div>\n<\/div>\n<div id=\"photo-196\" popover class=\"v-mdl v-mdl--fw\">\n<button class=\"v-x\" popovertarget=\"photo-196\" popovertargetaction=\"hide\"><br \/>\n<span class=\"v-i\"><br \/>\n<svg width=\"24\" height=\"23.996\" viewBox=\"0 0 24 23.996\">\n<path data-name=\"Uni\u00f3n 29\" d=\"M12,14.03,2.031,24,0,21.963,9.968,12,0,2.033,2.031,0,12,9.966,21.969,0,24,2.033,14.032,12,24,21.963,21.969,24Z\" \/>\n<\/svg><br \/>\n<\/span><br \/>\n<\/button><\/p>\n<div class=\"v-mdl__c\">\n<div class=\"v-mdl__w\">\n<img loading=\"lazy\" src=\"http:\/\/hoycordobaweb.com\/wp-content\/uploads\/2025\/08\/si-estas-pensando-en-invertir-en-unas-sandalias-estas-son-nuestras-favoritas-comodas-elegantes-y-muy-ponibles-7.jpg\" class=\"v-mdl__img-z\" width=\"650\" height=\"650\" alt>\n<\/div>\n<\/div>\n<\/div>\n<p><span class=\"v-bdp\"><\/span><br \/>\n<\/article>\n<\/div>\n<\/div>\n<p class=\"voc-paragraph\"><strong>Sandalias doradas de Unisa, 109,95 euros.<\/strong> Son otros de los modelos m\u00e1s t\u00edpicos (y tambi\u00e9n de los m\u00e1s necesarios), porque estas sandalias son las mejores para llevar en estilismos sencillos que requieran un toque m\u00e1s formal y a la vez elegante. <\/p>\n<div class=\"v-c-cmp v-c-cmp--s\">\n<div class=\"v-cmp-m \">\n<article class=\"v-a v-a--cmp-m v-c-cmp--m-z\">\n<div class=\"v-a-img-c \">\n<div class=\"v-a-fig\">\n<button class=\"v-a-link\" popovertarget=\"photo-30\"><br \/>\n<img loading=\"lazy\" src=\"http:\/\/hoycordobaweb.com\/wp-content\/uploads\/2025\/08\/si-estas-pensando-en-invertir-en-unas-sandalias-estas-son-nuestras-favoritas-comodas-elegantes-y-muy-ponibles-8.jpg\" class=\"v-a-img\" width=\"650\" height=\"650\" alt=\"Sandalias negras tipo mule de Polo Club, 44,99 euros.\" data-voc-vtm-id=\"in-text-traffic\"> <\/button><figcaption class=\"v-fc\">\n<span class=\"v-fc__t\"><br \/>\nSandalias negras tipo mule de Polo Club, 44,99 euros.<br \/>\n<\/span><br \/>\n<\/figcaption><\/div>\n<\/div>\n<div id=\"photo-30\" popover class=\"v-mdl v-mdl--fw\">\n<button class=\"v-x\" popovertarget=\"photo-30\" popovertargetaction=\"hide\"><br \/>\n<span class=\"v-i\"><br \/>\n<svg width=\"24\" height=\"23.996\" viewBox=\"0 0 24 23.996\">\n<path data-name=\"Uni\u00f3n 29\" d=\"M12,14.03,2.031,24,0,21.963,9.968,12,0,2.033,2.031,0,12,9.966,21.969,0,24,2.033,14.032,12,24,21.963,21.969,24Z\" \/>\n<\/svg><br \/>\n<\/span><br \/>\n<\/button><\/p>\n<div class=\"v-mdl__c\">\n<div class=\"v-mdl__w\">\n<img loading=\"lazy\" src=\"http:\/\/hoycordobaweb.com\/wp-content\/uploads\/2025\/08\/si-estas-pensando-en-invertir-en-unas-sandalias-estas-son-nuestras-favoritas-comodas-elegantes-y-muy-ponibles-8.jpg\" class=\"v-mdl__img-z\" width=\"650\" height=\"650\" alt>\n<\/div>\n<\/div>\n<\/div>\n<p><span class=\"v-bdp\"><\/span><br \/>\n<\/article>\n<\/div>\n<\/div>\n<p class=\"voc-paragraph\"><strong>Sandalias negras tipo mule de Polo Club, 44,99 euros.<\/strong> Perfectas para las amantes del menos es m\u00e1s, estas sandalias son el claro ejemplo del minimalismo m\u00e1s pr\u00e1ctico y funcional que combina con todo y siempre queda elegant\u00edsimo.<\/p>\n<div class=\"v-c-cmp v-c-cmp--t1 \">\n<div class=\"v-cmp-rld v-cmp-rld--2 \">\n<div class=\"v-cnt-m v-cnt-m--m\">\n<div class=\"v-cnt-m__c\">\n<div class=\"v-cnt-m__w v-cnt-m__w--1\">\n<p class=\"v-cnt-m__t\">\nTAMBI\u00c9N TE INTERESA\n<\/p>\n<\/div>\n<\/div>\n<\/div>\n<div class=\"v-g v-g--2-c v-g--bdr-min-xs\">\n<div class=\"v-g__c \">\n<article class=\"v-a v-a--cmp-rld v-a--cmp-rld-2 v-a--p-l\">\n<div class=\"v-a-img-c\">\n<figure class=\"v-a-fig\">\n<a href=\"https:\/\/www.mujerhoy.com\/moda\/no-te-pierdas\/mejores-sandalias-comodas-versatiles-20250531115342-nt.html#vtm_modulosEngag=mod-rel:moda:noticia:1:cmp:2-not\" class=\"v-a-link\" title=\"Seis sandalias que llevar a diario porque son c\u00f3modas y muy vers\u00e1tiles\"><br \/>\n<img loading=\"lazy\" class=\"v-a-img\" src=\"http:\/\/hoycordobaweb.com\/wp-content\/uploads\/2025\/08\/si-estas-pensando-en-invertir-en-unas-sandalias-estas-son-nuestras-favoritas-comodas-elegantes-y-muy-ponibles-9.jpg\" alt=\"Seis sandalias que llevar a diario porque son c\u00f3modas y muy vers\u00e1tiles\"><br \/>\n<\/a><br \/>\n<\/figure>\n<\/div>\n<\/article>\n<\/div>\n<div class=\"v-g__c \">\n<article class=\"v-a v-a--cmp-rld v-a--cmp-rld-2 v-a--p-l\">\n<div class=\"v-a-img-c\">\n<figure class=\"v-a-fig\">\n<a href=\"https:\/\/www.mujerhoy.com\/moda\/no-te-pierdas\/sandalias-triple-hebilla-tendencia-calzado-verano-20250601124011-nt.html#vtm_modulosEngag=mod-rel:moda:noticia:2:cmp:2-not\" class=\"v-a-link\" title=\"Esta temporada lucir\u00e1s las sandalias triple hebilla: c\u00f3modas, estilosas y originales\"><br \/>\n<img loading=\"lazy\" class=\"v-a-img\" src=\"http:\/\/hoycordobaweb.com\/wp-content\/uploads\/2025\/08\/si-estas-pensando-en-invertir-en-unas-sandalias-estas-son-nuestras-favoritas-comodas-elegantes-y-muy-ponibles-10.jpg\" alt=\"Esta temporada lucir\u00e1s las sandalias triple hebilla: c\u00f3modas, estilosas y originales\"><br \/>\n<\/a><br \/>\n<\/figure>\n<\/div>\n<\/article>\n<\/div>\n<\/div>\n<\/div>\n<\/div>\n<div class=\"media_block\"><\/div>\n","protected":false},"excerpt":{"rendered":"<p>Sabes que no todas son iguales, pero cuando encuentras un buen par de sandalias, invertir en ellas es una de las decisiones m\u00e1s inteligentes que puedes tomar cada verano. Un modelo c\u00f3modo, vers\u00e1til y bien elegido puede acompa\u00f1arte durante a\u00f1os sin perder actualidad, ya que combina con cualquier prenda de tu armario y se adapta [&hellip;]<\/p>\n","protected":false},"author":1,"featured_media":113262,"comment_status":"closed","ping_status":"closed","sticky":false,"template":"","format":"standard","meta":[],"categories":[],"tags":[],"_links":{"self":[{"href":"http:\/\/hoycordobaweb.com\/index.php\/wp-json\/wp\/v2\/posts\/113261"}],"collection":[{"href":"http:\/\/hoycordobaweb.com\/index.php\/wp-json\/wp\/v2\/posts"}],"about":[{"href":"http:\/\/hoycordobaweb.com\/index.php\/wp-json\/wp\/v2\/types\/post"}],"author":[{"embeddable":true,"href":"http:\/\/hoycordobaweb.com\/index.php\/wp-json\/wp\/v2\/users\/1"}],"replies":[{"embeddable":true,"href":"http:\/\/hoycordobaweb.com\/index.php\/wp-json\/wp\/v2\/comments?post=113261"}],"version-history":[{"count":0,"href":"http:\/\/hoycordobaweb.com\/index.php\/wp-json\/wp\/v2\/posts\/113261\/revisions"}],"wp:featuredmedia":[{"embeddable":true,"href":"http:\/\/hoycordobaweb.com\/index.php\/wp-json\/wp\/v2\/media\/113262"}],"wp:attachment":[{"href":"http:\/\/hoycordobaweb.com\/index.php\/wp-json\/wp\/v2\/media?parent=113261"}],"wp:term":[{"taxonomy":"category","embeddable":true,"href":"http:\/\/hoycordobaweb.com\/index.php\/wp-json\/wp\/v2\/categories?post=113261"},{"taxonomy":"post_tag","embeddable":true,"href":"http:\/\/hoycordobaweb.com\/index.php\/wp-json\/wp\/v2\/tags?post=113261"}],"curies":[{"name":"wp","href":"https:\/\/api.w.org\/{rel}","templated":true}]}}