{"id":113259,"date":"2025-08-06T21:30:00","date_gmt":"2025-08-06T21:30:00","guid":{"rendered":"https:\/\/www.ole.com.ar\/futbol-internacional\/champions-champions-league-pre-champions-eliminatorias_0_5ixxTqS7Ja.html"},"modified":"2025-08-06T21:30:00","modified_gmt":"2025-08-06T21:30:00","slug":"rumbo-a-la-champions-benfica-dio-un-paso-importante-y-como-es-la-clasificacion","status":"publish","type":"post","link":"http:\/\/hoycordobaweb.com\/index.php\/2025\/08\/06\/rumbo-a-la-champions-benfica-dio-un-paso-importante-y-como-es-la-clasificacion\/","title":{"rendered":"Rumbo a la Champions: Benfica dio un paso importante y c\u00f3mo es la clasificaci\u00f3n"},"content":{"rendered":"<p><img src=\"http:\/\/hoycordobaweb.com\/wp-content\/uploads\/2025\/08\/rumbo-a-la-champions-benfica-dio-un-paso-importante-y-como-es-la-clasificacion.jpg\"><\/p>\n<p><time class=\"createDate\" datetime=\"2025-08-06T18:30:00-03:00\">06\/08\/2025 18:30hs.<\/time><\/p>\n<div id=\"storyBody\">\n<div class=\"custom-text \" readability=\"34.504347826087\">\n<p>El camino hacia la <strong><a href=\"https:\/\/www.ole.com.ar\/tema\/champions-league.html\" title=\"Champions League\" alt=\"Champions League\" class=\"slug\">Champions League<\/a><\/strong> siempre fue largo, m\u00e1s que nada para los equipos que no pertenec\u00edan a las grandes ligas europeas. Y <strong>a partir del nuevo formato<\/strong>, <strong><a href=\"https:\/\/www.ole.com.ar\/futbol-internacional\/champions\/empieza-champions-league-liga-campeones-europa-temporada-2025-26_0_L1qO2eqYGB.html\" target=\"_self\" title=\"en la presente temporada 2025\/26 el trayecto es a\u00fan m\u00e1s largo\" alt=\"en la presente temporada 2025\/26 el trayecto es a\u00fan m\u00e1s largo\" rel=\"noopener noreferrer\">en la presente temporada 2025\/26 el trayecto es a\u00fan m\u00e1s largo<\/a><\/strong>. <strong>En total participan 83 clubes<\/strong>. De momento, culminada las primeras dos rondas previas, ahora se disputa la tercera: <strong>20 clubes<\/strong> del viejo continente conforman esta fase y <strong>luchar\u00e1n para llegar a los playoffs<\/strong>, la \u00faltima instancia previa. El comienzo de la etapa principal del torneo est\u00e1 cerca y <strong>todos quieren formar parte de los 36 clasificados<\/strong>.<\/p>\n<\/div>\n<div class=\"custom-text \" readability=\"39\">\n<p>La tercera ronda, que empez\u00f3 este martes con los encuentros de ida y tendr\u00e1 los partidos de vuelta la semana que viene,<strong> est\u00e1 formada por 12 conjuntos que llegaron por la Ruta de Campeones y 8 que arribaron por la Ruta de Liga<\/strong>. Lo novedoso es que en esta etapa se sumaron campeones de torneos con <strong>mejor coeficiente<\/strong>, <strong>el subcampe\u00f3n de Portuga<\/strong>l (Benfica) y <strong>B\u00e9lgica<\/strong> (Brujas), <strong>el tercero de Pa\u00edses Bajos<\/strong> (Feyenoord); y<strong> el cuarto de un campeonato m\u00e1s fuerte como el de Francia<\/strong> (Niza).<\/p>\n<\/div>\n<div class=\"custom-text \" readability=\"37\">\n<p>De los 20 equipos en pie pasar\u00e1n 10 y sumados a otros cuatro llegar\u00e1n a la \u00faltima instancia de los 14 que luchar\u00e1n para ingresar a la Fase Liga. Por su mejor coeficiente, ya esperan rival en la siguiente instancia el Celtic (Escocia), el Basel (Suiza) y el Bod\u00f8 (Noruega) que ya tiene asegurado un enfrentamiento contra el Sturm (Austria).<\/p>\n<\/div>\n<div class=\"sc-e7b891c4-0 ifHnQL image-embed\"><img alt=\"Todos quieren un lugar en los 36 clasificados de la Fase Liga. EFE.\" loading=\"lazy\" width=\"720\" height=\"100\" decoding=\"async\" data-nimg=\"1\" src=\"http:\/\/hoycordobaweb.com\/wp-content\/uploads\/2025\/08\/rumbo-a-la-champions-benfica-dio-un-paso-importante-y-como-es-la-clasificacion-2.jpg\"><span class=\"epigraphe\">Todos quieren un lugar en los 36 clasificados de la Fase Liga. EFE.<\/span><\/div>\n<p><h2><strong>El ArgenFica lucha por entrar a la Champions<\/strong><\/h2>\n<\/p>\n<div class=\"custom-text \" readability=\"31.210401891253\">\n<p><strong><a href=\"https:\/\/www.ole.com.ar\/tema\/pablo-aimar.html\" title=\"Pablo Aimar\" alt=\"Pablo Aimar\" class=\"slug\">Pablo Aimar<\/a><\/strong>, <strong><a href=\"https:\/\/www.ole.com.ar\/tema\/javier-saviola.html\" title=\"Javier Saviola\" alt=\"Javier Saviola\" class=\"slug\">Javier Saviola<\/a><\/strong> y <strong><a href=\"https:\/\/www.ole.com.ar\/tema\/angel-di-maria.html\" title=\"Angel DI Mar\u00eda\" alt=\"Angel DI Mar\u00eda\" class=\"slug\">\u00c1ngel Di Mar\u00eda<\/a><\/strong>, que recientemente termin\u00f3 su segundo ciclo con el <strong><a href=\"https:\/\/www.ole.com.ar\/tema\/benfica.html\" title=\"benfica\" alt=\"benfica\" class=\"slug\">Benfica<\/a><\/strong> tras el<strong><a href=\"https:\/\/www.ole.com.ar\/tema\/mundial-de-clubes.html\" title=\"Mundial de Clubes\" alt=\"Mundial de Clubes\" class=\"slug\"> Mundial de Clubes<\/a><\/strong>, son algunos de los argentinos que vistieron la camiseta de las siempre receptivas con sudamericanos \u00c1guilas. Hoy, ya sin el Fideo, <strong><a href=\"https:\/\/www.ole.com.ar\/tema\/nicolas-otamendi.html\" title=\"Nicol\u00e1s Otamendi\" alt=\"Nicol\u00e1s Otamendi\" class=\"slug\">Nicol\u00e1s Otamendi<\/a><\/strong> (Capit\u00e1n) y <strong>Enzo Barrenechea fueron titulares mientras que<\/strong> <strong><a href=\"https:\/\/www.ole.com.ar\/tema\/gianluca-prestianni.html\" title=\"Gianluca Prestianni\" alt=\"Gianluca Prestianni\" class=\"slug\">Gianluca Prestianni<\/a> ingres\u00f3 en el ST en el muy buen 2-0 ante Niza, en Francia.<\/strong><\/p>\n<\/div>\n<div class=\"sc-e7b891c4-0 ifHnQL image-embed\"><img alt=\"Otamendi, titular en Francia con Benfica.\" loading=\"lazy\" width=\"720\" height=\"100\" decoding=\"async\" data-nimg=\"1\" src=\"http:\/\/hoycordobaweb.com\/wp-content\/uploads\/2025\/08\/rumbo-a-la-champions-benfica-dio-un-paso-importante-y-como-es-la-clasificacion-3.jpg\"><span class=\"epigraphe\">Otamendi, titular en Francia con Benfica.<\/span><\/div>\n<p><h2><strong>Resultados de los partidos de ida<\/strong><\/h2>\n<\/p>\n<div class=\"custom-text \">\n<p><strong>Malm\u00f6 0 &#8211; Copenhague 0 <\/strong><\/p>\n<\/div>\n<div class=\"custom-text \" readability=\"32\">\n<p><strong>Kairat Almaty 1 &#8211; Slovan Bratislava 0<\/strong><\/p>\n<\/div>\n<div class=\"custom-text \" readability=\"32\">\n<p><strong>Lech Pozna\u0144 1 &#8211; Estrella Roja 3<\/strong><\/p>\n<\/div>\n<div class=\"custom-text \" readability=\"32\">\n<p><strong>Ludogorets Razgrad 0 &#8211; Ferencv\u00e1ros 0<\/strong><\/p>\n<\/div>\n<div class=\"custom-text \">\n<p><strong>Dinamo Kiev 0 &#8211; Pafos 1<\/strong><\/p>\n<\/div>\n<div class=\"custom-text \" readability=\"32\">\n<p><strong>Shk\u00ebndija 0 &#8211; Qaraba\u011f 1<\/strong><\/p>\n<\/div>\n<div class=\"custom-text \" readability=\"32\">\n<p><strong>Salzburgo 0 &#8211; Brujas 1 (entr\u00f3 Zaid Romero)<\/strong><\/p>\n<\/div>\n<div class=\"custom-text \" readability=\"32\">\n<p><strong>Rangers 3 &#8211; Viktoria Plze\u0148 0<\/strong><\/p>\n<\/div>\n<div class=\"custom-text \">\n<p><strong>Niza 0 &#8211; Benfica 2<\/strong><\/p>\n<\/div>\n<div class=\"custom-text \" readability=\"32\">\n<p><strong>Feyenoord 2 &#8211; Fenerbah\u00e7e 1<\/strong><\/p>\n<\/div>\n<p><h2><strong>Calendario para los enfrentamientos de vuelta<\/strong><\/h2>\n<\/p>\n<p><h2><strong>Martes 12 de agosto<\/strong><\/h2>\n<\/p>\n<div class=\"custom-text \" readability=\"32\">\n<p><strong>13.00<\/strong> <strong>Qaraba\u011f &#8211; Shk\u00ebndija <\/strong><\/p>\n<\/div>\n<div class=\"custom-text \" readability=\"32\">\n<p><strong>14.00<\/strong> <strong>Fenerbah\u00e7e &#8211; Feyenoord <\/strong><\/p>\n<\/div>\n<div class=\"custom-text \" readability=\"32\">\n<p><strong>14.00<\/strong> <strong>Copenhague &#8211; Malm\u00f6 <\/strong><\/p>\n<\/div>\n<div class=\"custom-text \" readability=\"32\">\n<p><strong> 14.00<\/strong> <strong>Pafos &#8211; Dinamo Kiev <\/strong><\/p>\n<\/div>\n<div class=\"custom-text \" readability=\"32\">\n<p><strong>14.00<\/strong> <strong>Viktoria Plze\u0148 &#8211; Rangers <\/strong><\/p>\n<\/div>\n<div class=\"custom-text \">\n<p><strong> 14.30<\/strong> <strong>Brujas &#8211; Salzburgo <\/strong><\/p>\n<\/div>\n<div class=\"custom-text \" readability=\"32\">\n<p><strong>15.15 Slovan Bratislava &#8211; Kairat Almaty <\/strong><\/p>\n<\/div>\n<div class=\"custom-text \" readability=\"32\">\n<p><strong>15.15 Ferencv\u00e1ros &#8211; Ludogorets Razgrad <\/strong><\/p>\n<\/div>\n<div class=\"custom-text \" readability=\"32\">\n<p><strong>16.00<\/strong> <strong>Estrella Roja &#8211; Lech Pozna\u0144 <\/strong><\/p>\n<\/div>\n<div class=\"custom-text \">\n<p><strong>16.00<\/strong> <strong>Benfica &#8211; Niza <\/strong><\/p>\n<\/div>\n<div class=\"sc-a7166897-0 eoLsBE\" readability=\"6\">\n<section readability=\"2\"><picture><img alt=\"Oficial: Thomas M\u00fcller es nuevo refuerzo del Vancouver Whitecaps\" loading=\"lazy\" width=\"290\" height=\"290\" decoding=\"async\" data-nimg=\"1\" src=\"http:\/\/hoycordobaweb.com\/wp-content\/uploads\/2025\/08\/rumbo-a-la-champions-benfica-dio-un-paso-importante-y-como-es-la-clasificacion-4.jpg\"><\/picture>\n<p><span>Mir\u00e1 tambi\u00e9n<\/span><\/p>\n<hr>\n<h3>Oficial: Thomas M\u00fcller es nuevo refuerzo del Vancouver Whitecaps<\/h3>\n<\/p>\n<\/section>\n<\/div>\n<div class=\"sc-a7166897-0 eoLsBE\" readability=\"6\">\n<section readability=\"2\"><picture><img alt=\"\u00a1Es oficial! Heung-Min Son se convirti\u00f3 en nuevo jugador de LAFC\" loading=\"lazy\" width=\"290\" height=\"290\" decoding=\"async\" data-nimg=\"1\" src=\"http:\/\/hoycordobaweb.com\/wp-content\/uploads\/2025\/08\/rumbo-a-la-champions-benfica-dio-un-paso-importante-y-como-es-la-clasificacion-5.jpg\"><\/picture>\n<p><span>Mir\u00e1 tambi\u00e9n<\/span><\/p>\n<hr>\n<h3>\u00a1Es oficial! Heung-Min Son se convirti\u00f3 en nuevo jugador de LAFC<\/h3>\n<\/p>\n<\/section>\n<\/div>\n<div class=\"sc-a7166897-0 eoLsBE\" readability=\"6.5\">\n<section readability=\"3\"><picture><img alt=\"El emotivo adi\u00f3s entre l\u00e1grimas de Son al Tottenham: &quot;Fue una de las decisiones m\u00e1s dif\u00edciles de mi vida&quot;\" loading=\"lazy\" width=\"290\" height=\"290\" decoding=\"async\" data-nimg=\"1\" src=\"http:\/\/hoycordobaweb.com\/wp-content\/uploads\/2025\/08\/rumbo-a-la-champions-benfica-dio-un-paso-importante-y-como-es-la-clasificacion-6.jpg\"><\/picture>\n<p><span>Mir\u00e1 tambi\u00e9n<\/span><\/p>\n<hr>\n<h3>El emotivo adi\u00f3s entre l\u00e1grimas de Son al Tottenham: \u00abFue una de las decisiones m\u00e1s dif\u00edciles de mi vida\u00bb<\/h3>\n<\/p>\n<\/section>\n<\/div>\n<\/div>\n","protected":false},"excerpt":{"rendered":"<p>06\/08\/2025 18:30hs. El camino hacia la Champions League siempre fue largo, m\u00e1s que nada para los equipos que no pertenec\u00edan a las grandes ligas europeas. Y a partir del nuevo formato, en la presente temporada 2025\/26 el trayecto es a\u00fan m\u00e1s largo. En total participan 83 clubes. De momento, culminada las primeras dos rondas previas, [&hellip;]<\/p>\n","protected":false},"author":1,"featured_media":113260,"comment_status":"open","ping_status":"closed","sticky":false,"template":"","format":"standard","meta":[],"categories":[16],"tags":[],"_links":{"self":[{"href":"http:\/\/hoycordobaweb.com\/index.php\/wp-json\/wp\/v2\/posts\/113259"}],"collection":[{"href":"http:\/\/hoycordobaweb.com\/index.php\/wp-json\/wp\/v2\/posts"}],"about":[{"href":"http:\/\/hoycordobaweb.com\/index.php\/wp-json\/wp\/v2\/types\/post"}],"author":[{"embeddable":true,"href":"http:\/\/hoycordobaweb.com\/index.php\/wp-json\/wp\/v2\/users\/1"}],"replies":[{"embeddable":true,"href":"http:\/\/hoycordobaweb.com\/index.php\/wp-json\/wp\/v2\/comments?post=113259"}],"version-history":[{"count":0,"href":"http:\/\/hoycordobaweb.com\/index.php\/wp-json\/wp\/v2\/posts\/113259\/revisions"}],"wp:featuredmedia":[{"embeddable":true,"href":"http:\/\/hoycordobaweb.com\/index.php\/wp-json\/wp\/v2\/media\/113260"}],"wp:attachment":[{"href":"http:\/\/hoycordobaweb.com\/index.php\/wp-json\/wp\/v2\/media?parent=113259"}],"wp:term":[{"taxonomy":"category","embeddable":true,"href":"http:\/\/hoycordobaweb.com\/index.php\/wp-json\/wp\/v2\/categories?post=113259"},{"taxonomy":"post_tag","embeddable":true,"href":"http:\/\/hoycordobaweb.com\/index.php\/wp-json\/wp\/v2\/tags?post=113259"}],"curies":[{"name":"wp","href":"https:\/\/api.w.org\/{rel}","templated":true}]}}