{"id":113249,"date":"2025-08-07T01:05:14","date_gmt":"2025-08-07T01:05:14","guid":{"rendered":"https:\/\/www.ole.com.ar\/voley\/bruno-lima-publicacion-posteo-salida-renuncia-seleccion-argentina-voley_0_aHp1kEKKvx.html"},"modified":"2025-08-07T01:05:14","modified_gmt":"2025-08-07T01:05:14","slug":"bruno-lima-le-puso-fin-a-su-ciclo-en-la-seleccion-argentina-de-voley-y-lo-anuncio-en-redes","status":"publish","type":"post","link":"http:\/\/hoycordobaweb.com\/index.php\/2025\/08\/07\/bruno-lima-le-puso-fin-a-su-ciclo-en-la-seleccion-argentina-de-voley-y-lo-anuncio-en-redes\/","title":{"rendered":"Bruno Lima le puso fin a su ciclo en la Selecci\u00f3n Argentina de v\u00f3ley y lo anunci\u00f3 en redes"},"content":{"rendered":"<p><img src=\"http:\/\/hoycordobaweb.com\/wp-content\/uploads\/2025\/08\/bruno-lima-le-puso-fin-a-su-ciclo-en-la-seleccion-argentina-de-voley-y-lo-anuncio-en-redes.jpg\"><\/p>\n<p><time class=\"createDate\" datetime=\"2025-08-06T22:05:14-03:00\">06\/08\/2025 22:05hs.<\/time><\/p>\n<div id=\"storyBody\">\n<div class=\"custom-text \" readability=\"34.8\">\n<p>Luego de que la <a href=\"https:\/\/www.ole.com.ar\/tema\/federacion-de-voleibol-argentino-feva.html\" target=\"_self\" title=\"Federaci\u00f3n del Voleibol Argentino\" alt=\"Federaci\u00f3n del Voleibol Argentino\" rel=\"noopener noreferrer\">Federaci\u00f3n del Voleibol Argentino<\/a> anunci\u00f3 la <a href=\"https:\/\/www.ole.com.ar\/voley\/bruno-lima-renuncia-seleccion-feva-federacion-volveibol-argentino-mundial-filipinas-2025_0_TRJEHHUnzw.html\" target=\"_self\" title=\"renuncia de Bruno Lima\" alt=\"renuncia de Bruno Lima\" rel=\"noopener noreferrer\">renuncia de Bruno Lima<\/a> a la Selecci\u00f3n a trav\u00e9s de sus redes sociales, el sanjuanino de 29 a\u00f1os eligi\u00f3 el mismo medio para confirmar la noticia. <strong>La despedida llega a pocas semanas del inicio del Mundial de Filipinas,<\/strong> que dar\u00e1 inicio el 12 de septiembre, <strong>y recibi\u00f3 sentidos mensajes por parte de personalidades<\/strong> conocidas del deporte. Entre ellas, algunos que formaron parte del plantel que se qued\u00f3 con el bronce en los Juegos Ol\u00edmpicos de Tokio 2020.<\/p>\n<\/div>\n<p><h2>\u00bfQu\u00e9 dice la publicaci\u00f3n de Bruno Lima que confirma su salida del equipo nacional?<\/h2>\n<\/p>\n<div class=\"custom-text \" readability=\"42\">\n<p>\u00abComo mi salida ya es de p\u00fablico conocimiento, <strong>quer\u00eda dejar en claro que me encuentro bien.<\/strong> Agradezco a todos los que me bancaron en estos a\u00f1os y a los que no, tambi\u00e9n, porque ambos te empujan a seguir. Logramos cosas incre\u00edbles en estos a\u00f1os dejando el v\u00f3ley nacional en lo m\u00e1s alto, teniendo en cuenta nuestras posibilidades, sacrificios y obst\u00e1culos diarios.<strong> Fue un placer haber vestido esta camiseta durante tantos a\u00f1os,<\/strong> y una sensaci\u00f3n incre\u00edble. Gracias y aguante Argentina\u00bb, expres\u00f3 el opuesto que actualmente se desempe\u00f1a en el club Volei Renata de Brasil.<\/p>\n<\/div>\n<div class=\"sc-e7b891c4-0 ifHnQL image-embed\"><img alt=\"La despedida de Lima a la Selecci\u00f3n.\" loading=\"lazy\" width=\"720\" height=\"100\" decoding=\"async\" data-nimg=\"1\" src=\"http:\/\/hoycordobaweb.com\/wp-content\/uploads\/2025\/08\/bruno-lima-le-puso-fin-a-su-ciclo-en-la-seleccion-argentina-de-voley-y-lo-anuncio-en-redes-2.jpg\"><span class=\"epigraphe\">La despedida de Lima a la Selecci\u00f3n.<\/span><\/div>\n<div class=\"custom-text \" readability=\"36\">\n<p>\u00bfPor qu\u00e9 aclara que est\u00e1 bien? Debido a que la FeVA, cuando inform\u00f3 sobre la renuncia de Lima, aclar\u00f3 que <strong>su postura respondi\u00f3 a motivos personales,<\/strong> sin m\u00e1s.<\/p>\n<\/div>\n<div class=\"sc-e7b891c4-0 ifHnQL image-embed\"><img alt=\"Renuncia de Bruno Lima: el posteo oficial de la FeVA. (Foto: Twitter)\" loading=\"lazy\" width=\"720\" height=\"100\" decoding=\"async\" data-nimg=\"1\" src=\"http:\/\/hoycordobaweb.com\/wp-content\/uploads\/2025\/08\/bruno-lima-le-puso-fin-a-su-ciclo-en-la-seleccion-argentina-de-voley-y-lo-anuncio-en-redes-3.jpg\"><span class=\"epigraphe\">Renuncia de Bruno Lima: el posteo oficial de la FeVA. (Foto: Twitter)<\/span><\/div>\n<p><h2>Los mensajes que recibi\u00f3 la despedida de Lima a la Selecci\u00f3n en su Instagram<\/h2>\n<\/p>\n<div class=\"custom-text \" readability=\"40\">\n<p>Entre los que comentaron la publicaci\u00f3n de Lima se encuentran algunos compa\u00f1eros<strong> que alcanzaron la hist\u00f3rica segunda medalla de bronce<\/strong> en la historia del v\u00f3ley argentino en Tokio 2020. <strong>Facundo Conte,<\/strong> el segundo m\u00e1ximo anotador de la Albiceleste en esos Juegos -por detr\u00e1s del propio sanjuanino, que no solo fue el goleador de su equipo sino tambi\u00e9n del certamen en general, con 138 puntos-, fue uno de ellos. El punta expres\u00f3: <strong>\u00abGracias por tantas batallas, nene. Te quiero y te abrazo\u00bb.<\/strong><\/p>\n<\/div>\n<div class=\"custom-text \" readability=\"35.34110787172\">\n<p>Otros que obtuvieron la presea ol\u00edmpica junto a estos dos y dejaron un mensaje de agradecimiento son <strong>Agust\u00edn Loser y Luciano De Cecco.<\/strong> El central dijo: <strong>\u00abGracias por tanto, amigo querido\u00bb,<\/strong> mientras que el <strong>armador -que tambi\u00e9n se hab\u00eda despedido de la Selecci\u00f3n <a href=\"https:\/\/www.ole.com.ar\/voley\/luciano-cecco-volvio-seleccion-voley-mundial-filipinas_0_4uNi89KK6t.html\" target=\"_self\" title=\"y recientemente regres\u00f3\" alt=\"y recientemente regres\u00f3\" rel=\"noopener noreferrer\">y recientemente regres\u00f3<\/a>&#8211; coment\u00f3: \u00ab\u00cddolo. Te agradezco, Lim\u00f3n. Te quiero\u00bb.<\/strong><\/p>\n<\/div>\n<div class=\"sc-e7b891c4-0 ifHnQL image-embed\"><img alt=\"Los mensajes de los compa\u00f1eros de Lima en Tokio 2020 tras su renuncia.\" loading=\"lazy\" width=\"720\" height=\"100\" decoding=\"async\" data-nimg=\"1\" src=\"http:\/\/hoycordobaweb.com\/wp-content\/uploads\/2025\/08\/bruno-lima-le-puso-fin-a-su-ciclo-en-la-seleccion-argentina-de-voley-y-lo-anuncio-en-redes-4.jpg\"><span class=\"epigraphe\">Los mensajes de los compa\u00f1eros de Lima en Tokio 2020 tras su renuncia.<\/span><\/div>\n<div class=\"custom-text \" readability=\"37\">\n<p>Por su parte, el periodista e hist\u00f3rico relator del equipo nacional, <strong>Jos\u00e9 Montesano,<\/strong> no dej\u00f3 pasar la oportunidad de saludar a Lima: <strong>\u00abSe te quiere, nene. Abrazo especial\u00bb.<\/strong><\/p>\n<\/div>\n<div class=\"sc-a7166897-0 eoLsBE\" readability=\"6.5\">\n<section readability=\"3\"><picture><img alt=\"En un Desaf\u00edo 77 inolvidable, Defensores de Moreno grit\u00f3 campe\u00f3n\" loading=\"lazy\" width=\"290\" height=\"290\" decoding=\"async\" data-nimg=\"1\" src=\"http:\/\/hoycordobaweb.com\/wp-content\/uploads\/2025\/08\/bruno-lima-le-puso-fin-a-su-ciclo-en-la-seleccion-argentina-de-voley-y-lo-anuncio-en-redes-5.jpg\"><\/picture>\n<p><span>Mir\u00e1 tambi\u00e9n<\/span><\/p>\n<hr>\n<h3>En un Desaf\u00edo 77 inolvidable, Defensores de Moreno grit\u00f3 campe\u00f3n<\/h3>\n<\/p>\n<\/section>\n<\/div>\n<div class=\"sc-a7166897-0 eoLsBE\" readability=\"7\">\n<section readability=\"4\"><picture><img alt=\"Las Panteras con lista confirmada, para la gira previa al Mundial de v\u00f3ley en Tailandia \" loading=\"lazy\" width=\"290\" height=\"290\" decoding=\"async\" data-nimg=\"1\" src=\"http:\/\/hoycordobaweb.com\/wp-content\/uploads\/2025\/08\/bruno-lima-le-puso-fin-a-su-ciclo-en-la-seleccion-argentina-de-voley-y-lo-anuncio-en-redes-6.jpg\"><\/picture>\n<p><span>Mir\u00e1 tambi\u00e9n<\/span><\/p>\n<hr>\n<h3>Las Panteras con lista confirmada, para la gira previa al Mundial de v\u00f3ley en Tailandia<br \/>\n<\/h3>\n<\/p>\n<\/section>\n<\/div>\n<div class=\"sc-a7166897-0 eoLsBE\" readability=\"6.5\">\n<section readability=\"3\"><picture><img alt=\"De colores, de Selecci\u00f3n y De Cecco\" loading=\"lazy\" width=\"290\" height=\"290\" decoding=\"async\" data-nimg=\"1\" src=\"http:\/\/hoycordobaweb.com\/wp-content\/uploads\/2025\/08\/bruno-lima-le-puso-fin-a-su-ciclo-en-la-seleccion-argentina-de-voley-y-lo-anuncio-en-redes-7.jpg\"><\/picture>\n<p><span>Mir\u00e1 tambi\u00e9n<\/span><\/p>\n<hr>\n<h3>De colores, de Selecci\u00f3n y De Cecco<\/h3>\n<\/p>\n<\/section>\n<\/div>\n<\/div>\n","protected":false},"excerpt":{"rendered":"<p>06\/08\/2025 22:05hs. Luego de que la Federaci\u00f3n del Voleibol Argentino anunci\u00f3 la renuncia de Bruno Lima a la Selecci\u00f3n a trav\u00e9s de sus redes sociales, el sanjuanino de 29 a\u00f1os eligi\u00f3 el mismo medio para confirmar la noticia. La despedida llega a pocas semanas del inicio del Mundial de Filipinas, que dar\u00e1 inicio el 12 [&hellip;]<\/p>\n","protected":false},"author":1,"featured_media":113250,"comment_status":"open","ping_status":"closed","sticky":false,"template":"","format":"standard","meta":[],"categories":[16],"tags":[],"_links":{"self":[{"href":"http:\/\/hoycordobaweb.com\/index.php\/wp-json\/wp\/v2\/posts\/113249"}],"collection":[{"href":"http:\/\/hoycordobaweb.com\/index.php\/wp-json\/wp\/v2\/posts"}],"about":[{"href":"http:\/\/hoycordobaweb.com\/index.php\/wp-json\/wp\/v2\/types\/post"}],"author":[{"embeddable":true,"href":"http:\/\/hoycordobaweb.com\/index.php\/wp-json\/wp\/v2\/users\/1"}],"replies":[{"embeddable":true,"href":"http:\/\/hoycordobaweb.com\/index.php\/wp-json\/wp\/v2\/comments?post=113249"}],"version-history":[{"count":0,"href":"http:\/\/hoycordobaweb.com\/index.php\/wp-json\/wp\/v2\/posts\/113249\/revisions"}],"wp:featuredmedia":[{"embeddable":true,"href":"http:\/\/hoycordobaweb.com\/index.php\/wp-json\/wp\/v2\/media\/113250"}],"wp:attachment":[{"href":"http:\/\/hoycordobaweb.com\/index.php\/wp-json\/wp\/v2\/media?parent=113249"}],"wp:term":[{"taxonomy":"category","embeddable":true,"href":"http:\/\/hoycordobaweb.com\/index.php\/wp-json\/wp\/v2\/categories?post=113249"},{"taxonomy":"post_tag","embeddable":true,"href":"http:\/\/hoycordobaweb.com\/index.php\/wp-json\/wp\/v2\/tags?post=113249"}],"curies":[{"name":"wp","href":"https:\/\/api.w.org\/{rel}","templated":true}]}}