{"id":113177,"date":"2025-08-06T16:00:09","date_gmt":"2025-08-06T16:00:09","guid":{"rendered":"https:\/\/www.trendencias.com\/viajes\/mejores-refugios-climaticos-madrid-para-escapar-ola-calor-gastarte-euro"},"modified":"2025-08-06T16:00:09","modified_gmt":"2025-08-06T16:00:09","slug":"los-mejores-refugios-climaticos-de-madrid-para-escapar-de-la-ola-de-calor-sin-gastarte-un-euro","status":"publish","type":"post","link":"http:\/\/hoycordobaweb.com\/index.php\/2025\/08\/06\/los-mejores-refugios-climaticos-de-madrid-para-escapar-de-la-ola-de-calor-sin-gastarte-un-euro\/","title":{"rendered":"Los mejores refugios clim\u00e1ticos de Madrid para escapar de la ola de calor sin gastarte un euro"},"content":{"rendered":"<p>La segunda ola de calor del verano 2025 est\u00e1 pegando fuerte en todo el pa\u00eds y, quien m\u00e1s y quien menos, buscamos lugares donde refrescarnos y estar a salvo de las altas temperaturas de forma gratuita, sobre todo dentro de las grandes ciudades. Si bien en el extranjero <a class=\"text-outboundlink\" href=\"https:\/\/www.trendencias.com\/salud\/retiro-ha-estado-cerrado-durante-ola-calor-paris-parques-abren-medianoche-espana-necesita-entender-importancia-refugios-climaticos\" data-vars-post-title=\"Madrid Vs. Par\u00eds o c\u00f3mo la pol\u00edtica podr\u00eda estar matando de calor a la gente\" data-vars-post-url=\"https:\/\/www.trendencias.com\/salud\/retiro-ha-estado-cerrado-durante-ola-calor-paris-parques-abren-medianoche-espana-necesita-entender-importancia-refugios-climaticos\">importantes capitales como Par\u00eds adec\u00faan su urbanismo para facilitar la vida de los ciudadanos durante los meses estivales<\/a>, en Madrid todav\u00eda tenemos que ponernos las pilas en este sentido. Mientras tanto, disponemos de algunos <strong>refugios clim\u00e1ticos<\/strong> donde pasar mejor el trago de los 39 grados que nos esperan estos d\u00edas.<\/p>\n<p><!-- BREAK 1 --> <\/p>\n<h2>C\u00edrculo de Bellas Artes<\/h2>\n<div class=\"article-asset-image article-asset-normal article-asset-center\">\n<div class=\"asset-content\"> <img class=\"centro_sinmarco\" height=\"900\" width=\"1200\" loading=\"lazy\" decoding=\"async\" sizes=\"100vw\" fetchpriority=\"high\" srcset=\"http:\/\/hoycordobaweb.com\/wp-content\/uploads\/2025\/08\/los-mejores-refugios-climaticos-de-madrid-para-escapar-de-la-ola-de-calor-sin-gastarte-un-euro.jpg 450w, http:\/\/hoycordobaweb.com\/wp-content\/uploads\/2025\/08\/los-mejores-refugios-climaticos-de-madrid-para-escapar-de-la-ola-de-calor-sin-gastarte-un-euro-4.jpg 681w, http:\/\/hoycordobaweb.com\/wp-content\/uploads\/2025\/08\/los-mejores-refugios-climaticos-de-madrid-para-escapar-de-la-ola-de-calor-sin-gastarte-un-euro-5.jpg 1024w, http:\/\/hoycordobaweb.com\/wp-content\/uploads\/2025\/08\/los-mejores-refugios-climaticos-de-madrid-para-escapar-de-la-ola-de-calor-sin-gastarte-un-euro-6.jpg 1366w\" src=\"http:\/\/hoycordobaweb.com\/wp-content\/uploads\/2025\/08\/los-mejores-refugios-climaticos-de-madrid-para-escapar-de-la-ola-de-calor-sin-gastarte-un-euro.jpg\" alt=\"C\u00edrculo de Bellas artes refugio clim\u00e1tico Madrid\"> <noscript><img alt=\"C\u00edrculo de Bellas artes refugio clim\u00e1tico Madrid\" class=\"centro_sinmarco\" src=\"http:\/\/hoycordobaweb.com\/wp-content\/uploads\/2025\/08\/los-mejores-refugios-climaticos-de-madrid-para-escapar-de-la-ola-de-calor-sin-gastarte-un-euro.jpg\"><\/noscript> <\/div>\n<\/div>\n<blockquote><p>C\/ Alcal\u00e1, 42<\/p><\/blockquote>\n<p>Desde el 10 de julio hasta el 7 de septiembre puedes disfrutar del fresquito en uno de los edificios m\u00e1s emblem\u00e1ticos del centro de Madrid: el refugio clim\u00e1tico del C\u00edrculo de Bellas Artes est\u00e1 abierto al p\u00fablico y tiene <strong>acceso gratuito de 11:00 a 21:00<\/strong>.<\/p>\n<p><!-- BREAK 2 --><\/p>\n<p>El Sal\u00f3n de Baile (si no hab\u00e9is estado, os lo recomiendo aunque sea solo para verlo, porque es una preciosidad) ha sido reacondicionado durante los meses de verano para convertirse en un precioso espacio de trabajo, con conexi\u00f3n WiFi y disponibilidad de enchufes y mesas. Y como el trabajo no lo es todo, <strong>tambi\u00e9n dispone de \u00absiest\u00f3dromo\u00bb<\/strong>, con hamacas donde podr\u00e1s relajarte o leer, zona de juegos de mesa, fuente de agua e incluso un servicio de guarder\u00eda para plantas. Todo rodeado de vegetaci\u00f3n cedida por el Vivero de Estufas del Retiro.<\/p>\n<p><!-- BREAK 3 --> <\/p>\n<p>Una joya en pleno centro que recomendamos no perderte.<\/p>\n<h2>La \u00abplaya\u00bb urbana de Madrid R\u00edo<\/h2>\n<div class=\"article-asset-image article-asset-normal article-asset-center\">\n<div class=\"asset-content\"> <img class=\"centro_sinmarco\" height=\"682\" width=\"1024\" loading=\"lazy\" decoding=\"async\" sizes=\"100vw\" fetchpriority=\"high\" srcset=\"http:\/\/hoycordobaweb.com\/wp-content\/uploads\/2025\/08\/los-mejores-refugios-climaticos-de-madrid-para-escapar-de-la-ola-de-calor-sin-gastarte-un-euro-1.jpg 450w, http:\/\/hoycordobaweb.com\/wp-content\/uploads\/2025\/08\/los-mejores-refugios-climaticos-de-madrid-para-escapar-de-la-ola-de-calor-sin-gastarte-un-euro-7.jpg 681w, http:\/\/hoycordobaweb.com\/wp-content\/uploads\/2025\/08\/los-mejores-refugios-climaticos-de-madrid-para-escapar-de-la-ola-de-calor-sin-gastarte-un-euro-8.jpg 1024w, http:\/\/hoycordobaweb.com\/wp-content\/uploads\/2025\/08\/los-mejores-refugios-climaticos-de-madrid-para-escapar-de-la-ola-de-calor-sin-gastarte-un-euro-9.jpg 1366w\" src=\"http:\/\/hoycordobaweb.com\/wp-content\/uploads\/2025\/08\/los-mejores-refugios-climaticos-de-madrid-para-escapar-de-la-ola-de-calor-sin-gastarte-un-euro-1.jpg\" alt=\"Playa urbana Madrid R\u00edo refugio clim\u00e1tico Madrid\"> <noscript><img alt=\"Playa urbana Madrid R\u00edo refugio clim\u00e1tico Madrid\" class=\"centro_sinmarco\" src=\"http:\/\/hoycordobaweb.com\/wp-content\/uploads\/2025\/08\/los-mejores-refugios-climaticos-de-madrid-para-escapar-de-la-ola-de-calor-sin-gastarte-un-euro-1.jpg\"><\/noscript> <\/div>\n<\/div>\n<blockquote><p>Avenida del Manzanares, 140<\/p><\/blockquote>\n<p>\u00abPlaya\u00bb entre muchas comillas, claro, pero es el lugar m\u00e1s fresco dentro de todo el paseo de Madrid R\u00edo donde poder descansar. Durante todo el verano y en principio hasta el mes de septiembre, aunque depende siempre de las condiciones climatol\u00f3gicas, esta zona de Madrid R\u00edo en el distrito de Arganzuela estar\u00e1 <strong>operativa desde las 11:00 de la ma\u00f1ana hasta las 21:00 de la noche<\/strong>.<\/p>\n<p><!-- BREAK 4 --><\/p>\n<p>Durante ese tiempo se activan los <strong>chorros de agua con diferentes efectos<\/strong> (que son los favoritos de los ni\u00f1os que acuden a refrescarse y a correr entre ellos), las nubes pulverizadoras de agua y la l\u00e1mina de agua superficial. Tres espacios diferenciados que son una ayudita para que los que nos quedamos en la capital en los meses de m\u00e1s calor estemos bien fresquitos.<\/p>\n<p><!-- BREAK 5 --><\/p>\n<p>En general, <strong>toda la zona de Madrid R\u00edo y la Casa de Campo<\/strong>, con sus arboledas, plantas y c\u00e9sped, es ideal para pasar el d\u00eda a la sombra y un poco m\u00e1s frescos al aire libre. Recomendado tambi\u00e9n para hacer deporte a las horas de menos calor.<\/p>\n<p><!-- BREAK 6 --> <\/p>\n<h2>Fundaci\u00f3n Canal<\/h2>\n<div class=\"article-asset-image article-asset-normal article-asset-center\">\n<div class=\"asset-content\"> <img class=\"centro_sinmarco\" height=\"683\" width=\"1024\" loading=\"lazy\" decoding=\"async\" sizes=\"100vw\" fetchpriority=\"high\" srcset=\"http:\/\/hoycordobaweb.com\/wp-content\/uploads\/2025\/08\/los-mejores-refugios-climaticos-de-madrid-para-escapar-de-la-ola-de-calor-sin-gastarte-un-euro-2.jpg 450w, http:\/\/hoycordobaweb.com\/wp-content\/uploads\/2025\/08\/los-mejores-refugios-climaticos-de-madrid-para-escapar-de-la-ola-de-calor-sin-gastarte-un-euro-10.jpg 681w, http:\/\/hoycordobaweb.com\/wp-content\/uploads\/2025\/08\/los-mejores-refugios-climaticos-de-madrid-para-escapar-de-la-ola-de-calor-sin-gastarte-un-euro-11.jpg 1024w, http:\/\/hoycordobaweb.com\/wp-content\/uploads\/2025\/08\/los-mejores-refugios-climaticos-de-madrid-para-escapar-de-la-ola-de-calor-sin-gastarte-un-euro-12.jpg 1366w\" src=\"http:\/\/hoycordobaweb.com\/wp-content\/uploads\/2025\/08\/los-mejores-refugios-climaticos-de-madrid-para-escapar-de-la-ola-de-calor-sin-gastarte-un-euro-2.jpg\" alt=\"Fundaci\u00f3n Canal refugio clim\u00e1tico Madrid\"> <noscript><img alt=\"Fundaci\u00f3n Canal refugio clim\u00e1tico Madrid\" class=\"centro_sinmarco\" src=\"http:\/\/hoycordobaweb.com\/wp-content\/uploads\/2025\/08\/los-mejores-refugios-climaticos-de-madrid-para-escapar-de-la-ola-de-calor-sin-gastarte-un-euro-2.jpg\"><\/noscript> <\/div>\n<\/div>\n<blockquote><p>C\/ Mateo Inurria, 2<\/p><\/blockquote>\n<p>La Fundaci\u00f3n Canal es uno de los espacios de exposici\u00f3n m\u00e1s conocidos de la capital, y durante los meses de verano su vest\u00edbulo se convierte tambi\u00e9n en un refugio clim\u00e1tico para los ciudadanos de la zona norte de la capital. <strong>De 11:00 de la ma\u00f1ana a 20:00 de la tarde puedes acceder de forma gratuita<\/strong> a este espacio en la zona de Chamart\u00edn.<\/p>\n<p><!-- BREAK 7 --><\/p>\n<p>Si necesitas <strong>un espacio acondicionado para trabajar fresquito o para relajarte leyendo<\/strong>, el vest\u00edbulo de la Fundaci\u00f3n est\u00e1 perfectamente aclimatado y cuenta con mesas de trabajo, WiFi gratuito, fuentes de agua y enchufes para tus dispositivos electr\u00f3nicos. Y un planazo para hacer cuando termines tu jornada laboral puede ser visitar la exposici\u00f3n <a rel=\"noopener, noreferrer\" href=\"https:\/\/www.fundacioncanal.com\/exposiciones\/duane-michals\/\">Duane Michals. El fot\u00f3grafo de lo invisible<\/a>, de entrada libre y activa hasta el 24 de agosto.<\/p>\n<p><!-- BREAK 8 --><\/p>\n<p>Im\u00e1genes | <a rel=\"noopener, noreferrer\" href=\"https:\/\/www.circulobellasartes.com\/refugio-climatico\/refugio-climatico-2025\/\">C\u00edrculo de Bellas Artes<\/a>, <a rel=\"noopener, noreferrer\" href=\"https:\/\/commons.wikimedia.org\/w\/index.php?curid=66032677\">Bea from Madrid, Spain &#8211; Al agua patos.. \u00a1y chulapos!<\/a>, <a rel=\"noopener, noreferrer\" href=\"https:\/\/www.fundacioncanal.com\/material-para-medios\/la-fundacion-canal-refugio-climatico-durante-los-meses-de-verano-en-madrid\/\">Fundaci\u00f3n Canal<\/a><\/p>\n","protected":false},"excerpt":{"rendered":"<p>La segunda ola de calor del verano 2025 est\u00e1 pegando fuerte en todo el pa\u00eds y, quien m\u00e1s y quien menos, buscamos lugares donde refrescarnos y estar a salvo de las altas temperaturas de forma gratuita, sobre todo dentro de las grandes ciudades. Si bien en el extranjero importantes capitales como Par\u00eds adec\u00faan su urbanismo [&hellip;]<\/p>\n","protected":false},"author":1,"featured_media":113178,"comment_status":"closed","ping_status":"closed","sticky":false,"template":"","format":"standard","meta":[],"categories":[],"tags":[],"_links":{"self":[{"href":"http:\/\/hoycordobaweb.com\/index.php\/wp-json\/wp\/v2\/posts\/113177"}],"collection":[{"href":"http:\/\/hoycordobaweb.com\/index.php\/wp-json\/wp\/v2\/posts"}],"about":[{"href":"http:\/\/hoycordobaweb.com\/index.php\/wp-json\/wp\/v2\/types\/post"}],"author":[{"embeddable":true,"href":"http:\/\/hoycordobaweb.com\/index.php\/wp-json\/wp\/v2\/users\/1"}],"replies":[{"embeddable":true,"href":"http:\/\/hoycordobaweb.com\/index.php\/wp-json\/wp\/v2\/comments?post=113177"}],"version-history":[{"count":0,"href":"http:\/\/hoycordobaweb.com\/index.php\/wp-json\/wp\/v2\/posts\/113177\/revisions"}],"wp:featuredmedia":[{"embeddable":true,"href":"http:\/\/hoycordobaweb.com\/index.php\/wp-json\/wp\/v2\/media\/113178"}],"wp:attachment":[{"href":"http:\/\/hoycordobaweb.com\/index.php\/wp-json\/wp\/v2\/media?parent=113177"}],"wp:term":[{"taxonomy":"category","embeddable":true,"href":"http:\/\/hoycordobaweb.com\/index.php\/wp-json\/wp\/v2\/categories?post=113177"},{"taxonomy":"post_tag","embeddable":true,"href":"http:\/\/hoycordobaweb.com\/index.php\/wp-json\/wp\/v2\/tags?post=113177"}],"curies":[{"name":"wp","href":"https:\/\/api.w.org\/{rel}","templated":true}]}}