{"id":113173,"date":"2025-08-06T11:57:39","date_gmt":"2025-08-06T11:57:39","guid":{"rendered":"https:\/\/www.mujerhoy.com\/vivir\/ocio\/calella-palafruguell-antiguo-pueblo-pescadores-costa-brava-inspiro-serrat-20250806150628-nt.html"},"modified":"2025-08-06T11:57:39","modified_gmt":"2025-08-06T11:57:39","slug":"el-pueblo-de-la-costa-brava-que-inspiro-la-cancion-mediterraneo-de-serrat-calas-secretas-y-casitas-de-colores","status":"publish","type":"post","link":"http:\/\/hoycordobaweb.com\/index.php\/2025\/08\/06\/el-pueblo-de-la-costa-brava-que-inspiro-la-cancion-mediterraneo-de-serrat-calas-secretas-y-casitas-de-colores\/","title":{"rendered":"El pueblo de la Costa Brava que inspir\u00f3 la canci\u00f3n Mediterr\u00e1neo de Serrat: calas secretas y casitas de colores"},"content":{"rendered":"<p><!-- AUTHOR --><\/p>\n<div class=\"voc-author-timesocial \">\n<!-- AUTHOR --><\/p>\n<div class=\"voc-author-timesocial__signature \">\n<!-- IMAGE AUTHOR -->\n<picture class=\"voc-image-signature\">\n<img class=\"voc-image-signature__img\" src=\"http:\/\/hoycordobaweb.com\/wp-content\/uploads\/2025\/08\/el-pueblo-de-la-costa-brava-que-inspiro-la-cancion-mediterraneo-de-serrat-calas-secretas-y-casitas-de-colores.jpg\" alt=\"Elena Romero Vargas\">\n<\/picture>\n<!-- INFO AUTHOR --> <\/div><\/div>\n<p><!-- COMPONENTS --><\/p>\n<p class=\"voc-paragraph\">No hace falta viajar a <a href=\"https:\/\/www.mujerhoy.com\/lujo-slow\/que-meter-maleta-verano-perfecta-looks-bonitos-practicos-comodos-inspiracion-mirela-balic-zimmermann-20250701142924-nt.html\" data-voc-vtm-id=\"in-text-traffic\" title=\"Mykonos\" data-mrf-link=\"www.mujerhoy.com\">Mykonos<\/a> o a la <a href=\"https:\/\/www.mujerhoy.com\/actualidad\/guia-viajes-costa-amalfitana-casas-mas-impresionantes-bonitas-historias-curiosas-20240825084915-nt.html\" data-voc-vtm-id=\"in-text-traffic\" title=\"Costa Amalfitana\" data-mrf-link=\"www.mujerhoy.com\">Costa Amalfitana<\/a> para gozar de las bondades de unas vacaciones en el <strong>Mediterr\u00e1neo<\/strong>. En Espa\u00f1a constamos con playas y pueblos costeros impregnados del encanto que inspira este mar. Tanto es as\u00ed que algunos, incluso, <a href=\"https:\/\/www.mujerhoy.com\/vivir\/ocio\/tossa-de-mar-pueblo-medieval-costa-brava-girona-conquisto-ava-gardner-paraiso-azul-20250703122315-nt.html\" data-voc-vtm-id=\"in-text-traffic\" title=\"han inspirado verdaderas obras de arte\" data-mrf-link=\"www.mujerhoy.com\">han inspirado verdaderas obras de arte<\/a> en m\u00faltiples disciplinas que no han hecho m\u00e1s que reforzar el mito de la costa mediterr\u00e1nea espa\u00f1ola.<\/p>\n<p class=\"voc-paragraph\">Si hay un sitio en el que todo esto quede representado a la perfecci\u00f3n, esa es la <strong>Costa Brava<\/strong>. En concreto, existe un pueblo marinero en la provincia de Girona que ha sabido potenciar el encanto natural de sus playas y calas con una tradici\u00f3n f\u00e9rrea que se ha mantenido a lo largo de los a\u00f1os y que a\u00fan hoy es su principal se\u00f1a de identidad.<\/p>\n<div class=\"v-c-cmp v-c-cmp--t1 \">\n<div class=\"v-cmp-rld v-cmp-rld--2 \">\n<div class=\"v-cnt-m v-cnt-m--m\">\n<div class=\"v-cnt-m__c\">\n<div class=\"v-cnt-m__w v-cnt-m__w--1\">\n<p class=\"v-cnt-m__t\">\nTAMBI\u00c9N TE INTERESA\n<\/p>\n<\/div>\n<\/div>\n<\/div>\n<div class=\"v-g v-g--2-c v-g--bdr-min-xs\">\n<div class=\"v-g__c \">\n<article class=\"v-a v-a--cmp-rld v-a--cmp-rld-2 v-a--p-l\">\n<div class=\"v-a-img-c\">\n<figure class=\"v-a-fig\">\n<a href=\"https:\/\/www.mujerhoy.com\/vivir\/ocio\/mundaka-vizcaya-pueblo-pesquero-euskadi-ola-serie-angela-netflix-surf-20250723110557-nt.html#vtm_modulosEngag=mod-rel:vivir:noticia:1:cmp:2-not\" class=\"v-a-link\" title=\"El pueblo vasco que los surferos deben visitar: una ola legendaria y el escenario de la serie que arrasa en Netflix\"><br \/>\n<img loading=\"lazy\" class=\"v-a-img\" src=\"http:\/\/hoycordobaweb.com\/wp-content\/uploads\/2025\/08\/el-pueblo-de-la-costa-brava-que-inspiro-la-cancion-mediterraneo-de-serrat-calas-secretas-y-casitas-de-colores-1.jpg\" alt=\"El pueblo vasco que los surferos deben visitar: una ola legendaria y el escenario de la serie que arrasa en Netflix\"><br \/>\n<\/a><br \/>\n<\/figure>\n<\/div>\n<\/article>\n<\/div>\n<div class=\"v-g__c \">\n<article class=\"v-a v-a--cmp-rld v-a--cmp-rld-2 v-a--p-l\">\n<div class=\"v-a-img-c\">\n<figure class=\"v-a-fig\">\n<a href=\"https:\/\/www.mujerhoy.com\/vivir\/ocio\/burgau-pueblo-pesquero-algarve-portugal-sin-turistas-escapadas-verano-20250612145938-nt.html#vtm_modulosEngag=mod-rel:vivir:noticia:2:cmp:2-not\" class=\"v-a-link\" title=\"El pueblo portugu\u00e9s para una escapada de verano: es el Santorini del Algarve y no est\u00e1 lleno de turistas\"><br \/>\n<img loading=\"lazy\" class=\"v-a-img\" src=\"http:\/\/hoycordobaweb.com\/wp-content\/uploads\/2025\/08\/el-pueblo-de-la-costa-brava-que-inspiro-la-cancion-mediterraneo-de-serrat-calas-secretas-y-casitas-de-colores-2.jpg\" alt=\"El pueblo portugu\u00e9s para una escapada de verano: es el Santorini del Algarve y no est\u00e1 lleno de turistas\"><br \/>\n<\/a><br \/>\n<\/figure>\n<\/div>\n<\/article>\n<\/div>\n<\/div>\n<\/div>\n<\/div>\n<p class=\"voc-paragraph\">El pueblo en cuesti\u00f3n es <strong>Calella de Palafruguell<\/strong>, ubicado en el Bajo Ampurd\u00e1n, una zona de calas rocosas y agua cristalina que a\u00fan hoy se defiende como pueblo marinero tradicional. Este es, quiz\u00e1s, uno de sus mayores atractivos, pues por mucho que pasan los a\u00f1os en Calella de Palafruguell esa caracter\u00edstica imagen que tienen las localidades que han sido hogar de pescadores se mantiene intacta.<\/p>\n<p class=\"voc-paragraph\">Sus calles estrechas, sus casitas blancas pintadas de llamativos colores como <a href=\"https:\/\/www.mujerhoy.com\/vivir\/ocio\/villajoyosa-alicante-costa-blanca-pueblo-pesquero-casas-colores-sin-turistas-20250530132807-nt.html\" data-voc-vtm-id=\"in-text-traffic\" title=\"es costumbre en pueblos pesqueros\" data-mrf-link=\"www.mujerhoy.com\">es costumbre en pueblos pesqueros<\/a> y sus playas tranquilas que respetan la banda sonora del rumor del mar fueron algunos de los alicienes que impulsaron a <strong>Joan Manuel Serrat<\/strong> a crear una de las canciones m\u00e1s bellas de la m\u00fasica en espa\u00f1ol. Y es que fue aqu\u00ed, en Calella de Palafruguell, donde naci\u00f3 el m\u00edtico tema <strong>Mediterr\u00e1neo <\/strong>que m\u00e1s de 50 a\u00f1os despu\u00e9s de su lanzamiento sigue emocionando a todo aquel que la escucha.<\/p>\n<div class=\"v-c-cmp v-c-cmp--s\">\n<div class=\"v-cmp-m \">\n<article class=\"v-a v-a--cmp-m v-c-cmp--m-z\">\n<div class=\"v-a-img-c \">\n<div class=\"v-a-fig\">\n<button class=\"v-a-link\" popovertarget=\"photo-107\"><br \/>\n<img loading=\"lazy\" src=\"http:\/\/hoycordobaweb.com\/wp-content\/uploads\/2025\/08\/el-pueblo-de-la-costa-brava-que-inspiro-la-cancion-mediterraneo-de-serrat-calas-secretas-y-casitas-de-colores-3.jpg\" class=\"v-a-img\" width=\"650\" height=\"650\" alt=\"Calella de Palafrugell, Bajo Ampurd\u00e1n, Girona.\" data-voc-vtm-id=\"in-text-traffic\"> <\/button><figcaption class=\"v-fc\">\n<span class=\"v-fc__t\"><br \/>\nCalella de Palafrugell, Bajo Ampurd\u00e1n, Girona.<br \/>\n<\/span><br \/>\n<span class=\"v-fc__p\"><br \/>\nCatalunya Turisme<br \/>\n<\/span><br \/>\n<\/figcaption><\/div>\n<\/div>\n<div id=\"photo-107\" popover class=\"v-mdl v-mdl--fw\">\n<button class=\"v-x\" popovertarget=\"photo-107\" popovertargetaction=\"hide\"><br \/>\n<span class=\"v-i\"><br \/>\n<svg width=\"24\" height=\"23.996\" viewBox=\"0 0 24 23.996\">\n<path data-name=\"Uni\u00f3n 29\" d=\"M12,14.03,2.031,24,0,21.963,9.968,12,0,2.033,2.031,0,12,9.966,21.969,0,24,2.033,14.032,12,24,21.963,21.969,24Z\" \/>\n<\/svg><br \/>\n<\/span><br \/>\n<\/button><\/p>\n<div class=\"v-mdl__c\">\n<div class=\"v-mdl__w\">\n<img loading=\"lazy\" src=\"http:\/\/hoycordobaweb.com\/wp-content\/uploads\/2025\/08\/el-pueblo-de-la-costa-brava-que-inspiro-la-cancion-mediterraneo-de-serrat-calas-secretas-y-casitas-de-colores-3.jpg\" class=\"v-mdl__img-z\" width=\"650\" height=\"650\" alt>\n<\/div>\n<\/div>\n<\/div>\n<p><span class=\"v-bdp\"><\/span><br \/>\n<\/article>\n<\/div>\n<\/div>\n<p><h3 class=\"v-cmp-suh\">\nQu\u00e9 ver en Calella de Palafrueguell<br \/>\n<\/h3>\n<\/p>\n<p class=\"voc-paragraph\">La primera parada que tienes que hacer si visitas Calella de Palafruguell es su casco antiguo, donde podr\u00e1s acercarte a enclaves tan especiales como <strong>Port Bo y les Voltes<\/strong>, conjuntos hist\u00f3ricos que encarnan a la perfecci\u00f3n la esencia del pueblo. Aqu\u00ed podr\u00e1s conocer de primera mano las antiguas casas de los pescadores, algunas reconvertidas en restaurantes, que se integran de maravilla con el paisaje de rocas, mar y pinos caracter\u00edsticos de la zona.<\/p>\n<p class=\"voc-paragraph\">Entre las callejuelas de su centro antiguo descubrir\u00e1s tambi\u00e9n joyas como la <strong>iglesia de Sant Pere<\/strong>, un edificio en un blanco impoluto del siglo XIX que destaca por su especial torre del reloj, emblema de la localidad. Siguiendo con el paseo, podr\u00e1s adentrarte en el <strong>paseo del Canadell<\/strong>, una calle al norte de la playa de Port Bo compuesta por casas de estilos muy diferentes que han logrado un resultado arm\u00f3nico y muy bello en su eclecticismo.<\/p>\n<div class=\"v-c-cmp v-c-cmp--s\">\n<div class=\"v-cmp-m \">\n<article class=\"v-a v-a--cmp-m v-c-cmp--m-z\">\n<div class=\"v-a-img-c \">\n<div class=\"v-a-fig\">\n<button class=\"v-a-link\" popovertarget=\"photo-351\"><br \/>\n<img loading=\"lazy\" src=\"http:\/\/hoycordobaweb.com\/wp-content\/uploads\/2025\/08\/el-pueblo-de-la-costa-brava-que-inspiro-la-cancion-mediterraneo-de-serrat-calas-secretas-y-casitas-de-colores-4.jpg\" class=\"v-a-img\" width=\"650\" height=\"650\" alt=\"Guarda botes en la playa de Canadell Calella de Palafruguell.\" data-voc-vtm-id=\"in-text-traffic\"> <\/button><figcaption class=\"v-fc\">\n<span class=\"v-fc__t\"><br \/>\nGuarda botes en la playa de Canadell Calella de Palafruguell.<br \/>\n<\/span><br \/>\n<span class=\"v-fc__p\"><br \/>\nTurisme Catalunya<br \/>\n<\/span><br \/>\n<\/figcaption><\/div>\n<\/div>\n<div id=\"photo-351\" popover class=\"v-mdl v-mdl--fw\">\n<button class=\"v-x\" popovertarget=\"photo-351\" popovertargetaction=\"hide\"><br \/>\n<span class=\"v-i\"><br \/>\n<svg width=\"24\" height=\"23.996\" viewBox=\"0 0 24 23.996\">\n<path data-name=\"Uni\u00f3n 29\" d=\"M12,14.03,2.031,24,0,21.963,9.968,12,0,2.033,2.031,0,12,9.966,21.969,0,24,2.033,14.032,12,24,21.963,21.969,24Z\" \/>\n<\/svg><br \/>\n<\/span><br \/>\n<\/button><\/p>\n<div class=\"v-mdl__c\">\n<div class=\"v-mdl__w\">\n<img loading=\"lazy\" src=\"http:\/\/hoycordobaweb.com\/wp-content\/uploads\/2025\/08\/el-pueblo-de-la-costa-brava-que-inspiro-la-cancion-mediterraneo-de-serrat-calas-secretas-y-casitas-de-colores-4.jpg\" class=\"v-mdl__img-z\" width=\"650\" height=\"650\" alt>\n<\/div>\n<\/div>\n<\/div>\n<p><span class=\"v-bdp\"><\/span><br \/>\n<\/article>\n<\/div>\n<\/div>\n<p class=\"voc-paragraph\">La arquitectura marinera es clave para entender la esencia de Calella de Palafruguell, por eso no puedes dejar de acercarte a la playa de Canadell para ver sus <strong>guarda botes<\/strong>. Situados junto al mar, estos espacios eran una suerte de s\u00f3tanos pintados de colores que los pescadores usaban para almacenar su material. Actualmente, es parte esencial de su paisaje y un s\u00edmbolo de culto y respeto a su historia y tradici\u00f3n.<\/p>\n<p class=\"voc-paragraph\">Un pueblo situado en una ubicaci\u00f3n tan privilegiada no pod\u00eda no contar con miradores a los que subir para deleitarse con las vistas m\u00e1s espectaculares del mar Mediterr\u00e1neo y el entorno que lo rodea. Uno de los m\u00e1s populares es el <strong>mirador de Manel Juanola i Reixach<\/strong>, farmace\u00fatico natural de la regi\u00f3n que se hizo famoso por crear las pastillas Juanolas.<\/p>\n<p class=\"voc-paragraph\">Por \u00faltimo, no dejes pasar la oportunidad de disfrutar de una jornada de relax y disfrute en la traquilidad que ofrecen sus playas. Aqu\u00ed, adem\u00e1s, se encuentra una de las reconocidas como mejores playas de la Costa Brava, la <strong>playa de Port Bo<\/strong>, que adem\u00e1s de encontrarse en un enclave tur\u00edstico precioso, tambi\u00e9n es famosa por tener sobre la arena barcas de pescadores, una decoraci\u00f3n \u00fanica que hace a\u00fan m\u00e1s especial este destino.<\/p>\n<div class=\"v-c-cmp v-c-cmp--t1 \">\n<div class=\"v-cmp-rld v-cmp-rld--2 \">\n<div class=\"v-cnt-m v-cnt-m--m\">\n<div class=\"v-cnt-m__c\">\n<div class=\"v-cnt-m__w v-cnt-m__w--1\">\n<p class=\"v-cnt-m__t\">\nTAMBI\u00c9N TE INTERESA\n<\/p>\n<\/div>\n<\/div>\n<\/div>\n<div class=\"v-g v-g--2-c v-g--bdr-min-xs\">\n<div class=\"v-g__c \">\n<article class=\"v-a v-a--cmp-rld v-a--cmp-rld-2 v-a--p-l\">\n<div class=\"v-a-img-c\">\n<figure class=\"v-a-fig\">\n<a href=\"https:\/\/www.mujerhoy.com\/vivir\/ocio\/hondarribia-guipuzcoa-pueblo-vasco-costa-casas-color-medieval-20250628104118-nt.html#vtm_modulosEngag=mod-rel:vivir:noticia:1:cmp:2-not\" class=\"v-a-link\" title=\"El pueblo costero vasco que merece la pena visitar: casas de colores, calles medievales y el mejor casco hist\u00f3rico de Guip\u00fazcoa\"><br \/>\n<img loading=\"lazy\" class=\"v-a-img\" src=\"http:\/\/hoycordobaweb.com\/wp-content\/uploads\/2025\/08\/el-pueblo-de-la-costa-brava-que-inspiro-la-cancion-mediterraneo-de-serrat-calas-secretas-y-casitas-de-colores-5.jpg\" alt=\"El pueblo costero vasco que merece la pena visitar: casas de colores, calles medievales y el mejor casco hist\u00f3rico de Guip\u00fazcoa\"><br \/>\n<\/a><br \/>\n<\/figure>\n<\/div>\n<\/article>\n<\/div>\n<div class=\"v-g__c \">\n<article class=\"v-a v-a--cmp-rld v-a--cmp-rld-2 v-a--p-l\">\n<div class=\"v-a-img-c\">\n<figure class=\"v-a-fig\">\n<a href=\"https:\/\/www.mujerhoy.com\/vivir\/ocio\/reina-letizia-visita-burela-galicia-que-ver-comer-20250616133118-nt.html#vtm_modulosEngag=mod-rel:vivir:noticia:2:cmp:2-not\" class=\"v-a-link\" title=\"As\u00ed es Burela, el pueblo gallego que visita Letizia este martes: playas, la fiesta del bonito y un museo muy original\"><br \/>\n<img loading=\"lazy\" class=\"v-a-img\" src=\"http:\/\/hoycordobaweb.com\/wp-content\/uploads\/2025\/08\/el-pueblo-de-la-costa-brava-que-inspiro-la-cancion-mediterraneo-de-serrat-calas-secretas-y-casitas-de-colores-6.jpg\" alt=\"As\u00ed es Burela, el pueblo gallego que visita Letizia este martes: playas, la fiesta del bonito y un museo muy original\"><br \/>\n<\/a><br \/>\n<\/figure>\n<\/div>\n<\/article>\n<\/div>\n<\/div>\n<\/div>\n<\/div>\n","protected":false},"excerpt":{"rendered":"<p>No hace falta viajar a Mykonos o a la Costa Amalfitana para gozar de las bondades de unas vacaciones en el Mediterr\u00e1neo. En Espa\u00f1a constamos con playas y pueblos costeros impregnados del encanto que inspira este mar. Tanto es as\u00ed que algunos, incluso, han inspirado verdaderas obras de arte en m\u00faltiples disciplinas que no han [&hellip;]<\/p>\n","protected":false},"author":1,"featured_media":113174,"comment_status":"closed","ping_status":"closed","sticky":false,"template":"","format":"standard","meta":[],"categories":[],"tags":[],"_links":{"self":[{"href":"http:\/\/hoycordobaweb.com\/index.php\/wp-json\/wp\/v2\/posts\/113173"}],"collection":[{"href":"http:\/\/hoycordobaweb.com\/index.php\/wp-json\/wp\/v2\/posts"}],"about":[{"href":"http:\/\/hoycordobaweb.com\/index.php\/wp-json\/wp\/v2\/types\/post"}],"author":[{"embeddable":true,"href":"http:\/\/hoycordobaweb.com\/index.php\/wp-json\/wp\/v2\/users\/1"}],"replies":[{"embeddable":true,"href":"http:\/\/hoycordobaweb.com\/index.php\/wp-json\/wp\/v2\/comments?post=113173"}],"version-history":[{"count":0,"href":"http:\/\/hoycordobaweb.com\/index.php\/wp-json\/wp\/v2\/posts\/113173\/revisions"}],"wp:featuredmedia":[{"embeddable":true,"href":"http:\/\/hoycordobaweb.com\/index.php\/wp-json\/wp\/v2\/media\/113174"}],"wp:attachment":[{"href":"http:\/\/hoycordobaweb.com\/index.php\/wp-json\/wp\/v2\/media?parent=113173"}],"wp:term":[{"taxonomy":"category","embeddable":true,"href":"http:\/\/hoycordobaweb.com\/index.php\/wp-json\/wp\/v2\/categories?post=113173"},{"taxonomy":"post_tag","embeddable":true,"href":"http:\/\/hoycordobaweb.com\/index.php\/wp-json\/wp\/v2\/tags?post=113173"}],"curies":[{"name":"wp","href":"https:\/\/api.w.org\/{rel}","templated":true}]}}