{"id":113159,"date":"2025-08-06T01:24:06","date_gmt":"2025-08-06T01:24:06","guid":{"rendered":"https:\/\/www.ole.com.ar\/velez\/velez-pantalla-gigante-practica-entrenamiento-guillermo-barros-schelotto_0_IZRMzPLwC6.html"},"modified":"2025-08-06T01:24:06","modified_gmt":"2025-08-06T01:24:06","slug":"la-novedad-tecnologica-en-las-practicas-del-velez-de-guillermo","status":"publish","type":"post","link":"http:\/\/hoycordobaweb.com\/index.php\/2025\/08\/06\/la-novedad-tecnologica-en-las-practicas-del-velez-de-guillermo\/","title":{"rendered":"La novedad tecnol\u00f3gica en las pr\u00e1cticas del V\u00e9lez de Guillermo"},"content":{"rendered":"<p><img src=\"http:\/\/hoycordobaweb.com\/wp-content\/uploads\/2025\/08\/la-novedad-tecnologica-en-las-practicas-del-velez-de-guillermo.jpg\"><\/p>\n<p><time class=\"createDate\" datetime=\"2025-08-05T22:24:06-03:00\">05\/08\/2025 22:24hs.<\/time><\/p>\n<div id=\"storyBody\">\n<div class=\"custom-text \" readability=\"37\">\n<p>V\u00e9lez se prepara para una seguidilla importante de partidos entre el torneo Clausura y la Copa Libertadores. Y esta semana, en medio de los entrenamientos, <strong>present\u00f3 en sociedad una herramienta que ser\u00e1 de gran utilidad para el primer equipo que comanda Gustavo Barros Schelotto y para el f\u00fatbol juvenil de la instituci\u00f3n<\/strong>. \u00bfDe qu\u00e9 se trata?<\/p>\n<\/div>\n<div class=\"custom-text \" readability=\"34\">\n<p>El Fort\u00edn adquiri\u00f3 para la Villa Ol\u00edmpica<strong> dos pantallas gigantes con un software particular para que los entrenadores puedan explicarles a los jugadores -al aire libre- determinadas cuestiones de juego y repasar tambi\u00e9n videos de partidos propios <\/strong>y <strong>ajenos. <\/strong><\/p>\n<\/div>\n<div class=\"sc-e7b891c4-0 ifHnQL image-embed\"><img alt=\"La pantalla gigante en la pr\u00e1ctica de V\u00e9lez.\" loading=\"lazy\" width=\"720\" height=\"100\" decoding=\"async\" data-nimg=\"1\" src=\"http:\/\/hoycordobaweb.com\/wp-content\/uploads\/2025\/08\/la-novedad-tecnologica-en-las-practicas-del-velez-de-guillermo-2.jpg\"><span class=\"epigraphe\">La pantalla gigante en la pr\u00e1ctica de V\u00e9lez.<\/span><\/div>\n<div class=\"custom-text \" readability=\"40\">\n<p>\u00abLas im\u00e1genes son muy importantes dentro del criterio metodol\u00f3gico del club. En esa direcci\u00f3n, con el crecimiento y la evoluci\u00f3n, sumamos las pantallas para el corte en vivo y funcionamiento que da esa herramienta. Gracias a la sugerencia del cuerpo t\u00e9cnico y apoyo dirigencial, sumamos una herramienta importante para el f\u00fatbol moderno\u00bb, manifest\u00f3 Sebasti\u00e1n Plait, director de f\u00fatbol del Fort\u00edn. <\/p>\n<\/div>\n<div class=\"sc-e7b891c4-0 ifHnQL image-embed\"><img alt=\"La pantalla gigante en la pr\u00e1ctica de V\u00e9lez.\" loading=\"lazy\" width=\"720\" height=\"100\" decoding=\"async\" data-nimg=\"1\" src=\"http:\/\/hoycordobaweb.com\/wp-content\/uploads\/2025\/08\/la-novedad-tecnologica-en-las-practicas-del-velez-de-guillermo-3.jpg\"><span class=\"epigraphe\">La pantalla gigante en la pr\u00e1ctica de V\u00e9lez.<\/span><\/div>\n<div class=\"custom-text \" readability=\"36\">\n<p>Seg\u00fan detallaron desde el club,<strong> hay una pantalla fija m\u00f3vil ubicada en la cancha donde practica el primer equipo y otra m\u00f3vil que puede ser utilizada por la Reserva y el resto de los equipos juveniles. <\/strong>Una herramienta que aporta, desde luego. <\/p>\n<\/div>\n<div class=\"sc-3c5a76cc-1 idjLTd\">\n<div class=\"sc-d00d9e74-0 hnHYbk vertical\" type=\"embed\">\n<div class=\"sc-d00d9e74-1 iKVbz videoText\" id=\"contentTitleembed9thLpknN\" type=\"embed\"><svg fill=\"#ffffff\"><symbol id=\"play\" viewBox=\"0 0 512 512\"><path d=\"M512 256C512 397.4 397.4 512 256 512C114.6 512 0 397.4 0 256C0 114.6 114.6 0 256 0C397.4 0 512 114.6 512 256zM176 168V344C176 352.7 180.7 360.7 188.3 364.9C195.8 369.2 205.1 369 212.5 364.5L356.5 276.5C363.6 272.1 368 264.4 368 256C368 247.6 363.6 239.9 356.5 235.5L212.5 147.5C205.1 142.1 195.8 142.8 188.3 147.1C180.7 151.3 176 159.3 176 168V168z\" \/><\/symbol><use xlink:href=\"#play\" \/><\/svg><\/p>\n<div class=\"right\">\n<p>V\u00e9lez<!-- --> &#8211; <span>&nbsp;<\/span><\/p>\n<h2 class=\"title-vid\">TV gigante en la pr\u00e1ctica de V\u00e9lez: la novedad para el equipo de Barros Schelotto<\/h2>\n<\/div>\n<\/div>\n<p><span class=\"back\" id=\"spanBackembed9thLpknN\"><\/span><\/div>\n<div class=\"JWvideoNota_title\">\n<p>Video: @Velez<\/p>\n<\/div>\n<\/div>\n<p><h2><strong>La agenda de V\u00e9lez<\/strong><\/h2>\n<\/p>\n<div class=\"custom-text \">\n<ul>\n<li>El jueves vs. San Lorenzo a las 19.00 en el Nuevo Gas\u00f3metro por la fecha 4 del Clausura.<\/li>\n<li>El martes 12 vs. Fortaleza en Brasil a las 19.00 por la ida de octavos de final de la Libertadores.<\/li>\n<li>El s\u00e1bado 16 a las 20.30 vs. Independiente en el Amalfitani por la fecha 5 del Clausura.<\/li>\n<li>El martes 19 vs. Fortaleza a las 19.00 en el Amalfitani por la vuelta de octavos de la Libertadores.<\/li>\n<\/ul>\n<\/div>\n<\/div>\n","protected":false},"excerpt":{"rendered":"<p>05\/08\/2025 22:24hs. V\u00e9lez se prepara para una seguidilla importante de partidos entre el torneo Clausura y la Copa Libertadores. Y esta semana, en medio de los entrenamientos, present\u00f3 en sociedad una herramienta que ser\u00e1 de gran utilidad para el primer equipo que comanda Gustavo Barros Schelotto y para el f\u00fatbol juvenil de la instituci\u00f3n. \u00bfDe [&hellip;]<\/p>\n","protected":false},"author":1,"featured_media":113160,"comment_status":"open","ping_status":"closed","sticky":false,"template":"","format":"standard","meta":[],"categories":[16],"tags":[],"_links":{"self":[{"href":"http:\/\/hoycordobaweb.com\/index.php\/wp-json\/wp\/v2\/posts\/113159"}],"collection":[{"href":"http:\/\/hoycordobaweb.com\/index.php\/wp-json\/wp\/v2\/posts"}],"about":[{"href":"http:\/\/hoycordobaweb.com\/index.php\/wp-json\/wp\/v2\/types\/post"}],"author":[{"embeddable":true,"href":"http:\/\/hoycordobaweb.com\/index.php\/wp-json\/wp\/v2\/users\/1"}],"replies":[{"embeddable":true,"href":"http:\/\/hoycordobaweb.com\/index.php\/wp-json\/wp\/v2\/comments?post=113159"}],"version-history":[{"count":0,"href":"http:\/\/hoycordobaweb.com\/index.php\/wp-json\/wp\/v2\/posts\/113159\/revisions"}],"wp:featuredmedia":[{"embeddable":true,"href":"http:\/\/hoycordobaweb.com\/index.php\/wp-json\/wp\/v2\/media\/113160"}],"wp:attachment":[{"href":"http:\/\/hoycordobaweb.com\/index.php\/wp-json\/wp\/v2\/media?parent=113159"}],"wp:term":[{"taxonomy":"category","embeddable":true,"href":"http:\/\/hoycordobaweb.com\/index.php\/wp-json\/wp\/v2\/categories?post=113159"},{"taxonomy":"post_tag","embeddable":true,"href":"http:\/\/hoycordobaweb.com\/index.php\/wp-json\/wp\/v2\/tags?post=113159"}],"curies":[{"name":"wp","href":"https:\/\/api.w.org\/{rel}","templated":true}]}}