{"id":113067,"date":"2025-08-05T11:27:11","date_gmt":"2025-08-05T11:27:11","guid":{"rendered":"https:\/\/www.mujerhoy.com\/moda\/no-te-pierdas\/bolsos-rafia-yute-verano-tamano-perfecto-20250805192508-nt.html"},"modified":"2025-08-05T11:27:11","modified_gmt":"2025-08-05T11:27:11","slug":"seis-bolsos-de-rafia-y-yute-con-tamano-perfecto-para-tus-dias-de-verano","status":"publish","type":"post","link":"http:\/\/hoycordobaweb.com\/index.php\/2025\/08\/05\/seis-bolsos-de-rafia-y-yute-con-tamano-perfecto-para-tus-dias-de-verano\/","title":{"rendered":"Seis bolsos de rafia y yute con tama\u00f1o perfecto para tus d\u00edas de verano"},"content":{"rendered":"<p><!-- AUTHOR --><\/p>\n<div class=\"voc-author-timesocial \">\n<!-- AUTHOR --><\/p>\n<div class=\"voc-author-timesocial__signature \">\n<!-- IMAGE AUTHOR -->\n<picture class=\"voc-image-signature\">\n<img class=\"voc-image-signature__img\" src=\"http:\/\/hoycordobaweb.com\/wp-content\/uploads\/2025\/08\/seis-bolsos-de-rafia-y-yute-con-tamano-perfecto-para-tus-dias-de-verano.jpg\" alt=\"Lauren Izquierdo\">\n<\/picture>\n<!-- INFO AUTHOR --> <\/div><\/div>\n<p><!-- COMPONENTS --><\/p>\n<p class=\"voc-paragraph\">Hay algo en los <strong>bolsos de rafia y yute<\/strong> que huele a verano. Quiz\u00e1 sea su textura natural, o ese <a href=\"https:\/\/www.mujerhoy.com\/moda\/no-te-pierdas\/bolsos-rafia-bonitos-primavera-complemento-ideal-20250417155504-nt.html\" title=\"www.mujerhoy.com\" data-voc-vtm-id=\"in-text-traffic\" data-mrf-link=\"www.mujerhoy.com\">aire artesanal<\/a> que nos recuerda a los mercados provenzales y desayunos tard\u00edos en la costa. Pero m\u00e1s all\u00e1 del clich\u00e9, se han convertido en el complemento que no falla porque <strong>elevan cualquier look<\/strong>.<\/p>\n<p class=\"voc-paragraph\"><strong>Los mejores modelos no pesan<\/strong>, pero aguantan. No se deforman a la primera, pero tampoco son r\u00edgidos. El <strong>truco<\/strong> est\u00e1 en escoger un trenzado bien hecho, y un forro interior que proteja lo que llevas, en decantarse por asas c\u00f3modas y por un dise\u00f1o que no parezca souvenir. <\/p>\n<div class=\"v-c-cmp v-c-cmp--t1 \">\n<div class=\"v-cmp-rld v-cmp-rld--2 \">\n<div class=\"v-cnt-m v-cnt-m--m\">\n<div class=\"v-cnt-m__c\">\n<div class=\"v-cnt-m__w v-cnt-m__w--1\">\n<p class=\"v-cnt-m__t\">\nTAMBI\u00c9N TE INTERESA\n<\/p>\n<\/div>\n<\/div>\n<\/div>\n<div class=\"v-g v-g--2-c v-g--bdr-min-xs\">\n<div class=\"v-g__c \">\n<article class=\"v-a v-a--cmp-rld v-a--cmp-rld-2 v-a--p-l\">\n<div class=\"v-a-img-c\">\n<figure class=\"v-a-fig\">\n<a href=\"https:\/\/www.mujerhoy.com\/moda\/no-te-pierdas\/bolsos-rafia-bonitos-primavera-complemento-ideal-20250417155504-nt.html#vtm_modulosEngag=mod-rel:moda:noticia:2:cmp:2-not\" class=\"v-a-link\" title=\"La primavera es de los bolsos de rafia: los modelos m\u00e1s bonitos para llevar en cualquier look\"><br \/>\n<img loading=\"lazy\" class=\"v-a-img\" src=\"http:\/\/hoycordobaweb.com\/wp-content\/uploads\/2025\/08\/seis-bolsos-de-rafia-y-yute-con-tamano-perfecto-para-tus-dias-de-verano-1.jpg\" alt=\"La primavera es de los bolsos de rafia: los modelos m\u00e1s bonitos para llevar en cualquier look\"><br \/>\n<\/a><br \/>\n<\/figure>\n<\/div>\n<\/article>\n<\/div>\n<\/div>\n<\/div>\n<\/div>\n<p class=\"voc-paragraph\">Y es que, en verano, el bolso deja de ser accesorio para convertirse en protagonista. Es el que guarda las gafas, el libro a medio leer, las llaves de casa, las ganas de quedarse un poco m\u00e1s. Por eso <strong>importa elegir bien<\/strong>, y apostar por uno que sea bonito, pero tambi\u00e9n funcional, duradero y, sobre todo, coherente con tu estilo de vida.<\/p>\n<p><h3 class=\"v-cmp-suh\">\nLos mejores bolsos de yute y rafia<br \/>\n<\/h3>\n<\/p>\n<div class=\"v-c-cmp v-c-cmp--s\">\n<div class=\"v-cmp-m \">\n<article class=\"v-a v-a--cmp-m v-c-cmp--m-z\">\n<div class=\"v-a-img-c \">\n<div class=\"v-a-fig\">\n<button class=\"v-a-link\" popovertarget=\"photo-476\"><br \/>\n<img loading=\"lazy\" src=\"http:\/\/hoycordobaweb.com\/wp-content\/uploads\/2025\/08\/seis-bolsos-de-rafia-y-yute-con-tamano-perfecto-para-tus-dias-de-verano-2.jpg\" class=\"v-a-img\" width=\"650\" height=\"650\" alt=\"Bolso Justine de S\u00e9zane, 250 euros.\" data-voc-vtm-id=\"in-text-traffic\"> <\/button><figcaption class=\"v-fc\">\n<span class=\"v-fc__t\"><br \/>\nBolso Justine de S\u00e9zane, 250 euros.<br \/>\n<\/span><br \/>\n<\/figcaption><\/div>\n<\/div>\n<div id=\"photo-476\" popover class=\"v-mdl v-mdl--fw\">\n<button class=\"v-x\" popovertarget=\"photo-476\" popovertargetaction=\"hide\"><br \/>\n<span class=\"v-i\"><br \/>\n<svg width=\"24\" height=\"23.996\" viewBox=\"0 0 24 23.996\">\n<path data-name=\"Uni\u00f3n 29\" d=\"M12,14.03,2.031,24,0,21.963,9.968,12,0,2.033,2.031,0,12,9.966,21.969,0,24,2.033,14.032,12,24,21.963,21.969,24Z\" \/>\n<\/svg><br \/>\n<\/span><br \/>\n<\/button><\/p>\n<div class=\"v-mdl__c\">\n<div class=\"v-mdl__w\">\n<img loading=\"lazy\" src=\"http:\/\/hoycordobaweb.com\/wp-content\/uploads\/2025\/08\/seis-bolsos-de-rafia-y-yute-con-tamano-perfecto-para-tus-dias-de-verano-2.jpg\" class=\"v-mdl__img-z\" width=\"650\" height=\"650\" alt>\n<\/div>\n<\/div>\n<\/div>\n<p><span class=\"v-bdp\"><\/span><br \/>\n<\/article>\n<\/div>\n<\/div>\n<p class=\"voc-paragraph\"><strong>Bolso Justine de S\u00e9zane, 250 euros.<\/strong> Hay capazos y capazos, y este me parece uno de los m\u00e1s bonitos de la temporada porque combina lo mejor de los dos mundos: un toque elegante y precioso, y tambi\u00e9n uno moderno y actual que no pasa desapercibido. <\/p>\n<div class=\"v-c-cmp v-c-cmp--s\">\n<div class=\"v-cmp-m \">\n<article class=\"v-a v-a--cmp-m v-c-cmp--m-z\">\n<div class=\"v-a-img-c \">\n<div class=\"v-a-fig\">\n<button class=\"v-a-link\" popovertarget=\"photo-930\"><br \/>\n<img loading=\"lazy\" src=\"http:\/\/hoycordobaweb.com\/wp-content\/uploads\/2025\/08\/seis-bolsos-de-rafia-y-yute-con-tamano-perfecto-para-tus-dias-de-verano-3.jpg\" class=\"v-a-img\" width=\"650\" height=\"650\" alt=\"Bolso de mano de Stella Rittwagen, 35 euros.\" data-voc-vtm-id=\"in-text-traffic\"> <\/button><figcaption class=\"v-fc\">\n<span class=\"v-fc__t\"><br \/>\nBolso de mano de Stella Rittwagen, 35 euros.<br \/>\n<\/span><br \/>\n<\/figcaption><\/div>\n<\/div>\n<div id=\"photo-930\" popover class=\"v-mdl v-mdl--fw\">\n<button class=\"v-x\" popovertarget=\"photo-930\" popovertargetaction=\"hide\"><br \/>\n<span class=\"v-i\"><br \/>\n<svg width=\"24\" height=\"23.996\" viewBox=\"0 0 24 23.996\">\n<path data-name=\"Uni\u00f3n 29\" d=\"M12,14.03,2.031,24,0,21.963,9.968,12,0,2.033,2.031,0,12,9.966,21.969,0,24,2.033,14.032,12,24,21.963,21.969,24Z\" \/>\n<\/svg><br \/>\n<\/span><br \/>\n<\/button><\/p>\n<div class=\"v-mdl__c\">\n<div class=\"v-mdl__w\">\n<img loading=\"lazy\" src=\"http:\/\/hoycordobaweb.com\/wp-content\/uploads\/2025\/08\/seis-bolsos-de-rafia-y-yute-con-tamano-perfecto-para-tus-dias-de-verano-3.jpg\" class=\"v-mdl__img-z\" width=\"650\" height=\"650\" alt>\n<\/div>\n<\/div>\n<\/div>\n<p><span class=\"v-bdp\"><\/span><br \/>\n<\/article>\n<\/div>\n<\/div>\n<p class=\"voc-paragraph\"><strong>Bolso de mano de Stella Rittwagen, 35 euros.<\/strong> Es una forma m\u00e1s original, e igual de ponible y necesaria porque combina con todo y a\u00f1ade un toque elegante y femenino a tus vestidos vaporosos o tus looks vespertinos. <\/p>\n<div class=\"v-c-cmp v-c-cmp--s\">\n<div class=\"v-cmp-m \">\n<article class=\"v-a v-a--cmp-m v-c-cmp--m-z\">\n<div class=\"v-a-img-c \">\n<div class=\"v-a-fig\">\n<button class=\"v-a-link\" popovertarget=\"photo-63\"><br \/>\n<img loading=\"lazy\" src=\"http:\/\/hoycordobaweb.com\/wp-content\/uploads\/2025\/08\/seis-bolsos-de-rafia-y-yute-con-tamano-perfecto-para-tus-dias-de-verano-4.jpg\" class=\"v-a-img\" width=\"650\" height=\"650\" alt=\"Bolso tubular de Tintoretto, 29,99 euros.\" data-voc-vtm-id=\"in-text-traffic\"> <\/button><figcaption class=\"v-fc\">\n<span class=\"v-fc__t\"><br \/>\nBolso tubular de Tintoretto, 29,99 euros.<br \/>\n<\/span><br \/>\n<\/figcaption><\/div>\n<\/div>\n<div id=\"photo-63\" popover class=\"v-mdl v-mdl--fw\">\n<button class=\"v-x\" popovertarget=\"photo-63\" popovertargetaction=\"hide\"><br \/>\n<span class=\"v-i\"><br \/>\n<svg width=\"24\" height=\"23.996\" viewBox=\"0 0 24 23.996\">\n<path data-name=\"Uni\u00f3n 29\" d=\"M12,14.03,2.031,24,0,21.963,9.968,12,0,2.033,2.031,0,12,9.966,21.969,0,24,2.033,14.032,12,24,21.963,21.969,24Z\" \/>\n<\/svg><br \/>\n<\/span><br \/>\n<\/button><\/p>\n<div class=\"v-mdl__c\">\n<div class=\"v-mdl__w\">\n<img loading=\"lazy\" src=\"http:\/\/hoycordobaweb.com\/wp-content\/uploads\/2025\/08\/seis-bolsos-de-rafia-y-yute-con-tamano-perfecto-para-tus-dias-de-verano-4.jpg\" class=\"v-mdl__img-z\" width=\"650\" height=\"650\" alt>\n<\/div>\n<\/div>\n<\/div>\n<p><span class=\"v-bdp\"><\/span><br \/>\n<\/article>\n<\/div>\n<\/div>\n<p class=\"voc-paragraph\"><strong>Bolso tubular de Tintoretto, 29,99 euros.<\/strong> Su forma es m\u00e1s original y bonita, por lo que es una apuesta segura con la que conseguir\u00e1s looks con mucha altura. No te compliques a la hora de llevarlo, dale protagonismo con looks monocromas y voil\u00e0.<\/p>\n<div class=\"v-c-cmp v-c-cmp--s\">\n<div class=\"v-cmp-m \">\n<article class=\"v-a v-a--cmp-m v-c-cmp--m-z\">\n<div class=\"v-a-img-c \">\n<div class=\"v-a-fig\">\n<button class=\"v-a-link\" popovertarget=\"photo-358\"><br \/>\n<img loading=\"lazy\" src=\"http:\/\/hoycordobaweb.com\/wp-content\/uploads\/2025\/08\/seis-bolsos-de-rafia-y-yute-con-tamano-perfecto-para-tus-dias-de-verano-5.jpg\" class=\"v-a-img\" width=\"650\" height=\"650\" alt=\"Bolso de mano tipo cartera de Adolfo Dom\u00ednguez, 99 euros.\" data-voc-vtm-id=\"in-text-traffic\"> <\/button><figcaption class=\"v-fc\">\n<span class=\"v-fc__t\"><br \/>\nBolso de mano tipo cartera de Adolfo Dom\u00ednguez, 99 euros.<br \/>\n<\/span><br \/>\n<\/figcaption><\/div>\n<\/div>\n<div id=\"photo-358\" popover class=\"v-mdl v-mdl--fw\">\n<button class=\"v-x\" popovertarget=\"photo-358\" popovertargetaction=\"hide\"><br \/>\n<span class=\"v-i\"><br \/>\n<svg width=\"24\" height=\"23.996\" viewBox=\"0 0 24 23.996\">\n<path data-name=\"Uni\u00f3n 29\" d=\"M12,14.03,2.031,24,0,21.963,9.968,12,0,2.033,2.031,0,12,9.966,21.969,0,24,2.033,14.032,12,24,21.963,21.969,24Z\" \/>\n<\/svg><br \/>\n<\/span><br \/>\n<\/button><\/p>\n<div class=\"v-mdl__c\">\n<div class=\"v-mdl__w\">\n<img loading=\"lazy\" src=\"http:\/\/hoycordobaweb.com\/wp-content\/uploads\/2025\/08\/seis-bolsos-de-rafia-y-yute-con-tamano-perfecto-para-tus-dias-de-verano-5.jpg\" class=\"v-mdl__img-z\" width=\"650\" height=\"650\" alt>\n<\/div>\n<\/div>\n<\/div>\n<p><span class=\"v-bdp\"><\/span><br \/>\n<\/article>\n<\/div>\n<\/div>\n<p class=\"voc-paragraph\"><strong>Bolso de mano tipo cartera de Adolfo Dom\u00ednguez, 99 euros.<\/strong> Ha sido verlo y sentir el flechazo, y lo \u00fanico que tengo claro con este bolso son dos cosas: que te lo pondr\u00e1s much\u00edsimo y que ser\u00e1 un fondo de armario espectacular.<\/p>\n<div class=\"v-c-cmp v-c-cmp--s\">\n<div class=\"v-cmp-m \">\n<article class=\"v-a v-a--cmp-m v-c-cmp--m-z\">\n<div class=\"v-a-img-c \">\n<div class=\"v-a-fig\">\n<button class=\"v-a-link\" popovertarget=\"photo-270\"><br \/>\n<img loading=\"lazy\" src=\"http:\/\/hoycordobaweb.com\/wp-content\/uploads\/2025\/08\/seis-bolsos-de-rafia-y-yute-con-tamano-perfecto-para-tus-dias-de-verano-6.jpg\" class=\"v-a-img\" width=\"650\" height=\"650\" alt=\"Bolso verde de Maje, 117 euros.\" data-voc-vtm-id=\"in-text-traffic\"> <\/button><figcaption class=\"v-fc\">\n<span class=\"v-fc__t\"><br \/>\nBolso verde de Maje, 117 euros.<br \/>\n<\/span><br \/>\n<\/figcaption><\/div>\n<\/div>\n<div id=\"photo-270\" popover class=\"v-mdl v-mdl--fw\">\n<button class=\"v-x\" popovertarget=\"photo-270\" popovertargetaction=\"hide\"><br \/>\n<span class=\"v-i\"><br \/>\n<svg width=\"24\" height=\"23.996\" viewBox=\"0 0 24 23.996\">\n<path data-name=\"Uni\u00f3n 29\" d=\"M12,14.03,2.031,24,0,21.963,9.968,12,0,2.033,2.031,0,12,9.966,21.969,0,24,2.033,14.032,12,24,21.963,21.969,24Z\" \/>\n<\/svg><br \/>\n<\/span><br \/>\n<\/button><\/p>\n<div class=\"v-mdl__c\">\n<div class=\"v-mdl__w\">\n<img loading=\"lazy\" src=\"http:\/\/hoycordobaweb.com\/wp-content\/uploads\/2025\/08\/seis-bolsos-de-rafia-y-yute-con-tamano-perfecto-para-tus-dias-de-verano-6.jpg\" class=\"v-mdl__img-z\" width=\"650\" height=\"650\" alt>\n<\/div>\n<\/div>\n<\/div>\n<p><span class=\"v-bdp\"><\/span><br \/>\n<\/article>\n<\/div>\n<\/div>\n<p class=\"voc-paragraph\"><strong>Bolso verde de Maje, 117 euros.<\/strong> Es m\u00e1s original que todos los anteriores, pero tambi\u00e9n una forma m\u00e1s original y juvenil de llevar un bolso colorido y a la altura de cualquier look que tengas en mente. Adem\u00e1s, es tan especial que, precisamente por eso, no pasa de moda. <\/p>\n<div class=\"v-c-cmp v-c-cmp--s\">\n<div class=\"v-cmp-m \">\n<article class=\"v-a v-a--cmp-m v-c-cmp--m-z\">\n<div class=\"v-a-img-c \">\n<div class=\"v-a-fig\">\n<button class=\"v-a-link\" popovertarget=\"photo-862\"><br \/>\n<img loading=\"lazy\" src=\"http:\/\/hoycordobaweb.com\/wp-content\/uploads\/2025\/08\/seis-bolsos-de-rafia-y-yute-con-tamano-perfecto-para-tus-dias-de-verano-7.jpg\" class=\"v-a-img\" width=\"650\" height=\"650\" alt=\"Bolso de mimbre con paneles de piel de Sandro, 196 euros.\" data-voc-vtm-id=\"in-text-traffic\"> <\/button><figcaption class=\"v-fc\">\n<span class=\"v-fc__t\"><br \/>\nBolso de mimbre con paneles de piel de Sandro, 196 euros.<br \/>\n<\/span><br \/>\n<\/figcaption><\/div>\n<\/div>\n<div id=\"photo-862\" popover class=\"v-mdl v-mdl--fw\">\n<button class=\"v-x\" popovertarget=\"photo-862\" popovertargetaction=\"hide\"><br \/>\n<span class=\"v-i\"><br \/>\n<svg width=\"24\" height=\"23.996\" viewBox=\"0 0 24 23.996\">\n<path data-name=\"Uni\u00f3n 29\" d=\"M12,14.03,2.031,24,0,21.963,9.968,12,0,2.033,2.031,0,12,9.966,21.969,0,24,2.033,14.032,12,24,21.963,21.969,24Z\" \/>\n<\/svg><br \/>\n<\/span><br \/>\n<\/button><\/p>\n<div class=\"v-mdl__c\">\n<div class=\"v-mdl__w\">\n<img loading=\"lazy\" src=\"http:\/\/hoycordobaweb.com\/wp-content\/uploads\/2025\/08\/seis-bolsos-de-rafia-y-yute-con-tamano-perfecto-para-tus-dias-de-verano-7.jpg\" class=\"v-mdl__img-z\" width=\"650\" height=\"650\" alt>\n<\/div>\n<\/div>\n<\/div>\n<p><span class=\"v-bdp\"><\/span><br \/>\n<\/article>\n<\/div>\n<\/div>\n<p class=\"voc-paragraph\"><strong>Bolso de mimbre con paneles de piel de Sandro, 196 euros.<\/strong> Es bonito, femenino y tiene el tama\u00f1o perfecto para arrasar vayas donde vayas. Por lo que, es una apuesta segura para tu d\u00eda a d\u00eda, y tambi\u00e9n para esos d\u00edas en lo que necesitas un bolso de verano perfecto. <\/p>\n<div class=\"v-c-cmp v-c-cmp--t1 \">\n<div class=\"v-cmp-rld v-cmp-rld--2 \">\n<div class=\"v-cnt-m v-cnt-m--m\">\n<div class=\"v-cnt-m__c\">\n<div class=\"v-cnt-m__w v-cnt-m__w--1\">\n<p class=\"v-cnt-m__t\">\nTAMBI\u00c9N TE INTERESA\n<\/p>\n<\/div>\n<\/div>\n<\/div>\n<div class=\"v-g v-g--2-c v-g--bdr-min-xs\">\n<div class=\"v-g__c \">\n<article class=\"v-a v-a--cmp-rld v-a--cmp-rld-2 v-a--p-l\">\n<div class=\"v-a-img-c\">\n<figure class=\"v-a-fig\">\n<a href=\"https:\/\/www.mujerhoy.com\/moda\/no-te-pierdas\/mejores-bolsos-de-rafia-tamano-perfecto-20250521134144-nt.html#vtm_modulosEngag=mod-rel:moda:noticia:1:cmp:2-not\" class=\"v-a-link\" title=\"Bolsos de rafia que enamoran a las m\u00e1s elegantes: con tama\u00f1o perfecto \"><br \/>\n<img loading=\"lazy\" class=\"v-a-img\" src=\"http:\/\/hoycordobaweb.com\/wp-content\/uploads\/2025\/08\/seis-bolsos-de-rafia-y-yute-con-tamano-perfecto-para-tus-dias-de-verano-8.jpg\" alt=\"Bolsos de rafia que enamoran a las m\u00e1s elegantes: con tama\u00f1o perfecto \"><br \/>\n<\/a><br \/>\n<\/figure>\n<\/div>\n<\/article>\n<\/div>\n<div class=\"v-g__c \">\n<article class=\"v-a v-a--cmp-rld v-a--cmp-rld-2 v-a--p-l\">\n<div class=\"v-a-img-c\">\n<figure class=\"v-a-fig\">\n<a href=\"https:\/\/www.mujerhoy.com\/moda\/no-te-pierdas\/bolsos-rafia-verano-rebajas-parfois-20240716135817-nt.html#vtm_modulosEngag=mod-rel:moda:noticia:2:cmp:2-not\" class=\"v-a-link\" title=\"Este verano necesitas los bolsos de rafia de las rebajas de Parfois para llevarte de vacaciones\"><br \/>\n<img loading=\"lazy\" class=\"v-a-img\" src=\"http:\/\/hoycordobaweb.com\/wp-content\/uploads\/2025\/08\/seis-bolsos-de-rafia-y-yute-con-tamano-perfecto-para-tus-dias-de-verano-9.jpg\" alt=\"Este verano necesitas los bolsos de rafia de las rebajas de Parfois para llevarte de vacaciones\"><br \/>\n<\/a><br \/>\n<\/figure>\n<\/div>\n<\/article>\n<\/div>\n<\/div>\n<\/div>\n<\/div>\n<div class=\"media_block\"><\/div>\n","protected":false},"excerpt":{"rendered":"<p>Hay algo en los bolsos de rafia y yute que huele a verano. Quiz\u00e1 sea su textura natural, o ese aire artesanal que nos recuerda a los mercados provenzales y desayunos tard\u00edos en la costa. Pero m\u00e1s all\u00e1 del clich\u00e9, se han convertido en el complemento que no falla porque elevan cualquier look. Los mejores [&hellip;]<\/p>\n","protected":false},"author":1,"featured_media":113068,"comment_status":"closed","ping_status":"closed","sticky":false,"template":"","format":"standard","meta":[],"categories":[],"tags":[],"_links":{"self":[{"href":"http:\/\/hoycordobaweb.com\/index.php\/wp-json\/wp\/v2\/posts\/113067"}],"collection":[{"href":"http:\/\/hoycordobaweb.com\/index.php\/wp-json\/wp\/v2\/posts"}],"about":[{"href":"http:\/\/hoycordobaweb.com\/index.php\/wp-json\/wp\/v2\/types\/post"}],"author":[{"embeddable":true,"href":"http:\/\/hoycordobaweb.com\/index.php\/wp-json\/wp\/v2\/users\/1"}],"replies":[{"embeddable":true,"href":"http:\/\/hoycordobaweb.com\/index.php\/wp-json\/wp\/v2\/comments?post=113067"}],"version-history":[{"count":0,"href":"http:\/\/hoycordobaweb.com\/index.php\/wp-json\/wp\/v2\/posts\/113067\/revisions"}],"wp:featuredmedia":[{"embeddable":true,"href":"http:\/\/hoycordobaweb.com\/index.php\/wp-json\/wp\/v2\/media\/113068"}],"wp:attachment":[{"href":"http:\/\/hoycordobaweb.com\/index.php\/wp-json\/wp\/v2\/media?parent=113067"}],"wp:term":[{"taxonomy":"category","embeddable":true,"href":"http:\/\/hoycordobaweb.com\/index.php\/wp-json\/wp\/v2\/categories?post=113067"},{"taxonomy":"post_tag","embeddable":true,"href":"http:\/\/hoycordobaweb.com\/index.php\/wp-json\/wp\/v2\/tags?post=113067"}],"curies":[{"name":"wp","href":"https:\/\/api.w.org\/{rel}","templated":true}]}}