{"id":113063,"date":"2025-08-04T23:26:01","date_gmt":"2025-08-04T23:26:01","guid":{"rendered":"https:\/\/www.ole.com.ar\/futbol-internacional\/real-madrid-franco-mastantuono-futbol-argentino-liga-espana_0_sD92rIMaZZ.html"},"modified":"2025-08-04T23:26:01","modified_gmt":"2025-08-04T23:26:01","slug":"como-se-prepara-mastantuono-cuando-podria-debutar-y-con-quienes-peleara-el-puesto","status":"publish","type":"post","link":"http:\/\/hoycordobaweb.com\/index.php\/2025\/08\/04\/como-se-prepara-mastantuono-cuando-podria-debutar-y-con-quienes-peleara-el-puesto\/","title":{"rendered":"C\u00f3mo se prepara Mastantuono, cu\u00e1ndo podr\u00eda debutar y con qui\u00e9nes pelear\u00e1 el puesto"},"content":{"rendered":"<p><img src=\"http:\/\/hoycordobaweb.com\/wp-content\/uploads\/2025\/08\/como-se-prepara-mastantuono-cuando-podria-debutar-y-con-quienes-peleara-el-puesto.jpg\"><\/p>\n<p><span class=\"createDate\">04\/08\/2025 20:26hs.<\/span><time class=\"modificatedDate\" datetime=\"2025-08-04T20:57:36-03:00\"> Actualizado al 04\/08\/2025 20:57hs.<\/time><\/p>\n<div id=\"storyBody\">\n<div class=\"custom-text \" readability=\"40\">\n<p>Veintis\u00e9is d\u00edas despu\u00e9s del tremendo 4-0 ante el PSG en el Mundial de Clubes, el Madrid 2025\/26 empez\u00f3 a rodar. El equipo regres\u00f3 este lunes a las pr\u00e1cticas en Valdebebas, el complejo deportivo donde se entrena y que cuenta con decenas de canchas, hotel de lujo, cine y piscinas (en sus planos trabajaron 23 arquitectos y el predio es 2,7 veces m\u00e1s grande que el Estado Vaticano).<\/p>\n<\/div>\n<p><h2>Mastantuono tendr\u00e1 que esperar, pero saldr\u00eda a cancha m\u00e1s temprano que tarde<\/h2>\n<\/p>\n<div class=\"custom-text \" readability=\"47\">\n<p>All\u00ed, entonces, entre an\u00e1lisis de sangre y orina, pruebas de esfuerzo y ejercicios en el gimnasio, solo faltaron Mendy, Bellingham y Endrick, que est\u00e1n recuper\u00e1ndose de lesiones, y<strong> tambi\u00e9n Franco Mastantuono, su flamante refuerzo.<\/strong> El argentino viaj\u00f3 el viernes a Madrid, sin embargo <strong>reci\u00e9n podr\u00e1 sumarse a los entrenamientos del Merengue el pr\u00f3ximo jueves 14 de agosto, cuando cumpla 18 a\u00f1os<\/strong> (por eso no estar\u00e1 en las primeras pr\u00e1cticas del plantel de Xabi Alonso). Esto es por normativa de la FIFA: <strong>ning\u00fan jugador extracomunitario menor de 18 a\u00f1os puede entrenarse con los planteles profesionales fuera de su pa\u00eds<\/strong> (lo mismo pas\u00f3 con Rodrygo, Vinicius y Endrick). Es por eso que Mastan se entrena por su cuenta hasta cumplir la mayor\u00eda de edad, supervisado por miembros del cuerpo t\u00e9cnico de Xabi.<\/p>\n<\/div>\n<div class=\"sc-e7b891c4-0 ifHnQL image-embed\"><img alt=\"Real Madrid se entrena en Valdebebas. (Real Madrid)\" loading=\"lazy\" width=\"720\" height=\"100\" decoding=\"async\" data-nimg=\"1\" src=\"http:\/\/hoycordobaweb.com\/wp-content\/uploads\/2025\/08\/como-se-prepara-mastantuono-cuando-podria-debutar-y-con-quienes-peleara-el-puesto-2.jpg\"><span class=\"epigraphe\">Real Madrid se entrena en Valdebebas. (Real Madrid)<\/span><\/div>\n<div class=\"custom-text \" readability=\"47\">\n<p>De esta manera, se perder\u00e1 el amistoso de pretemporada frente al WSG Tirol, en Austria, el 12 de agosto. Seg\u00fan informan desde Espa\u00f1a,<strong> Xabi Alonso ve en Mastantuono un fichaje para salir r\u00e1pido a la cancha. <\/strong>Sabe l\u00f3gicamente que necesitar\u00e1 de un tiempo de adaptaci\u00f3n, pero la idea es que pueda tener minutos desde el primer momento. <strong>El debut oficial del Madrid ser\u00e1 el 19 de este mes, apenas cinco d\u00edas despu\u00e9s de que Mastan se sume a los entrenamientos<\/strong> a la par del grupo, por LaLiga ante el Osasuna, en el Bernab\u00e9u. Y una probabilidad es que est\u00e9 entre los concentrados. Luego, el Madrid jugar\u00e1 por la segunda fecha de LaLiga, con el Oviedo, el 24, de visitante.<\/p>\n<\/div>\n<div class=\"custom-text \" readability=\"53\">\n<p>Habr\u00e1 que ver, eso s\u00ed, en qu\u00e9 sector del campo lo utilizar\u00e1 el entrenador. Si ser\u00e1 un extremo por derecha como lo paraba Gallardo en River o jugar\u00e1 m\u00e1s por el centro. Claro que la competencia no ser\u00e1 f\u00e1cil para el argentino: en el Madrid hay, obviamente, mucho material. Mbapp\u00e9, Bellingham y Vinicius aparecen, l\u00f3gicamente, como inamovibles, pero adem\u00e1s est\u00e1n Rodrygo (suena para irse), Arda G\u00fcler, Brahim D\u00edaz, Endrick y en el Mundial de Clubes se dio la irrupci\u00f3n de Gonzalo Garc\u00eda, que en varios partidos jug\u00f3 pr\u00e1cticamente de 9 por la ausencia de Mbapp\u00e9, pero ante el PSG se par\u00f3 m\u00e1s retrasado. Ser\u00e1 determinante el dibujo que use Xabi, que en el Bayer Leverkusen gan\u00f3 la Bundesliga con un 3-4-3, pero luego cambi\u00f3 al 3-4-1-2<strong>. Ahora en el Mundial de Clubes con el Madrid vari\u00f3 entre el 4-3-3, el 4-3-1-2 y el 3-5-2. Eso s\u00ed, siempre d\u00e1ndoles lugar a los de buen pie, como Mastan.<\/strong><\/p>\n<\/div>\n<p><h2>Sus principales competidores<\/h2>\n<\/p>\n<p><h3>Arda G\u00fcler<\/h3>\n<\/p>\n<div class=\"custom-text \" readability=\"36\">\n<p>Zurdo, de 20 a\u00f1os, tambi\u00e9n se para en general por derecha. Es un jugador m\u00e1s de manejo y toque, no tan incisivo en los metros finales como Mastan.<\/p>\n<\/div>\n<div class=\"sc-e7b891c4-0 ifHnQL image-embed\"><img alt=\"Los pr\u00f3ximos d\u00edas de Mastantuono en Madrid antes de cumplir los 18 a\u00f1os.\" loading=\"lazy\" width=\"720\" height=\"100\" decoding=\"async\" data-nimg=\"1\" src=\"http:\/\/hoycordobaweb.com\/wp-content\/uploads\/2025\/08\/como-se-prepara-mastantuono-cuando-podria-debutar-y-con-quienes-peleara-el-puesto-3.jpg\"><span class=\"epigraphe\">Los pr\u00f3ximos d\u00edas de Mastantuono en Madrid antes de cumplir los 18 a\u00f1os.<\/span><\/div>\n<p><h3>Brahim D\u00edaz<\/h3>\n<\/p>\n<div class=\"custom-text \" readability=\"36\">\n<p>De 26 a\u00f1os, juega principalmente por los extremos. Tuvo mucha acci\u00f3n (56 partidos, seis goles) en la 24\/25. Son\u00f3 en el Benfica, pero finalmente renovar\u00eda en el Madrid.<\/p>\n<\/div>\n<p><h3>Rodrygo<\/h3>\n<\/p>\n<div class=\"custom-text \" readability=\"35\">\n<p>Una de las grandes figuras del Madrid, pero se ir\u00eda: desde la Casa Blanca est\u00e1n dispuestos a negociarlo y al delantero brasile\u00f1o lo buscan de Inglaterra. El Madrid no aceptar\u00e1 menos de 90 millones&nbsp;de&nbsp;euros&#8230;<\/p>\n<\/div>\n<div class=\"sc-a7166897-0 eoLsBE\" readability=\"6\">\n<section readability=\"2\"><picture><img alt=\"La dura autocr\u00edtica del DT de Col\u00f3n: ''As\u00ed es imposible competir''\" loading=\"lazy\" width=\"290\" height=\"290\" decoding=\"async\" data-nimg=\"1\" src=\"http:\/\/hoycordobaweb.com\/wp-content\/uploads\/2025\/08\/como-se-prepara-mastantuono-cuando-podria-debutar-y-con-quienes-peleara-el-puesto-4.jpg\"><\/picture>\n<p><span>Mir\u00e1 tambi\u00e9n<\/span><\/p>\n<hr>\n<h3>La dura autocr\u00edtica del DT de Col\u00f3n: \u00bbAs\u00ed es imposible competir\u00bb<\/h3>\n<\/p>\n<\/section>\n<\/div>\n<div class=\"sc-a7166897-0 eoLsBE\" readability=\"6\">\n<section readability=\"2\"><picture><img alt=\"Los n\u00fameros que desnudan el fr\u00e1gil presente de Independiente\" loading=\"lazy\" width=\"290\" height=\"290\" decoding=\"async\" data-nimg=\"1\" src=\"http:\/\/hoycordobaweb.com\/wp-content\/uploads\/2025\/08\/como-se-prepara-mastantuono-cuando-podria-debutar-y-con-quienes-peleara-el-puesto-5.jpg\"><\/picture>\n<p><span>Mir\u00e1 tambi\u00e9n<\/span><\/p>\n<hr>\n<h3>Los n\u00fameros que desnudan el fr\u00e1gil presente de Independiente<\/h3>\n<\/p>\n<\/section>\n<\/div>\n<div class=\"sc-a7166897-0 eoLsBE\" readability=\"6.5\">\n<section readability=\"3\"><picture><img alt=\"Ante la situaci\u00f3n judicial de Acosta, un arquero de San Lorenzo llega a Sarmiento\" loading=\"lazy\" width=\"290\" height=\"290\" decoding=\"async\" data-nimg=\"1\" src=\"http:\/\/hoycordobaweb.com\/wp-content\/uploads\/2025\/08\/como-se-prepara-mastantuono-cuando-podria-debutar-y-con-quienes-peleara-el-puesto-6.jpg\"><\/picture>\n<p><span>Mir\u00e1 tambi\u00e9n<\/span><\/p>\n<hr>\n<h3>Ante la situaci\u00f3n judicial de Acosta, un arquero de San Lorenzo llega a Sarmiento<\/h3>\n<\/p>\n<\/section>\n<\/div>\n<\/div>\n","protected":false},"excerpt":{"rendered":"<p>04\/08\/2025 20:26hs. Actualizado al 04\/08\/2025 20:57hs. Veintis\u00e9is d\u00edas despu\u00e9s del tremendo 4-0 ante el PSG en el Mundial de Clubes, el Madrid 2025\/26 empez\u00f3 a rodar. El equipo regres\u00f3 este lunes a las pr\u00e1cticas en Valdebebas, el complejo deportivo donde se entrena y que cuenta con decenas de canchas, hotel de lujo, cine y piscinas [&hellip;]<\/p>\n","protected":false},"author":1,"featured_media":113064,"comment_status":"open","ping_status":"closed","sticky":false,"template":"","format":"standard","meta":[],"categories":[16],"tags":[],"_links":{"self":[{"href":"http:\/\/hoycordobaweb.com\/index.php\/wp-json\/wp\/v2\/posts\/113063"}],"collection":[{"href":"http:\/\/hoycordobaweb.com\/index.php\/wp-json\/wp\/v2\/posts"}],"about":[{"href":"http:\/\/hoycordobaweb.com\/index.php\/wp-json\/wp\/v2\/types\/post"}],"author":[{"embeddable":true,"href":"http:\/\/hoycordobaweb.com\/index.php\/wp-json\/wp\/v2\/users\/1"}],"replies":[{"embeddable":true,"href":"http:\/\/hoycordobaweb.com\/index.php\/wp-json\/wp\/v2\/comments?post=113063"}],"version-history":[{"count":0,"href":"http:\/\/hoycordobaweb.com\/index.php\/wp-json\/wp\/v2\/posts\/113063\/revisions"}],"wp:featuredmedia":[{"embeddable":true,"href":"http:\/\/hoycordobaweb.com\/index.php\/wp-json\/wp\/v2\/media\/113064"}],"wp:attachment":[{"href":"http:\/\/hoycordobaweb.com\/index.php\/wp-json\/wp\/v2\/media?parent=113063"}],"wp:term":[{"taxonomy":"category","embeddable":true,"href":"http:\/\/hoycordobaweb.com\/index.php\/wp-json\/wp\/v2\/categories?post=113063"},{"taxonomy":"post_tag","embeddable":true,"href":"http:\/\/hoycordobaweb.com\/index.php\/wp-json\/wp\/v2\/tags?post=113063"}],"curies":[{"name":"wp","href":"https:\/\/api.w.org\/{rel}","templated":true}]}}