{"id":112985,"date":"2025-08-04T20:51:51","date_gmt":"2025-08-04T20:51:51","guid":{"rendered":"https:\/\/cordobaturismo.gov.ar\/?p=897799"},"modified":"2025-08-04T20:51:51","modified_gmt":"2025-08-04T20:51:51","slug":"las-vacaciones-de-invierno-generaron-mas-de-284-mil-millones-en-movimiento-economico","status":"publish","type":"post","link":"http:\/\/hoycordobaweb.com\/index.php\/2025\/08\/04\/las-vacaciones-de-invierno-generaron-mas-de-284-mil-millones-en-movimiento-economico\/","title":{"rendered":"Las vacaciones de invierno generaron m\u00e1s de $284 mil millones en movimiento econ\u00f3mico"},"content":{"rendered":"<p>Durante las cuatro semanas de vacaciones de invierno que se distribuyeron en todo el pa\u00eds, el turismo dej\u00f3 un movimiento econ\u00f3mico estimado en $284 mil millones de pesos, con un gasto promedio diario por persona de $102 mil. El c\u00e1lculo incluye servicios de alojamiento formal, gastronom\u00eda, ocio y transporte terrestre, principales rubros dinamizados por la actividad.<\/p>\n<p>En C\u00f3rdoba, la tercera semana del receso fue la de mayor movimiento, con un importante flujo tur\u00edstico en todo el territorio provincial, especialmente en los valles de Punilla y Calamuchita.<\/p>\n<figure class=\"wp-block-image size-large\"><img loading=\"lazy\" fetchpriority=\"high\" decoding=\"async\" width=\"1024\" height=\"905\" src=\"http:\/\/hoycordobaweb.com\/wp-content\/uploads\/2025\/08\/las-vacaciones-de-invierno-generaron-mas-de-284-mil-millones-en-movimiento-economico.jpg\" alt class=\"wp-image-897801\" srcset=\"http:\/\/hoycordobaweb.com\/wp-content\/uploads\/2025\/08\/las-vacaciones-de-invierno-generaron-mas-de-284-mil-millones-en-movimiento-economico.jpg 1024w, http:\/\/hoycordobaweb.com\/wp-content\/uploads\/2025\/08\/las-vacaciones-de-invierno-generaron-mas-de-284-mil-millones-en-movimiento-economico-2.jpg 300w, http:\/\/hoycordobaweb.com\/wp-content\/uploads\/2025\/08\/las-vacaciones-de-invierno-generaron-mas-de-284-mil-millones-en-movimiento-economico-3.jpg 768w, http:\/\/hoycordobaweb.com\/wp-content\/uploads\/2025\/08\/las-vacaciones-de-invierno-generaron-mas-de-284-mil-millones-en-movimiento-economico-4.jpg 1200w\" sizes=\"(max-width: 1024px) 100vw, 1024px\"><\/figure>\n<p>Camino del Alfajor, uno de los eventos m\u00e1s convocantes de la temporada invernal, en La Cumbrecita. <\/p>\n<p>\u201cEl receso invernal represent\u00f3 una etapa de buena actividad para el sector tur\u00edstico en C\u00f3rdoba, m\u00e1s all\u00e1 de la coyuntura econ\u00f3mica que es de p\u00fablico conocimiento. Se not\u00f3 un movimiento sostenido en distintas regiones con una distribuci\u00f3n territorial que favoreci\u00f3 a destinos tradicionales y emergentes\u201d, expres\u00f3 Dar\u00edo Capitani, presidente de la Agencia C\u00f3rdoba Turismo.<\/p>\n<figure class=\"wp-block-image size-large\"><img loading=\"lazy\" decoding=\"async\" width=\"1024\" height=\"683\" src=\"http:\/\/hoycordobaweb.com\/wp-content\/uploads\/2025\/08\/las-vacaciones-de-invierno-generaron-mas-de-284-mil-millones-en-movimiento-economico-1.jpg\" alt class=\"wp-image-897802\" srcset=\"http:\/\/hoycordobaweb.com\/wp-content\/uploads\/2025\/08\/las-vacaciones-de-invierno-generaron-mas-de-284-mil-millones-en-movimiento-economico-1.jpg 1024w, http:\/\/hoycordobaweb.com\/wp-content\/uploads\/2025\/08\/las-vacaciones-de-invierno-generaron-mas-de-284-mil-millones-en-movimiento-economico-5.jpg 300w, http:\/\/hoycordobaweb.com\/wp-content\/uploads\/2025\/08\/las-vacaciones-de-invierno-generaron-mas-de-284-mil-millones-en-movimiento-economico-6.jpg 768w, http:\/\/hoycordobaweb.com\/wp-content\/uploads\/2025\/08\/las-vacaciones-de-invierno-generaron-mas-de-284-mil-millones-en-movimiento-economico-7.jpg 1440w\" sizes=\"(max-width: 1024px) 100vw, 1024px\"><\/figure>\n<p>Villa General Belgrano, recibi\u00f3 a turistas de diferentes puntos en su Fiesta Nacional del Chocolate Alpino.<\/p>\n<p>Por su parte, Gustavo Peralta, presidente de la C\u00e1mara de Turismo de C\u00f3rdoba, se\u00f1al\u00f3: \u201cEste buen resultado final refleja el trabajo articulado en conjunto con los municipios y la provincia, y el compromiso de todo el sector respecto al mantenimiento de precios y accesos a distintas promociones que impactaron de manera positiva\u201d.<\/p>\n<p>Durante el receso invernal 2025, se contabilizaron algo m\u00e1s de 850 mil turistas en la provincia, una cifra superior a la registrada en 2024, cuando se contabilizaron 765 mil visitantes en tres semanas.<\/p>\n<p>La temporada dej\u00f3 niveles de ocupaci\u00f3n aceptables y una agenda que permiti\u00f3 sostener el flujo tur\u00edstico en distintos puntos del mapa provincial.<\/p>\n","protected":false},"excerpt":{"rendered":"<p>Durante las cuatro semanas de vacaciones de invierno que se distribuyeron en todo el pa\u00eds, el turismo dej\u00f3 un movimiento econ\u00f3mico estimado en $284 mil millones de pesos, con un gasto promedio diario por persona de $102 mil. El c\u00e1lculo incluye servicios de alojamiento formal, gastronom\u00eda, ocio y transporte terrestre, principales rubros dinamizados por la [&hellip;]<\/p>\n","protected":false},"author":1,"featured_media":112986,"comment_status":"closed","ping_status":"closed","sticky":false,"template":"","format":"standard","meta":[],"categories":[19],"tags":[],"_links":{"self":[{"href":"http:\/\/hoycordobaweb.com\/index.php\/wp-json\/wp\/v2\/posts\/112985"}],"collection":[{"href":"http:\/\/hoycordobaweb.com\/index.php\/wp-json\/wp\/v2\/posts"}],"about":[{"href":"http:\/\/hoycordobaweb.com\/index.php\/wp-json\/wp\/v2\/types\/post"}],"author":[{"embeddable":true,"href":"http:\/\/hoycordobaweb.com\/index.php\/wp-json\/wp\/v2\/users\/1"}],"replies":[{"embeddable":true,"href":"http:\/\/hoycordobaweb.com\/index.php\/wp-json\/wp\/v2\/comments?post=112985"}],"version-history":[{"count":0,"href":"http:\/\/hoycordobaweb.com\/index.php\/wp-json\/wp\/v2\/posts\/112985\/revisions"}],"wp:featuredmedia":[{"embeddable":true,"href":"http:\/\/hoycordobaweb.com\/index.php\/wp-json\/wp\/v2\/media\/112986"}],"wp:attachment":[{"href":"http:\/\/hoycordobaweb.com\/index.php\/wp-json\/wp\/v2\/media?parent=112985"}],"wp:term":[{"taxonomy":"category","embeddable":true,"href":"http:\/\/hoycordobaweb.com\/index.php\/wp-json\/wp\/v2\/categories?post=112985"},{"taxonomy":"post_tag","embeddable":true,"href":"http:\/\/hoycordobaweb.com\/index.php\/wp-json\/wp\/v2\/tags?post=112985"}],"curies":[{"name":"wp","href":"https:\/\/api.w.org\/{rel}","templated":true}]}}