{"id":112977,"date":"2025-08-04T08:23:13","date_gmt":"2025-08-04T08:23:13","guid":{"rendered":"https:\/\/www.mujerhoy.com\/vivir\/decoracion\/como-usar-blanco-decoracion-color-tendencia-verano-inspiracion-salones-ideas-bonitas-casa-20250723131423-nt.html"},"modified":"2025-08-04T08:23:13","modified_gmt":"2025-08-04T08:23:13","slug":"ideas-preciosas-para-decorar-tu-salon-con-el-color-tendencia-del-verano-parecera-mas-grande-y-sera-mas-fresquito","status":"publish","type":"post","link":"http:\/\/hoycordobaweb.com\/index.php\/2025\/08\/04\/ideas-preciosas-para-decorar-tu-salon-con-el-color-tendencia-del-verano-parecera-mas-grande-y-sera-mas-fresquito\/","title":{"rendered":"Ideas preciosas para decorar tu sal\u00f3n con el color tendencia del verano: parecer\u00e1 m\u00e1s grande y ser\u00e1 m\u00e1s fresquito"},"content":{"rendered":"<p><!-- AUTHOR --><\/p>\n<div class=\"voc-author-timesocial \">\n<!-- AUTHOR --><\/p>\n<div class=\"voc-author-timesocial__signature \">\n<!-- IMAGE AUTHOR -->\n<picture class=\"voc-image-signature\">\n<img class=\"voc-image-signature__img\" src=\"http:\/\/hoycordobaweb.com\/wp-content\/uploads\/2025\/08\/ideas-preciosas-para-decorar-tu-salon-con-el-color-tendencia-del-verano-parecera-mas-grande-y-sera-mas-fresquito.jpg\" alt=\"Ana Calvo\">\n<\/picture>\n<!-- INFO AUTHOR --><\/p>\n<div class=\"voc-author-timesocial__info\" data-mrf-recirculation=\"Autor\">\n<div class=\"voc-author-info\">\n<author><br \/>\n<a class=\"voc-author\" href=\"https:\/\/www.mujerhoy.com\/autor\/ana-calvo-1186.html\">Ana Calvo<\/a><br \/>\n<\/author><br \/>\n<!-- TIME --><br \/>\n<time datetime=\"2025-08-04T08:23:13Z\" data-timestamp><br \/>\nPublicado \u00b7 <span data-voc-date-modified-short> 4 de agosto de 2025, 10:23 h <\/span><br \/>\n<\/time>\n<\/div>\n<\/div>\n<\/div><\/div>\n<p><!-- COMPONENTS --><\/p>\n<p class=\"voc-paragraph\">Entre todas <a href=\"https:\/\/www.mujerhoy.com\/vivir\/decoracion\/tendencias-deco-verano-2025-estilo-mediterraneo-claves-casa-bonita-20250618160344-nt.html\" title=\"www.mujerhoy.com\" data-voc-vtm-id=\"in-text-traffic\" data-mrf-link=\"www.mujerhoy.com\">las tendencias deco<\/a> que vemos cada temporada, hay una que se mantiene inalterable, aunque con matices, un verano tras otro. Y s\u00ed, hablamos del <a href=\"https:\/\/www.mujerhoy.com\/vivir\/decoracion\/trucos-decoracion-casa-parezca-mas-grande-como-usar-color-blanco-20211104120730-nt.html\" title=\"www.mujerhoy.com\" data-voc-vtm-id=\"in-text-traffic\" data-mrf-link=\"www.mujerhoy.com\">blanco como color dominante<\/a> en nuestra casa, que ya sea en su versi\u00f3n m\u00e1s pura o tamizado en tonalidades crema y cercanas al beige, siempre ser\u00e1 <strong>el aut\u00e9ntico rey<\/strong> de los meses m\u00e1s c\u00e1lidos.<\/p>\n<p class=\"voc-paragraph\">Que <strong>el blanco<\/strong> vuelva puntual a nuestras vidas, como las rebajas, todos los veranos, no es solo una decisi\u00f3n est\u00e9tica: tambi\u00e9n es una elecci\u00f3n funcional. Su capacidad reflectante permite una <a href=\"https:\/\/www.mujerhoy.com\/vivir\/decoracion\/conseguir-casa-20211014124747-nt.html\" title=\"www.mujerhoy.com\" data-voc-vtm-id=\"in-text-traffic\" data-mrf-link=\"www.mujerhoy.com\">mejor distribuci\u00f3n de la luz natural<\/a>, reduciendo as\u00ed la necesidad de iluminaci\u00f3n artificial, adem\u00e1s de aportar frescura. Nuestro aliado eficiente y sostenible frente al calor.<\/p>\n<div class=\"v-c-cmp v-c-cmp--t1 \">\n<div class=\"v-cmp-rld v-cmp-rld--2 \">\n<div class=\"v-cnt-m v-cnt-m--m\">\n<div class=\"v-cnt-m__c\">\n<div class=\"v-cnt-m__w v-cnt-m__w--1\">\n<p class=\"v-cnt-m__t\">\nTAMBI\u00c9N TE INTERESA\n<\/p>\n<\/div>\n<\/div>\n<\/div><\/div>\n<\/div>\n<p class=\"voc-paragraph\">Adem\u00e1s, el uso del blanco como color predominante, ya sea en las estructuras como en los muebles y textiles, <strong>amplia visualmente los espacios<\/strong>, hace que nuestras estancias parezcan m\u00e1s grandes, aireadas y limpias, transmite paz y genera sensaci\u00f3n de descanso en una \u00e9poca en la que buscamos el placer del dolce far niente y disfrutamos de m\u00e1s tiempo en casa.<\/p>\n<div class=\"v-c-cmp v-c-cmp--s\">\n<div class=\"v-cmp-m \">\n<article class=\"v-a v-a--cmp-m v-c-cmp--m-z\">\n<div class=\"v-a-img-c \">\n<div class=\"v-a-fig\">\n<button class=\"v-a-link\" popovertarget=\"photo-620\"><br \/>\n<img loading=\"lazy\" src=\"http:\/\/hoycordobaweb.com\/wp-content\/uploads\/2025\/08\/ideas-preciosas-para-decorar-tu-salon-con-el-color-tendencia-del-verano-parecera-mas-grande-y-sera-mas-fresquito-1.jpg\" class=\"v-a-img\" width=\"650\" height=\"650\" alt data-voc-vtm-id=\"in-text-traffic\"> <\/button><figcaption class=\"v-fc\">\n<span class=\"v-fc__p\"><br \/>\nEL CORTE INGL\u00c9S<br \/>\n<\/span><br \/>\n<\/figcaption><\/div>\n<\/div>\n<div id=\"photo-620\" popover class=\"v-mdl v-mdl--fw\">\n<button class=\"v-x\" popovertarget=\"photo-620\" popovertargetaction=\"hide\"><br \/>\n<span class=\"v-i\"><br \/>\n<svg width=\"24\" height=\"23.996\" viewBox=\"0 0 24 23.996\">\n<path data-name=\"Uni\u00f3n 29\" d=\"M12,14.03,2.031,24,0,21.963,9.968,12,0,2.033,2.031,0,12,9.966,21.969,0,24,2.033,14.032,12,24,21.963,21.969,24Z\" \/>\n<\/svg><br \/>\n<\/span><br \/>\n<\/button><\/p>\n<div class=\"v-mdl__c\">\n<div class=\"v-mdl__w\">\n<img loading=\"lazy\" src=\"http:\/\/hoycordobaweb.com\/wp-content\/uploads\/2025\/08\/ideas-preciosas-para-decorar-tu-salon-con-el-color-tendencia-del-verano-parecera-mas-grande-y-sera-mas-fresquito-1.jpg\" class=\"v-mdl__img-z\" width=\"650\" height=\"650\" alt>\n<\/div>\n<\/div>\n<\/div>\n<p><span class=\"v-bdp\"><\/span><br \/>\n<\/article>\n<\/div>\n<\/div>\n<p class=\"voc-paragraph\">Y, aqu\u00ed, <strong>un truco de experto<\/strong>: juega con las texturas para aportar dinamismo y huir del efecto &#8216;consulta del dentista&#8217;. Usa lino en los cojines, algod\u00f3n en las cortinas y alfombras de yute o sisal. Adem\u00e1s, puedes combinar superficies mate y satinadas, como una pared encalada o de piedra o con muebles de madera blanqueada.<\/p>\n<p class=\"voc-paragraph\">Por si fuera poco, el blanco combina a las mil maravillas casi con cualquier estilo decorativo y se integra con elegancia tanto en ambientes minimalistas como r\u00fasticos, algo que hace muy sencillo incluirlo en la decoraci\u00f3n de nuestro hogar. Adem\u00e1s, como <strong>no pasa nunca de moda<\/strong>, es perfecto para decorar segundas residencias o la casa de la playa sin invertir mucho esfuerzo y, sobre todo, sin tener que hacer cambios al a\u00f1o siguiente.<\/p>\n<p><h3 class=\"v-cmp-suh\">\nC\u00f3mo combinar el blanco en verano en tu sal\u00f3n<br \/>\n<\/h3>\n<\/p>\n<div class=\"v-c-cmp v-c-cmp--s\">\n<div class=\"v-cmp-m \">\n<article class=\"v-a v-a--cmp-m v-c-cmp--m-z\">\n<div class=\"v-a-img-c \">\n<div class=\"v-a-fig\">\n<button class=\"v-a-link\" popovertarget=\"photo-9\"><br \/>\n<img loading=\"lazy\" src=\"http:\/\/hoycordobaweb.com\/wp-content\/uploads\/2025\/08\/ideas-preciosas-para-decorar-tu-salon-con-el-color-tendencia-del-verano-parecera-mas-grande-y-sera-mas-fresquito-2.jpg\" class=\"v-a-img\" width=\"650\" height=\"650\" alt=\"Propuesta de sal\u00f3n de verano de Zara Home.\" data-voc-vtm-id=\"in-text-traffic\"> <\/button><figcaption class=\"v-fc\">\n<span class=\"v-fc__t\"><br \/>\nPropuesta de sal\u00f3n de verano de Zara Home.<br \/>\n<\/span><br \/>\n<\/figcaption><\/div>\n<\/div>\n<div id=\"photo-9\" popover class=\"v-mdl v-mdl--fw\">\n<button class=\"v-x\" popovertarget=\"photo-9\" popovertargetaction=\"hide\"><br \/>\n<span class=\"v-i\"><br \/>\n<svg width=\"24\" height=\"23.996\" viewBox=\"0 0 24 23.996\">\n<path data-name=\"Uni\u00f3n 29\" d=\"M12,14.03,2.031,24,0,21.963,9.968,12,0,2.033,2.031,0,12,9.966,21.969,0,24,2.033,14.032,12,24,21.963,21.969,24Z\" \/>\n<\/svg><br \/>\n<\/span><br \/>\n<\/button><\/p>\n<div class=\"v-mdl__c\">\n<div class=\"v-mdl__w\">\n<img loading=\"lazy\" src=\"http:\/\/hoycordobaweb.com\/wp-content\/uploads\/2025\/08\/ideas-preciosas-para-decorar-tu-salon-con-el-color-tendencia-del-verano-parecera-mas-grande-y-sera-mas-fresquito-2.jpg\" class=\"v-mdl__img-z\" width=\"650\" height=\"650\" alt>\n<\/div>\n<\/div>\n<\/div>\n<p><span class=\"v-bdp\"><\/span><br \/>\n<\/article>\n<\/div>\n<\/div>\n<p class=\"voc-paragraph\">Una de las principales tendencias en decoraci\u00f3n veraniega es <a href=\"https:\/\/www.mujerhoy.com\/vivir\/decoracion\/tendencias-deco-verano-2025-estilo-mediterraneo-claves-casa-bonita-20250618160344-nt.html\" title=\"www.mujerhoy.com\" data-voc-vtm-id=\"in-text-traffic\" data-mrf-link=\"www.mujerhoy.com\">el estilo Mediterr\u00e1neo<\/a>, que encuentra en <strong>el blanco su m\u00e1xima expresi\u00f3n<\/strong> para resaltar su estudiada simplicidad, la luz natural y su conexi\u00f3n con la naturaleza. Para llevarlo a tu sal\u00f3n, apuesta por paredes blancas combinadas con madera natural, textiles ligeros, suelos hidr\u00e1ulicos en forma de mosaico con un toque retro y materiales org\u00e1nicos, creando una atm\u00f3sfera relajada y luminosa. Incorpora artesan\u00eda en cer\u00e1mica, piezas vinatge y detalles en fibras vegetales y el resultado ser\u00e1 espectacular.<\/p>\n<div class=\"v-c-cmp v-c-cmp--s\">\n<div class=\"v-cmp-m \">\n<article class=\"v-a v-a--cmp-m v-c-cmp--m-z\">\n<div class=\"v-a-img-c \">\n<div class=\"v-a-fig\">\n<button class=\"v-a-link\" popovertarget=\"photo-583\"><br \/>\n<img loading=\"lazy\" src=\"http:\/\/hoycordobaweb.com\/wp-content\/uploads\/2025\/08\/ideas-preciosas-para-decorar-tu-salon-con-el-color-tendencia-del-verano-parecera-mas-grande-y-sera-mas-fresquito-3.jpg\" class=\"v-a-img\" width=\"650\" height=\"650\" alt data-voc-vtm-id=\"in-text-traffic\"> <\/button><figcaption class=\"v-fc\">\n<span class=\"v-fc__p\"><br \/>\nAmazon<br \/>\n<\/span><br \/>\n<\/figcaption><\/div>\n<\/div>\n<div id=\"photo-583\" popover class=\"v-mdl v-mdl--fw\">\n<button class=\"v-x\" popovertarget=\"photo-583\" popovertargetaction=\"hide\"><br \/>\n<span class=\"v-i\"><br \/>\n<svg width=\"24\" height=\"23.996\" viewBox=\"0 0 24 23.996\">\n<path data-name=\"Uni\u00f3n 29\" d=\"M12,14.03,2.031,24,0,21.963,9.968,12,0,2.033,2.031,0,12,9.966,21.969,0,24,2.033,14.032,12,24,21.963,21.969,24Z\" \/>\n<\/svg><br \/>\n<\/span><br \/>\n<\/button><\/p>\n<div class=\"v-mdl__c\">\n<div class=\"v-mdl__w\">\n<img loading=\"lazy\" src=\"http:\/\/hoycordobaweb.com\/wp-content\/uploads\/2025\/08\/ideas-preciosas-para-decorar-tu-salon-con-el-color-tendencia-del-verano-parecera-mas-grande-y-sera-mas-fresquito-3.jpg\" class=\"v-mdl__img-z\" width=\"650\" height=\"650\" alt>\n<\/div>\n<\/div>\n<\/div>\n<p><span class=\"v-bdp\"><\/span><br \/>\n<\/article>\n<\/div>\n<\/div>\n<p class=\"voc-paragraph\">Si lo que buscamos es recrear <strong>un estilo escandinavo<\/strong> de tintes minimalistas pero c\u00e1lido, acogedor y muy veraniego, el blanco tambi\u00e9n nos servir\u00e1 como base principal. Esta est\u00e9tica favorece los espacios despejados, funcionales y acogedores, ideales para el verano. \u00bfEl secreto? Combinar muebles blancos con madera clara, que aporta calidez sin sobrecargar; as\u00ed como a\u00f1adir cojines o plaids en tonos neutros y grises suaves para matizar. Por \u00faltimo, no olvides incorporar plantas y flores naturales, que aportan vida y, tambi\u00e9n, contraste visual.<\/p>\n<div class=\"v-c-cmp\">\n<div class=\"v-cmp-cmb\">\n<figure class=\"v-cmp-cmb__fig\"><figcaption class=\"v-fc\">\n<span class=\"v-fc__p\"><br \/>\nMaisons du Monde<br \/>\n<\/span><br \/>\n<\/figcaption><\/figure>\n<\/div>\n<\/div>\n<div id=\"100\" popover class=\"v-mdl v-mdl--fw\">\n<button class=\"v-x\" popovertarget=\"100\" popovertargetaction=\"hide\"><br \/>\n<span class=\"v-i\"><br \/>\n<svg width=\"24\" height=\"23.996\" viewBox=\"0 0 24 23.996\">\n<path data-name=\"Uni\u00f3n 29\" d=\"M12,14.03,2.031,24,0,21.963,9.968,12,0,2.033,2.031,0,12,9.966,21.969,0,24,2.033,14.032,12,24,21.963,21.969,24Z\" \/>\n<\/svg><br \/>\n<\/span><br \/>\n<\/button><\/p>\n<div class=\"v-mdl__c\">\n<div class=\"v-mdl__w\">\n<img loading=\"lazy\" src=\"http:\/\/hoycordobaweb.com\/wp-content\/uploads\/2025\/08\/ideas-preciosas-para-decorar-tu-salon-con-el-color-tendencia-del-verano-parecera-mas-grande-y-sera-mas-fresquito-4.jpg\" class=\"v-mdl__img-z\" width=\"624\" height=\"624\" alt=\"Imagen principal - Ideas preciosas para decorar tu sal\u00f3n con el color tendencia del verano: parecer\u00e1 m\u00e1s grande y ser\u00e1 m\u00e1s fresquito\">\n<\/div>\n<\/div>\n<\/div>\n<p><span class=\"v-bdp\"><\/span><\/p>\n<div id=\"101\" popover class=\"v-mdl v-mdl--fw\">\n<button class=\"v-x\" popovertarget=\"101\" popovertargetaction=\"hide\"><br \/>\n<span class=\"v-i\"><br \/>\n<svg width=\"24\" height=\"23.996\" viewBox=\"0 0 24 23.996\">\n<path data-name=\"Uni\u00f3n 29\" d=\"M12,14.03,2.031,24,0,21.963,9.968,12,0,2.033,2.031,0,12,9.966,21.969,0,24,2.033,14.032,12,24,21.963,21.969,24Z\" \/>\n<\/svg><br \/>\n<\/span><br \/>\n<\/button><\/p>\n<div class=\"v-mdl__c\">\n<div class=\"v-mdl__w\">\n<img loading=\"lazy\" src=\"http:\/\/hoycordobaweb.com\/wp-content\/uploads\/2025\/08\/ideas-preciosas-para-decorar-tu-salon-con-el-color-tendencia-del-verano-parecera-mas-grande-y-sera-mas-fresquito-5.jpg\" class=\"v-mdl__img-z\" width=\"363\" height=\"363\" alt=\"Imagen secundaria 1 - Ideas preciosas para decorar tu sal\u00f3n con el color tendencia del verano: parecer\u00e1 m\u00e1s grande y ser\u00e1 m\u00e1s fresquito\">\n<\/div>\n<\/div>\n<\/div>\n<p><span class=\"v-bdp\"><\/span><\/p>\n<div id=\"102\" popover class=\"v-mdl v-mdl--fw\">\n<button class=\"v-x\" popovertarget=\"102\" popovertargetaction=\"hide\"><br \/>\n<span class=\"v-i\"><br \/>\n<svg width=\"24\" height=\"23.996\" viewBox=\"0 0 24 23.996\">\n<path data-name=\"Uni\u00f3n 29\" d=\"M12,14.03,2.031,24,0,21.963,9.968,12,0,2.033,2.031,0,12,9.966,21.969,0,24,2.033,14.032,12,24,21.963,21.969,24Z\" \/>\n<\/svg><br \/>\n<\/span><br \/>\n<\/button><\/p>\n<div class=\"v-mdl__c\">\n<div class=\"v-mdl__w\">\n<img loading=\"lazy\" src=\"http:\/\/hoycordobaweb.com\/wp-content\/uploads\/2025\/08\/ideas-preciosas-para-decorar-tu-salon-con-el-color-tendencia-del-verano-parecera-mas-grande-y-sera-mas-fresquito-6.jpg\" class=\"v-mdl__img-z\" width=\"249\" height=\"363\" alt=\"Imagen secundaria 2 - Ideas preciosas para decorar tu sal\u00f3n con el color tendencia del verano: parecer\u00e1 m\u00e1s grande y ser\u00e1 m\u00e1s fresquito\">\n<\/div>\n<\/div>\n<\/div>\n<p><span class=\"v-bdp\"><\/span><\/p>\n<p class=\"voc-paragraph\">Tanto <strong>la madera como las fibras naturales<\/strong>, del yute al mimbre, son las compa\u00f1eras perfectas del blanco en la decoraci\u00f3n de verano, porque le aportan calidez y lo conectan con la naturaleza. En este caso, para conseguir un <strong>estilo rustic-chic<\/strong>, elige combinar tus piezas de madera con tonalidades m\u00e1s cercanas al blanco roto o al beige. Una apuesta segura son los muebles o adornos de madera clara o decapada, pero tambi\u00e9n puedes utlizarla en la perfiler\u00eda de puertas y ventanas, en paredes y, por supuesto, en vigas vistas.<\/p>\n<div class=\"v-c-cmp v-c-cmp--s\">\n<div class=\"v-cmp-m \">\n<article class=\"v-a v-a--cmp-m v-c-cmp--m-z\">\n<div class=\"v-a-img-c \">\n<div class=\"v-a-fig\">\n<button class=\"v-a-link\" popovertarget=\"photo-970\"><br \/>\n<img loading=\"lazy\" src=\"http:\/\/hoycordobaweb.com\/wp-content\/uploads\/2025\/08\/ideas-preciosas-para-decorar-tu-salon-con-el-color-tendencia-del-verano-parecera-mas-grande-y-sera-mas-fresquito-7.jpg\" class=\"v-a-img\" width=\"650\" height=\"650\" alt data-voc-vtm-id=\"in-text-traffic\"> <\/button><figcaption class=\"v-fc\">\n<span class=\"v-fc__p\"><br \/>\nPixabay<br \/>\n<\/span><br \/>\n<\/figcaption><\/div>\n<\/div>\n<div id=\"photo-970\" popover class=\"v-mdl v-mdl--fw\">\n<button class=\"v-x\" popovertarget=\"photo-970\" popovertargetaction=\"hide\"><br \/>\n<span class=\"v-i\"><br \/>\n<svg width=\"24\" height=\"23.996\" viewBox=\"0 0 24 23.996\">\n<path data-name=\"Uni\u00f3n 29\" d=\"M12,14.03,2.031,24,0,21.963,9.968,12,0,2.033,2.031,0,12,9.966,21.969,0,24,2.033,14.032,12,24,21.963,21.969,24Z\" \/>\n<\/svg><br \/>\n<\/span><br \/>\n<\/button><\/p>\n<div class=\"v-mdl__c\">\n<div class=\"v-mdl__w\">\n<img loading=\"lazy\" src=\"http:\/\/hoycordobaweb.com\/wp-content\/uploads\/2025\/08\/ideas-preciosas-para-decorar-tu-salon-con-el-color-tendencia-del-verano-parecera-mas-grande-y-sera-mas-fresquito-7.jpg\" class=\"v-mdl__img-z\" width=\"650\" height=\"650\" alt>\n<\/div>\n<\/div>\n<\/div>\n<p><span class=\"v-bdp\"><\/span><br \/>\n<\/article>\n<\/div>\n<\/div>\n<p class=\"voc-paragraph\">El blanco es un tono completamente neutro que act\u00faa como lienzo para hacer destacar detalles que marcan la diferencia sin romper la armon\u00eda. En verano, <strong>sus mejores aliados crom\u00e1ticos<\/strong> van a ser los tonos suaves como el arena, el verde salvia, el azul cielo o el terracota claro, que podemos intrudicr en acentos como cojines, jarrones, cer\u00e1mica pintada a mano o arte mural. Adem\u00e1s, no hay verano sin gui\u00f1o marinero, as\u00ed que puedes apostar tambi\u00e9n por elementos n\u00e1uticos y el cl\u00e1sico estampado de rayas no solo en azul, tambi\u00e9n en tonos m\u00e1s vibrantes como el amarillo, el rojo o el naranja.<\/p>\n<div class=\"v-c-cmp v-c-cmp--t1 \">\n<div class=\"v-cmp-rld v-cmp-rld--2 \">\n<div class=\"v-cnt-m v-cnt-m--m\">\n<div class=\"v-cnt-m__c\">\n<div class=\"v-cnt-m__w v-cnt-m__w--1\">\n<p class=\"v-cnt-m__t\">\nTAMBI\u00c9N TE INTERESA\n<\/p>\n<\/div>\n<\/div>\n<\/div>\n<div class=\"v-g v-g--2-c v-g--bdr-min-xs\">\n<div class=\"v-g__c \">\n<article class=\"v-a v-a--cmp-rld v-a--cmp-rld-2 v-a--p-l\">\n<div class=\"v-a-img-c\">\n<figure class=\"v-a-fig\">\n<a href=\"https:\/\/www.mujerhoy.com\/vivir\/decoracion\/muebles-terraza-jardin-ikea-conjuntos-mesa-sillas-baratos-bonitos-comedores-exterior-20250703112537-nt.html#vtm_modulosEngag=mod-rel:vivir:noticia:1:cmp:2-not\" class=\"v-a-link\" title=\"Comedores de exterior: los conjuntos de mesa y sillas m\u00e1s bonitos y c\u00f3modos para la terraza y el jard\u00edn\"><br \/>\n<img loading=\"lazy\" class=\"v-a-img\" src=\"http:\/\/hoycordobaweb.com\/wp-content\/uploads\/2025\/08\/ideas-preciosas-para-decorar-tu-salon-con-el-color-tendencia-del-verano-parecera-mas-grande-y-sera-mas-fresquito-8.jpg\" alt=\"Comedores de exterior: los conjuntos de mesa y sillas m\u00e1s bonitos y c\u00f3modos para la terraza y el jard\u00edn\"><br \/>\n<\/a><br \/>\n<\/figure>\n<\/div>\n<\/article>\n<\/div>\n<div class=\"v-g__c \">\n<article class=\"v-a v-a--cmp-rld v-a--cmp-rld-2 v-a--p-l\">\n<div class=\"v-a-img-c\">\n<figure class=\"v-a-fig\">\n<a href=\"https:\/\/www.mujerhoy.com\/vivir\/decoracion\/camas-japonesas-futones-truco-deco-habitacion-pequena-parezca-mas-grande-20250625152322-nt.html#vtm_modulosEngag=mod-rel:vivir:noticia:2:cmp:2-not\" class=\"v-a-link\" title=\"Las camas japonesas y futones con los que tu habitaci\u00f3n peque\u00f1a parecer\u00e1 mucho m\u00e1s grande\"><br \/>\n<img loading=\"lazy\" class=\"v-a-img\" src=\"http:\/\/hoycordobaweb.com\/wp-content\/uploads\/2025\/08\/ideas-preciosas-para-decorar-tu-salon-con-el-color-tendencia-del-verano-parecera-mas-grande-y-sera-mas-fresquito-9.jpg\" alt=\"Las camas japonesas y futones con los que tu habitaci\u00f3n peque\u00f1a parecer\u00e1 mucho m\u00e1s grande\"><br \/>\n<\/a><br \/>\n<\/figure>\n<\/div>\n<\/article>\n<\/div>\n<\/div>\n<\/div>\n<\/div>\n","protected":false},"excerpt":{"rendered":"<p>Ana Calvo Publicado \u00b7 4 de agosto de 2025, 10:23 h Entre todas las tendencias deco que vemos cada temporada, hay una que se mantiene inalterable, aunque con matices, un verano tras otro. Y s\u00ed, hablamos del blanco como color dominante en nuestra casa, que ya sea en su versi\u00f3n m\u00e1s pura o tamizado en [&hellip;]<\/p>\n","protected":false},"author":1,"featured_media":112978,"comment_status":"closed","ping_status":"closed","sticky":false,"template":"","format":"standard","meta":[],"categories":[],"tags":[],"_links":{"self":[{"href":"http:\/\/hoycordobaweb.com\/index.php\/wp-json\/wp\/v2\/posts\/112977"}],"collection":[{"href":"http:\/\/hoycordobaweb.com\/index.php\/wp-json\/wp\/v2\/posts"}],"about":[{"href":"http:\/\/hoycordobaweb.com\/index.php\/wp-json\/wp\/v2\/types\/post"}],"author":[{"embeddable":true,"href":"http:\/\/hoycordobaweb.com\/index.php\/wp-json\/wp\/v2\/users\/1"}],"replies":[{"embeddable":true,"href":"http:\/\/hoycordobaweb.com\/index.php\/wp-json\/wp\/v2\/comments?post=112977"}],"version-history":[{"count":0,"href":"http:\/\/hoycordobaweb.com\/index.php\/wp-json\/wp\/v2\/posts\/112977\/revisions"}],"wp:featuredmedia":[{"embeddable":true,"href":"http:\/\/hoycordobaweb.com\/index.php\/wp-json\/wp\/v2\/media\/112978"}],"wp:attachment":[{"href":"http:\/\/hoycordobaweb.com\/index.php\/wp-json\/wp\/v2\/media?parent=112977"}],"wp:term":[{"taxonomy":"category","embeddable":true,"href":"http:\/\/hoycordobaweb.com\/index.php\/wp-json\/wp\/v2\/categories?post=112977"},{"taxonomy":"post_tag","embeddable":true,"href":"http:\/\/hoycordobaweb.com\/index.php\/wp-json\/wp\/v2\/tags?post=112977"}],"curies":[{"name":"wp","href":"https:\/\/api.w.org\/{rel}","templated":true}]}}