{"id":112311,"date":"2025-07-28T17:31:50","date_gmt":"2025-07-28T17:31:50","guid":{"rendered":"http:\/\/hoycordobaweb.com\/index.php\/2025\/07\/28\/anuncian-cortes-nocturnos-en-el-puente-general-belgrano-por-obras-de-vialidad-nacional\/"},"modified":"2025-07-28T17:31:50","modified_gmt":"2025-07-28T17:31:50","slug":"anuncian-cortes-nocturnos-en-el-puente-general-belgrano-por-obras-de-vialidad-nacional","status":"publish","type":"post","link":"http:\/\/hoycordobaweb.com\/index.php\/2025\/07\/28\/anuncian-cortes-nocturnos-en-el-puente-general-belgrano-por-obras-de-vialidad-nacional\/","title":{"rendered":"Anuncian cortes nocturnos en el puente General Belgrano por obras de Vialidad Nacional"},"content":{"rendered":"<div class=\"media_block\"><\/div>\n<div><img src=\"http:\/\/hoycordobaweb.com\/wp-content\/uploads\/2025\/07\/anuncian-cortes-nocturnos-en-el-puente-general-belgrano-por-obras-de-vialidad-nacional.jpg\" class=\"ff-og-image-inserted\"><\/div>\n<p><strong>Desde el 10 de agosto<\/strong>, comenzar\u00e1n <strong>trabajos de mantenimiento<\/strong> sobre el puente General Belgrano que conecta <strong>Chaco y Corrientes<\/strong>, con <strong>reducci\u00f3n de calzada en horario nocturno<\/strong>. La intervenci\u00f3n contempla el <strong>reemplazo de juntas originales<\/strong> instaladas hace m\u00e1s de 50 a\u00f1os.<\/p>\n<p>El jefe del Distrito Corrientes de <strong>Vialidad Nacional<\/strong>, <strong>David Moulin<\/strong>, detall\u00f3 que la obra incluir\u00e1 el recambio de <strong>tres de las seis juntas Transflex<\/strong>, piezas claves para absorber los movimientos del viaducto: \u201cLo que vamos a realizar es el cambio de seis juntas Transflex que tiene el puente General Belgrano. Son juntas originarias del puente, es decir, que tienen 52 a\u00f1os\u201d.<\/p>\n<p>Las tareas estar\u00e1n a cargo de la firma <strong>Gear Logistic<\/strong>, que ya import\u00f3 las piezas desde <strong>China<\/strong>. Se prev\u00e9 que los trabajos se realicen entre el <strong>10 y el 14 de agosto<\/strong>, <strong>entre las 23:00 y las 6:00<\/strong>, sin corte total de tr\u00e1nsito pero con circulaci\u00f3n reducida a <strong>media calzada<\/strong>.<\/p>\n<p>Moulin explic\u00f3 en declaraciones a <em>Radio Libertad<\/em> que \u201c<strong>hace muchos a\u00f1os<\/strong> que se vienen realizando <strong>parches moment\u00e1neos<\/strong>, que l\u00f3gicamente no cumplen la funci\u00f3n que deben cumplir\u201d, y aclar\u00f3 que las juntas \u201c<strong>no son colgantes<\/strong>, como suele creerse, sino que unen dos partes del puente, permitiendo la dilataci\u00f3n\u201d.<\/p>\n<p>La obra tiene una <strong>duraci\u00f3n estimada de 20 d\u00edas<\/strong> y se informar\u00e1 oficialmente el cronograma definitivo en funci\u00f3n del clima. \u201cVamos a informar a toda la comunidad, tanto de Corrientes como de Resistencia, a trav\u00e9s de las p\u00e1ginas oficiales y de todos los medios que nos quieran dar una mano con la difusi\u00f3n\u201d, concluy\u00f3 el funcionario.<\/p>\n<div class=\"article__tags\">\n<p>En esta Nota<\/p>\n<\/p><\/div>\n","protected":false},"excerpt":{"rendered":"<p>Desde el 10 de agosto, comenzar\u00e1n trabajos de mantenimiento sobre el puente General Belgrano que conecta Chaco y Corrientes, con reducci\u00f3n de calzada en horario nocturno. La intervenci\u00f3n contempla el reemplazo de juntas originales instaladas hace m\u00e1s de 50 a\u00f1os. El jefe del Distrito Corrientes de Vialidad Nacional, David Moulin, detall\u00f3 que la obra incluir\u00e1 [&hellip;]<\/p>\n","protected":false},"author":1,"featured_media":112312,"comment_status":"closed","ping_status":"closed","sticky":false,"template":"","format":"standard","meta":[],"categories":[19],"tags":[247,322,1682,1564],"_links":{"self":[{"href":"http:\/\/hoycordobaweb.com\/index.php\/wp-json\/wp\/v2\/posts\/112311"}],"collection":[{"href":"http:\/\/hoycordobaweb.com\/index.php\/wp-json\/wp\/v2\/posts"}],"about":[{"href":"http:\/\/hoycordobaweb.com\/index.php\/wp-json\/wp\/v2\/types\/post"}],"author":[{"embeddable":true,"href":"http:\/\/hoycordobaweb.com\/index.php\/wp-json\/wp\/v2\/users\/1"}],"replies":[{"embeddable":true,"href":"http:\/\/hoycordobaweb.com\/index.php\/wp-json\/wp\/v2\/comments?post=112311"}],"version-history":[{"count":0,"href":"http:\/\/hoycordobaweb.com\/index.php\/wp-json\/wp\/v2\/posts\/112311\/revisions"}],"wp:featuredmedia":[{"embeddable":true,"href":"http:\/\/hoycordobaweb.com\/index.php\/wp-json\/wp\/v2\/media\/112312"}],"wp:attachment":[{"href":"http:\/\/hoycordobaweb.com\/index.php\/wp-json\/wp\/v2\/media?parent=112311"}],"wp:term":[{"taxonomy":"category","embeddable":true,"href":"http:\/\/hoycordobaweb.com\/index.php\/wp-json\/wp\/v2\/categories?post=112311"},{"taxonomy":"post_tag","embeddable":true,"href":"http:\/\/hoycordobaweb.com\/index.php\/wp-json\/wp\/v2\/tags?post=112311"}],"curies":[{"name":"wp","href":"https:\/\/api.w.org\/{rel}","templated":true}]}}