{"id":112309,"date":"2025-07-28T15:00:38","date_gmt":"2025-07-28T15:00:38","guid":{"rendered":"https:\/\/www.trendencias.com\/viajes\/turismo-puntal-santander-esta-dejando-imagenes-descorazonadoras-aquello-hecatombe"},"modified":"2025-07-28T15:00:38","modified_gmt":"2025-07-28T15:00:38","slug":"el-turismo-en-el-puntal-de-santander-esta-dejando-imagenes-descorazonadoras-aquello-es-la-hecatombe","status":"publish","type":"post","link":"http:\/\/hoycordobaweb.com\/index.php\/2025\/07\/28\/el-turismo-en-el-puntal-de-santander-esta-dejando-imagenes-descorazonadoras-aquello-es-la-hecatombe\/","title":{"rendered":"El turismo en El Puntal de Santander est\u00e1 dejando im\u00e1genes descorazonadoras: \u00abaquello es la hecatombe\u00bb"},"content":{"rendered":"<p>El Puntal de Somo, una lengua de arena que forma parte del Parque Natural de las Dunas de Liencres y Costa Quebrada, ha pasado de ser una playa familiar en la que pasar el d\u00eda, a lugar de peregrinaje para miles de j\u00f3venes que solo buscan emborracharse. No es el \u00fanico sitio que sufre con la <a class=\"text-outboundlink\" href=\"https:\/\/www.trendencias.com\/viajes\/cuando-turismo-demasiado-turismo-barcelona-baleares-canarias-se-ahogan-sobreturismo-estas-soluciones\" data-vars-post-title=\"Cuando el turismo es demasiado turismo: Barcelona, Baleares y Canarias se ahogan con el sobreturismo y estas son las soluciones\" data-vars-post-url=\"https:\/\/www.trendencias.com\/viajes\/cuando-turismo-demasiado-turismo-barcelona-baleares-canarias-se-ahogan-sobreturismo-estas-soluciones\"><u>masificaci\u00f3n tur\u00edstica<\/u><\/a>. Lo vimos con esta playa fluvial de <a class=\"text-outboundlink\" href=\"https:\/\/www.trendencias.com\/viajes\/problema-masificacion-turistica-levante-llega-a-rios-piscinas-naturales-se-nos-va-manos-no-baja-nadie-pueblo-a-banarse\" data-vars-post-title=\"El desconocido pueblo de Valencia con una playa fluvial preciosa. Antes era un refugio anti-calor, ahora es una maldici\u00f3n tur\u00edstica\" data-vars-post-url=\"https:\/\/www.trendencias.com\/viajes\/problema-masificacion-turistica-levante-llega-a-rios-piscinas-naturales-se-nos-va-manos-no-baja-nadie-pueblo-a-banarse\"><u>Antella en Valencia<\/u><\/a>, con los <a class=\"text-outboundlink\" href=\"https:\/\/www.trendencias.com\/viajes\/brihuega-lanza-sos-avalancha-turistas-campos-lavanda-favor-venid\" data-vars-post-title=\"M\u00e1s turistas que lavanda en Brihuega. Su alcalde suplica &quot;por favor&quot; ir a visitar los campos unos d\u00edas concretos de la semana\" data-vars-post-url=\"https:\/\/www.trendencias.com\/viajes\/brihuega-lanza-sos-avalancha-turistas-campos-lavanda-favor-venid\"><u>campos de lavanda en Brihuega<\/u><\/a> y ahora con Somo, una localidad de Ribamont\u00e1n al Mar en Cantabria, que ha sido testigo un a\u00f1o m\u00e1s de macrobotellones en una de sus playas.<\/p>\n<p><!-- BREAK 1 --> <\/p>\n<p>En 2024, como ya<a rel=\"noopener, noreferrer\" href=\"https:\/\/www.tiktok.com\/@informativost5\/video\/7399675509082230048?lang=es\"><u> informaba Telecinco<\/u><\/a>, hasta 5.000 personas beb\u00edan en esta playa de Santander dejando kilos de basura tras de s\u00ed que terminan en el mar en muchos casos. Este a\u00f1o, hasta el gerente del chiringuito El Puntal Tricio dec\u00eda que en los 64 a\u00f1os que lleva viviendo los veranos en esta playa, era \u201cla primera vez que ve\u00eda a tanta gente\u00bb como <a rel=\"noopener, noreferrer\" href=\"https:\/\/cadenaser.com\/cantabria\/2025\/07\/27\/el-gerente-del-chiringuito-el-puntal-tricio-tengo-74-anos-y-llevo-aqui-desde-los-10-y-es-la-primera-vez-que-veia-a-tanta-gente-radio-santander\/\"><u>aseguraba a Cadena Ser<\/u><\/a>. El alcalde de Ribamont\u00e1n al Mar, Francisco As\u00f3n, dec\u00eda a EFE que se han puesto en contacto con la Guardia Civil para poder recibir el apoyo necesario, porque ya se habla de que es <strong>\u201cuna hecatombe\u201d que se repite cada fin de semana <\/strong>en el verano.<\/p>\n<p><!-- BREAK 2 --><\/p>\n<p>Como explicaba <a rel=\"noopener, noreferrer\" href=\"https:\/\/x.com\/JuditGutirrez\/status\/1949409354186416610\"><u>en X Judit Guti\u00e9rrez<\/u><\/a>, los botellones masivos se est\u00e1n volviendo algo demasiado com\u00fan en el espacio protegido de Somo. La c\u00e1ntabra explica que existen tres problemas: \u201cBotellones multitudinarios en el Puntal, un espacio natural protegido (sic) en peligro de desaparecer\u201d, <a rel=\"noopener, noreferrer\" href=\"https:\/\/x.com\/JuditGutirrez\/status\/1949409375149277546\"><u>la \u201chormigonada del monte Arna\u201d<\/u><\/a> y la \u201c<a rel=\"noopener, noreferrer\" href=\"https:\/\/x.com\/JuditGutirrez\/status\/1949409390454337603\"><u>conversi\u00f3n de zonas verdes en parkings<\/u><\/a>\u201d. En lugar de poner l\u00edmites al turismo en espacios protegidos, se habilitan accesos y se construyen parkings.<\/p>\n<p><!-- BREAK 3 --> <\/p>\n<div class=\"article-asset-image article-asset-normal article-asset-center\">\n<div class=\"asset-content\"> <a rel=\"noopener, noreferrer\" href=\"https:\/\/x.com\/JuditGutirrez\/status\/1949409354186416610\"> <img class=\"centro_sinmarco\" height=\"1044\" width=\"956\" loading=\"lazy\" decoding=\"async\" sizes=\"100vw\" fetchpriority=\"high\" srcset=\"http:\/\/hoycordobaweb.com\/wp-content\/uploads\/2025\/07\/el-turismo-en-el-puntal-de-santander-esta-dejando-imagenes-descorazonadoras-aquello-es-la-hecatombe.jpg 450w, http:\/\/hoycordobaweb.com\/wp-content\/uploads\/2025\/07\/el-turismo-en-el-puntal-de-santander-esta-dejando-imagenes-descorazonadoras-aquello-es-la-hecatombe-3.jpg 681w, http:\/\/hoycordobaweb.com\/wp-content\/uploads\/2025\/07\/el-turismo-en-el-puntal-de-santander-esta-dejando-imagenes-descorazonadoras-aquello-es-la-hecatombe-4.jpg 1024w, http:\/\/hoycordobaweb.com\/wp-content\/uploads\/2025\/07\/el-turismo-en-el-puntal-de-santander-esta-dejando-imagenes-descorazonadoras-aquello-es-la-hecatombe-5.jpg 1366w\" src=\"http:\/\/hoycordobaweb.com\/wp-content\/uploads\/2025\/07\/el-turismo-en-el-puntal-de-santander-esta-dejando-imagenes-descorazonadoras-aquello-es-la-hecatombe.jpg\" alt=\"Playa Puntal Santander 1\"> <noscript><img alt=\"Playa Puntal Santander 1\" class=\"centro_sinmarco\" src=\"http:\/\/hoycordobaweb.com\/wp-content\/uploads\/2025\/07\/el-turismo-en-el-puntal-de-santander-esta-dejando-imagenes-descorazonadoras-aquello-es-la-hecatombe.jpg\"><\/noscript> <\/a> <\/div>\n<\/div>\n<p>Guti\u00e9rrez asegura que \u201ctodos llegan en <a rel=\"noopener, noreferrer\" href=\"https:\/\/www.losreginas.com\/paseos-en-barco-por-la-bahia-de-santander-con-escala-en-pedrena-y-somo\/horarios-y-tarifas-viaje-pedrena-somo\/\"><u>las lanchas de Regina<\/u><\/a>\u201d, una empresa que hace un recorrido mar\u00edtimo conectando Santander con la playa de Somo y que, evidentemente y ante la falta de limitaci\u00f3n, se est\u00e1 haciendo de oro. Una vez que los j\u00f3venes desembarcan, y como asegura la usuaria, \u201c<strong>esta gentuza deja repleta de basura todo a su paso<\/strong>. El Puntal, la playa de Somo y el paseo mar\u00edtimo. Arrasan con todo\u201d.<\/p>\n<p><!-- BREAK 4 --><\/p>\n<p>Junto a Guti\u00e9rrez otros usuarios aseguran que vamos \u201ccamino a repetir los mismos errores que el Levante sin poner control\u201d o que \u201cno podemos mirar a otro lado mientras se deteriora uno de los entornos m\u00e1s bellos y fr\u00e1giles de nuestra bah\u00eda\u201d. Las im\u00e1genes son, desde luego, devastadoras, pero <strong>no son nuevas y parecen estar convirti\u00e9ndose en la norma<\/strong>.<\/p>\n<p><!-- BREAK 5 --><\/p>\n<div class=\"article-asset-image article-asset-normal article-asset-center\">\n<div class=\"asset-content\"> <a rel=\"noopener, noreferrer\" href=\"https:\/\/x.com\/fergodani\/status\/1949161280901665041\"> <img class=\"centro_sinmarco\" height=\"1400\" width=\"966\" loading=\"lazy\" decoding=\"async\" sizes=\"100vw\" fetchpriority=\"high\" srcset=\"http:\/\/hoycordobaweb.com\/wp-content\/uploads\/2025\/07\/el-turismo-en-el-puntal-de-santander-esta-dejando-imagenes-descorazonadoras-aquello-es-la-hecatombe-1.jpg 450w, http:\/\/hoycordobaweb.com\/wp-content\/uploads\/2025\/07\/el-turismo-en-el-puntal-de-santander-esta-dejando-imagenes-descorazonadoras-aquello-es-la-hecatombe-6.jpg 681w, http:\/\/hoycordobaweb.com\/wp-content\/uploads\/2025\/07\/el-turismo-en-el-puntal-de-santander-esta-dejando-imagenes-descorazonadoras-aquello-es-la-hecatombe-7.jpg 1024w, http:\/\/hoycordobaweb.com\/wp-content\/uploads\/2025\/07\/el-turismo-en-el-puntal-de-santander-esta-dejando-imagenes-descorazonadoras-aquello-es-la-hecatombe-8.jpg 1366w\" src=\"http:\/\/hoycordobaweb.com\/wp-content\/uploads\/2025\/07\/el-turismo-en-el-puntal-de-santander-esta-dejando-imagenes-descorazonadoras-aquello-es-la-hecatombe-1.jpg\" alt=\"Playa Puntal Santander\"> <noscript><img alt=\"Playa Puntal Santander\" class=\"centro_sinmarco\" src=\"http:\/\/hoycordobaweb.com\/wp-content\/uploads\/2025\/07\/el-turismo-en-el-puntal-de-santander-esta-dejando-imagenes-descorazonadoras-aquello-es-la-hecatombe-1.jpg\"><\/noscript> <\/a> <\/div>\n<\/div>\n<p>Como recoge <a rel=\"noopener, noreferrer\" href=\"http:\/\/eldiario.es\/\"><u>ElDiario.es<\/u><\/a>, Izquierda Unida (IU) de Cantabria \u201cpide poner fin al \u201cdescontrol\u201d que vive este espacio natural y tur\u00edstico en los periodos estivales\u201d, y asegura que \u201cno puede volver a ser noticia nacional por im\u00e1genes de masificaci\u00f3n, incivismo o riesgo\u201d e insta al Gobierno de Cantabria a \u201cdejar de mirar hacia otro lado y asumir sus competencias de forma integral\u201d. Por su lado, Cantabristas ha denunciado que <strong>han convertido El Puntal \u201cen la Magaluf del norte\u201d <\/strong>y denuncia que \u201cCentenares de turistas vienen a nuestros entornos naturales a utilizarlos como su club privado y convertirlos en aut\u00e9nticos vertederos de basura, bolsas y pl\u00e1sticos\u201d.<\/p>\n<p><!-- BREAK 6 --> <\/p>\n<p>La playa del Puntal, a 700 metros de la Bah\u00eda de Santander, es un precioso arenal saliente de 2 kil\u00f3metros de largo que forma parte de las playas de Somo y Loredo. Solo puede accederse en barco o andando desde la Playa de Somo, pero ha dejado de ser un para\u00edso de dif\u00edcil acceso a un ejemplo m\u00e1s de masificaci\u00f3n tur\u00edstica contra la que los ciudadanos reclaman hacer algo pronto.<\/p>\n<p><!-- BREAK 7 --><\/p>\n<p>Fotos | <a rel=\"noopener, noreferrer\" href=\"https:\/\/commons.wikimedia.org\/wiki\/User:Luis_Ferm%C3%ADn_TURIEL_PEREDO\"><u>Luis Ferm\u00edn TURIEL PEREDO<\/u><\/a>, TikTok <a rel=\"noopener, noreferrer\" href=\"https:\/\/www.tiktok.com\/@postureo_cant\/video\/7531486948448439574?_r=1&amp;_t=ZN-8yOnszRzCmU\"><u>@postureo_cant<\/u><\/a><\/p>\n<p>En Trendencias | <a class=\"text-outboundlink\" href=\"https:\/\/www.trendencias.com\/viajes\/27-escapadas-espana-para-hacer-pareja-que-quiza-no-habias-pensado\" data-vars-post-title=\"Las 35 escapadas rom\u00e1nticas por Espa\u00f1a para hacer en pareja en las que quiz\u00e1 no hab\u00edas pensado\" data-vars-post-url=\"https:\/\/www.trendencias.com\/viajes\/27-escapadas-espana-para-hacer-pareja-que-quiza-no-habias-pensado\"><u>Las 35 escapadas rom\u00e1nticas por Espa\u00f1a para hacer en pareja en las que quiz\u00e1 no hab\u00edas pensado<\/u><\/a><\/p>\n","protected":false},"excerpt":{"rendered":"<p>El Puntal de Somo, una lengua de arena que forma parte del Parque Natural de las Dunas de Liencres y Costa Quebrada, ha pasado de ser una playa familiar en la que pasar el d\u00eda, a lugar de peregrinaje para miles de j\u00f3venes que solo buscan emborracharse. No es el \u00fanico sitio que sufre con [&hellip;]<\/p>\n","protected":false},"author":1,"featured_media":112310,"comment_status":"closed","ping_status":"closed","sticky":false,"template":"","format":"standard","meta":[],"categories":[],"tags":[],"_links":{"self":[{"href":"http:\/\/hoycordobaweb.com\/index.php\/wp-json\/wp\/v2\/posts\/112309"}],"collection":[{"href":"http:\/\/hoycordobaweb.com\/index.php\/wp-json\/wp\/v2\/posts"}],"about":[{"href":"http:\/\/hoycordobaweb.com\/index.php\/wp-json\/wp\/v2\/types\/post"}],"author":[{"embeddable":true,"href":"http:\/\/hoycordobaweb.com\/index.php\/wp-json\/wp\/v2\/users\/1"}],"replies":[{"embeddable":true,"href":"http:\/\/hoycordobaweb.com\/index.php\/wp-json\/wp\/v2\/comments?post=112309"}],"version-history":[{"count":0,"href":"http:\/\/hoycordobaweb.com\/index.php\/wp-json\/wp\/v2\/posts\/112309\/revisions"}],"wp:featuredmedia":[{"embeddable":true,"href":"http:\/\/hoycordobaweb.com\/index.php\/wp-json\/wp\/v2\/media\/112310"}],"wp:attachment":[{"href":"http:\/\/hoycordobaweb.com\/index.php\/wp-json\/wp\/v2\/media?parent=112309"}],"wp:term":[{"taxonomy":"category","embeddable":true,"href":"http:\/\/hoycordobaweb.com\/index.php\/wp-json\/wp\/v2\/categories?post=112309"},{"taxonomy":"post_tag","embeddable":true,"href":"http:\/\/hoycordobaweb.com\/index.php\/wp-json\/wp\/v2\/tags?post=112309"}],"curies":[{"name":"wp","href":"https:\/\/api.w.org\/{rel}","templated":true}]}}