{"id":112307,"date":"2025-07-28T15:30:37","date_gmt":"2025-07-28T15:30:37","guid":{"rendered":"https:\/\/www.trendencias.com\/shopping\/lefties-se-propone-ahorrar-espacio-nuestro-armario-nuevo-bolso-color-oliva-convertible-bandolera-cartera-noche"},"modified":"2025-07-28T15:30:37","modified_gmt":"2025-07-28T15:30:37","slug":"lefties-se-propone-ahorrar-espacio-en-nuestro-armario-con-el-nuevo-bolso-color-oliva-convertible-en-bandolera-y-en-cartera-de-noche","status":"publish","type":"post","link":"http:\/\/hoycordobaweb.com\/index.php\/2025\/07\/28\/lefties-se-propone-ahorrar-espacio-en-nuestro-armario-con-el-nuevo-bolso-color-oliva-convertible-en-bandolera-y-en-cartera-de-noche\/","title":{"rendered":"Lefties se propone ahorrar espacio en nuestro armario con el nuevo bolso color oliva convertible en bandolera y en cartera de noche"},"content":{"rendered":"<p>Uno de los colores m\u00e1s populares del verano es <strong>el verde oliva que nos acompa\u00f1ar\u00e1 tambi\u00e9n en los <\/strong><em><strong>looks<\/strong><\/em><strong> de oto\u00f1o<\/strong>. Por eso, este nuevo bolso tipo bandolera de Lefties ser\u00e1 nuestro mejor aliado para llevar nuestras pertenencias en un <em>outfit<\/em> con mucho glamour y c\u00f3modamente tanto a la <a class=\"text-outboundlink\" href=\"https:\/\/www.trendencias.com\/shopping\/como-vestir-oficina-verano-ropa-calzado-accesorios\" data-vars-post-title=\"C\u00f3mo vestir en la oficina en verano: ropa, calzado y accesorios\" data-vars-post-url=\"https:\/\/www.trendencias.com\/shopping\/como-vestir-oficina-verano-ropa-calzado-accesorios\">oficina<\/a> como a una <a class=\"text-outboundlink\" href=\"https:\/\/www.trendencias.com\/shopping\/como-vestir-para-cena-elegante-verano-ropa-zapatos-accesorios\" data-vars-post-title=\"C\u00f3mo vestir para una cena elegante en verano | Ropa, zapatos y accesorios\" data-vars-post-url=\"https:\/\/www.trendencias.com\/shopping\/como-vestir-para-cena-elegante-verano-ropa-zapatos-accesorios\">cena elegante<\/a>.&nbsp;<\/p>\n<p><!-- BREAK 1 --> <\/p>\n<p>En cuanto a combinaciones, resulta muy vers\u00e1til. Queda genial tanto con un <a class=\"text-outboundlink\" href=\"https:\/\/www.trendencias.com\/propuestas-y-consejos\/como-llevar-vestido-blanco-21-ideas-para-combinarlo-acierto\" data-vars-post-title=\"C\u00f3mo llevar un vestido blanco y nueve ideas para combinarlo con acierto \" data-vars-post-url=\"https:\/\/www.trendencias.com\/propuestas-y-consejos\/como-llevar-vestido-blanco-21-ideas-para-combinarlo-acierto\">vestido blanco<\/a> en el <strong>que se lleve todo el protagonismo<\/strong> o con unos pantalones de rayas y un top en el que se conjunten colores y texturas al m\u00e1s puro estilo de las <a class=\"text-outboundlink\" href=\"https:\/\/www.trendencias.com\/tendencias\/francesas-nordicas-estilo-que-se-lleva-chicas-portuguesas-asi-puedes-conseguirlo\" data-vars-post-title=\"Ni francesas, ni n\u00f3rdicas: el estilo que se lleva es el de las chicas portuguesas y as\u00ed puedes conseguirlo\" data-vars-post-url=\"https:\/\/www.trendencias.com\/tendencias\/francesas-nordicas-estilo-que-se-lleva-chicas-portuguesas-asi-puedes-conseguirlo\">chicas portuguesas<\/a>.&nbsp;<\/p>\n<p><!-- BREAK 2 --><\/p>\n<div class=\"article-asset-image article-asset-normal article-asset-center\">\n<div class=\"asset-content\"> <a rel=\"nofollow, sponsored, noopener, noreferrer noopener\" target=\"_blank\" class=\"js-ecommerce\" id=\"link-ecommerce-1\" href=\"https:\/\/www.webedia-afilia.com\/redirect?url=https%3A%2F%2Fwww.lefties.com%2Fes%2Fmujer%2Fnovedades%2Fbolso-multiposici%25C3%25B3n-c1030267503p693311743.html%3FcolorId%3D030%26parentId%3D693330261%23fromsearch&amp;category=shopping&amp;site=trendencias&amp;ecomPostExpiration=perish&amp;postId=645788\" data-vars-affiliate-url=\"https:\/\/www.lefties.com\/es\/mujer\/novedades\/bolso-multiposici%C3%B3n-c1030267503p693311743.html?colorId=030&amp;parentId=693330261#fromsearch\"> <img class=\"centro_sinmarco\" height=\"1542\" width=\"1024\" loading=\"lazy\" decoding=\"async\" sizes=\"100vw\" fetchpriority=\"high\" srcset=\"http:\/\/hoycordobaweb.com\/wp-content\/uploads\/2025\/07\/lefties-se-propone-ahorrar-espacio-en-nuestro-armario-con-el-nuevo-bolso-color-oliva-convertible-en-bandolera-y-en-cartera-de-noche.jpg 450w, http:\/\/hoycordobaweb.com\/wp-content\/uploads\/2025\/07\/lefties-se-propone-ahorrar-espacio-en-nuestro-armario-con-el-nuevo-bolso-color-oliva-convertible-en-bandolera-y-en-cartera-de-noche-4.jpg 681w, http:\/\/hoycordobaweb.com\/wp-content\/uploads\/2025\/07\/lefties-se-propone-ahorrar-espacio-en-nuestro-armario-con-el-nuevo-bolso-color-oliva-convertible-en-bandolera-y-en-cartera-de-noche-5.jpg 1024w, http:\/\/hoycordobaweb.com\/wp-content\/uploads\/2025\/07\/lefties-se-propone-ahorrar-espacio-en-nuestro-armario-con-el-nuevo-bolso-color-oliva-convertible-en-bandolera-y-en-cartera-de-noche-6.jpg 1366w\" src=\"http:\/\/hoycordobaweb.com\/wp-content\/uploads\/2025\/07\/lefties-se-propone-ahorrar-espacio-en-nuestro-armario-con-el-nuevo-bolso-color-oliva-convertible-en-bandolera-y-en-cartera-de-noche.jpg\" alt=\"1\"> <noscript><img alt=\"1\" class=\"centro_sinmarco\" src=\"http:\/\/hoycordobaweb.com\/wp-content\/uploads\/2025\/07\/lefties-se-propone-ahorrar-espacio-en-nuestro-armario-con-el-nuevo-bolso-color-oliva-convertible-en-bandolera-y-en-cartera-de-noche.jpg\"><\/noscript> <\/a> <\/div>\n<\/div>\n<p>Su tama\u00f1o es perfecto para guardar todo lo que necesitamos diariamente y <strong>el asa regulable es adecuada para ajustarla a la altura que deseemos<\/strong>. Adem\u00e1s, con la de mano podremos cambiar su forma y agregarle m\u00e1s rollazo.<\/p>\n<p><!-- BREAK 3 --> <\/p>\n<div class=\"article-asset-image article-asset-normal article-asset-center\">\n<div class=\"asset-content\"> <a rel=\"nofollow, sponsored, noopener, noreferrer noopener\" target=\"_blank\" class=\"js-ecommerce\" id=\"link-ecommerce-2\" href=\"https:\/\/www.webedia-afilia.com\/redirect?url=https%3A%2F%2Fwww.lefties.com%2Fes%2Fmujer%2Fnovedades%2Fbolso-multiposici%25C3%25B3n-c1030267503p693311743.html%3FcolorId%3D030%26parentId%3D693330261%23fromsearch&amp;category=shopping&amp;site=trendencias&amp;ecomPostExpiration=perish&amp;postId=645788\" data-vars-affiliate-url=\"https:\/\/www.lefties.com\/es\/mujer\/novedades\/bolso-multiposici%C3%B3n-c1030267503p693311743.html?colorId=030&amp;parentId=693330261#fromsearch\"> <img class=\"centro_sinmarco\" height=\"1542\" width=\"1024\" loading=\"lazy\" decoding=\"async\" sizes=\"100vw\" fetchpriority=\"high\" srcset=\"http:\/\/hoycordobaweb.com\/wp-content\/uploads\/2025\/07\/lefties-se-propone-ahorrar-espacio-en-nuestro-armario-con-el-nuevo-bolso-color-oliva-convertible-en-bandolera-y-en-cartera-de-noche-1.jpg 450w, http:\/\/hoycordobaweb.com\/wp-content\/uploads\/2025\/07\/lefties-se-propone-ahorrar-espacio-en-nuestro-armario-con-el-nuevo-bolso-color-oliva-convertible-en-bandolera-y-en-cartera-de-noche-7.jpg 681w, http:\/\/hoycordobaweb.com\/wp-content\/uploads\/2025\/07\/lefties-se-propone-ahorrar-espacio-en-nuestro-armario-con-el-nuevo-bolso-color-oliva-convertible-en-bandolera-y-en-cartera-de-noche-8.jpg 1024w, http:\/\/hoycordobaweb.com\/wp-content\/uploads\/2025\/07\/lefties-se-propone-ahorrar-espacio-en-nuestro-armario-con-el-nuevo-bolso-color-oliva-convertible-en-bandolera-y-en-cartera-de-noche-9.jpg 1366w\" src=\"http:\/\/hoycordobaweb.com\/wp-content\/uploads\/2025\/07\/lefties-se-propone-ahorrar-espacio-en-nuestro-armario-con-el-nuevo-bolso-color-oliva-convertible-en-bandolera-y-en-cartera-de-noche-1.jpg\" alt=\"1\"> <noscript><img alt=\"1\" class=\"centro_sinmarco\" src=\"http:\/\/hoycordobaweb.com\/wp-content\/uploads\/2025\/07\/lefties-se-propone-ahorrar-espacio-en-nuestro-armario-con-el-nuevo-bolso-color-oliva-convertible-en-bandolera-y-en-cartera-de-noche-1.jpg\"><\/noscript> <\/a> <\/div>\n<\/div>\n<p>Tiene un <strong>cierre de cremallera<\/strong> que a\u00f1ade m\u00e1s protecci\u00f3n y est\u00e1 disponible en varios colores, todos ellos atemporales. Su precio en la web oficial de Lefties es <a rel=\"nofollow, sponsored, noopener, noreferrer noopener\" target=\"_blank\" class=\"js-ecommerce\" id=\"link-ecommerce-3\" href=\"https:\/\/www.webedia-afilia.com\/redirect?url=https%3A%2F%2Fwww.lefties.com%2Fes%2Fmujer%2Fnovedades%2Fbolso-multiposici%25C3%25B3n-c1030267503p693311743.html%3FcolorId%3D030%26parentId%3D693330261%23fromsearch&amp;category=shopping&amp;site=trendencias&amp;ecomPostExpiration=perish&amp;postId=645788\" data-vars-affiliate-url=\"https:\/\/www.lefties.com\/es\/mujer\/novedades\/bolso-multiposici%C3%B3n-c1030267503p693311743.html?colorId=030&amp;parentId=693330261#fromsearch\">17,99 euros<\/a>.<\/p>\n<p><!-- BREAK 4 --><\/p>\n<h2>C\u00f3mo combinar este bolso<\/h2>\n<div class=\"article-asset-image article-asset-normal article-asset-center\">\n<div class=\"asset-content\"> <img class=\"centro_sinmarco\" height=\"1980\" width=\"1321\" loading=\"lazy\" decoding=\"async\" sizes=\"100vw\" fetchpriority=\"high\" srcset=\"http:\/\/hoycordobaweb.com\/wp-content\/uploads\/2025\/07\/lefties-se-propone-ahorrar-espacio-en-nuestro-armario-con-el-nuevo-bolso-color-oliva-convertible-en-bandolera-y-en-cartera-de-noche-2.jpg 450w, http:\/\/hoycordobaweb.com\/wp-content\/uploads\/2025\/07\/lefties-se-propone-ahorrar-espacio-en-nuestro-armario-con-el-nuevo-bolso-color-oliva-convertible-en-bandolera-y-en-cartera-de-noche-10.jpg 681w, http:\/\/hoycordobaweb.com\/wp-content\/uploads\/2025\/07\/lefties-se-propone-ahorrar-espacio-en-nuestro-armario-con-el-nuevo-bolso-color-oliva-convertible-en-bandolera-y-en-cartera-de-noche-11.jpg 1024w, http:\/\/hoycordobaweb.com\/wp-content\/uploads\/2025\/07\/lefties-se-propone-ahorrar-espacio-en-nuestro-armario-con-el-nuevo-bolso-color-oliva-convertible-en-bandolera-y-en-cartera-de-noche-12.jpg 1366w\" src=\"http:\/\/hoycordobaweb.com\/wp-content\/uploads\/2025\/07\/lefties-se-propone-ahorrar-espacio-en-nuestro-armario-con-el-nuevo-bolso-color-oliva-convertible-en-bandolera-y-en-cartera-de-noche-2.jpg\" alt=\"Milano M Str S25 1101\"> <noscript><img alt=\"Milano M Str S25 1101\" class=\"centro_sinmarco\" src=\"http:\/\/hoycordobaweb.com\/wp-content\/uploads\/2025\/07\/lefties-se-propone-ahorrar-espacio-en-nuestro-armario-con-el-nuevo-bolso-color-oliva-convertible-en-bandolera-y-en-cartera-de-noche-2.jpg\"><\/noscript> <\/div>\n<\/div>\n<p>Quiz\u00e1s te parezca un poco complicado combinar un bolso verde, pero esta propuesta del <em>street style<\/em> de Mil\u00e1n demuestra que no es dif\u00edcil y que se puede hacer con mucho estilo. <strong>La clave est\u00e1 en utilizar tonos pasteles<\/strong> como el de la blusa azul que combinada con unas bermudas b\u00e1sicas tienen como resultado un <em>look<\/em> sencillo y perfecto para cualquier d\u00eda de la semana.&nbsp;<\/p>\n<p><!-- BREAK 5 --><\/p>\n<p>Las sandalias con tac\u00f3n son un acierto, sobre todo, en conjunto m\u00e1s sofisticados e ideales para cualquier noche de verano. Sin embargo, para ir al <a class=\"text-outboundlink\" href=\"https:\/\/www.trendencias.com\/shopping\/como-vestir-elegante-trabajo-accesorios-marcan-diferencia\" data-vars-post-title=\"C\u00f3mo vestir elegante en el trabajo (los accesorios marcan la diferencia)\" data-vars-post-url=\"https:\/\/www.trendencias.com\/shopping\/como-vestir-elegante-trabajo-accesorios-marcan-diferencia\">trabajo<\/a> de lunes a viernes, <strong>unas zapatillas de estilo casual o unas bailarinas ser\u00e1n nuestras mejores aliadas.&nbsp;<\/strong><\/p>\n<p><!-- BREAK 6 --> <\/p>\n<p><em>Nota: algunos de los enlaces de este art\u00edculo son afiliados y pueden reportar un beneficio a Trendencias. En caso de no disponibilidad, las ofertas pueden variar.<\/em><\/p>\n<p><!-- BREAK 7 --><\/p>\n<p>Fotos | Lefties, Launchmetrics,<\/p>\n<p>En Trendencias | <a class=\"text-outboundlink\" href=\"https:\/\/www.trendencias.com\/eventos\/cuando-empiezan-rebajas-verano-inditex-mango-h-m-corte-ingles\" data-vars-post-title=\"Cu\u00e1ndo empiezan las rebajas de verano 2025 en Zara, Mango, H&amp;M, El Corte Ingl\u00e9s y m\u00e1s\" data-vars-post-url=\"https:\/\/www.trendencias.com\/eventos\/cuando-empiezan-rebajas-verano-inditex-mango-h-m-corte-ingles\" data-id=\"noopener noreferrer\">Cu\u00e1ndo empiezan las rebajas de verano 2025 en Zara, Mango, H&amp;M, El Corte Ingl\u00e9s y m\u00e1s<\/a><\/p>\n<p>En Trendencias | <a class=\"text-outboundlink\" href=\"https:\/\/www.trendencias.com\/propuestas-y-consejos\/nuestro-flechazo-vaqueros-wide-leg-tiro-alto-como-llevarlos-cuatro-modelos-favorecedores\" data-vars-post-title=\"Nuestro flechazo son los vaqueros wide leg de tiro alto: c\u00f3mo llevarlos y 11 formas de combinarlos con estilo\" data-vars-post-url=\"https:\/\/www.trendencias.com\/propuestas-y-consejos\/nuestro-flechazo-vaqueros-wide-leg-tiro-alto-como-llevarlos-cuatro-modelos-favorecedores\" data-id=\"noopener noreferrer\">Nuestro flechazo son los vaqueros <em>wide leg<\/em> de tiro alto: c\u00f3mo llevarlos y los diez modelos m\u00e1s favorecedores<\/a><\/p>\n<p>En Trendencias | <a class=\"text-outboundlink\" href=\"https:\/\/www.trendencias.com\/eventos\/arenal-sound-todos-conciertos-entradas-horarios-confirmados-festival\" data-vars-post-title=\"Arenal Sound 2025: todos los conciertos, entradas y horarios confirmados del festival\" data-vars-post-url=\"https:\/\/www.trendencias.com\/eventos\/arenal-sound-todos-conciertos-entradas-horarios-confirmados-festival\" data-id=\"noopener noreferrer\"><u>Arenal Sound 2025: todos los conciertos, entradas y horarios confirmados del festival<\/u><\/a><\/p>\n","protected":false},"excerpt":{"rendered":"<p>Uno de los colores m\u00e1s populares del verano es el verde oliva que nos acompa\u00f1ar\u00e1 tambi\u00e9n en los looks de oto\u00f1o. Por eso, este nuevo bolso tipo bandolera de Lefties ser\u00e1 nuestro mejor aliado para llevar nuestras pertenencias en un outfit con mucho glamour y c\u00f3modamente tanto a la oficina como a una cena elegante.&nbsp; [&hellip;]<\/p>\n","protected":false},"author":1,"featured_media":112308,"comment_status":"closed","ping_status":"closed","sticky":false,"template":"","format":"standard","meta":[],"categories":[],"tags":[],"_links":{"self":[{"href":"http:\/\/hoycordobaweb.com\/index.php\/wp-json\/wp\/v2\/posts\/112307"}],"collection":[{"href":"http:\/\/hoycordobaweb.com\/index.php\/wp-json\/wp\/v2\/posts"}],"about":[{"href":"http:\/\/hoycordobaweb.com\/index.php\/wp-json\/wp\/v2\/types\/post"}],"author":[{"embeddable":true,"href":"http:\/\/hoycordobaweb.com\/index.php\/wp-json\/wp\/v2\/users\/1"}],"replies":[{"embeddable":true,"href":"http:\/\/hoycordobaweb.com\/index.php\/wp-json\/wp\/v2\/comments?post=112307"}],"version-history":[{"count":0,"href":"http:\/\/hoycordobaweb.com\/index.php\/wp-json\/wp\/v2\/posts\/112307\/revisions"}],"wp:featuredmedia":[{"embeddable":true,"href":"http:\/\/hoycordobaweb.com\/index.php\/wp-json\/wp\/v2\/media\/112308"}],"wp:attachment":[{"href":"http:\/\/hoycordobaweb.com\/index.php\/wp-json\/wp\/v2\/media?parent=112307"}],"wp:term":[{"taxonomy":"category","embeddable":true,"href":"http:\/\/hoycordobaweb.com\/index.php\/wp-json\/wp\/v2\/categories?post=112307"},{"taxonomy":"post_tag","embeddable":true,"href":"http:\/\/hoycordobaweb.com\/index.php\/wp-json\/wp\/v2\/tags?post=112307"}],"curies":[{"name":"wp","href":"https:\/\/api.w.org\/{rel}","templated":true}]}}