{"id":11220,"date":"2021-01-28T14:33:39","date_gmt":"2021-01-28T14:33:39","guid":{"rendered":"http:\/\/fono.fcm.unc.edu.ar\/?p=5368"},"modified":"2021-01-28T14:33:39","modified_gmt":"2021-01-28T14:33:39","slug":"retorna-la-actividad-a-la-escuela","status":"publish","type":"post","link":"http:\/\/hoycordobaweb.com\/index.php\/2021\/01\/28\/retorna-la-actividad-a-la-escuela\/","title":{"rendered":"Retorna la actividad a la Escuela"},"content":{"rendered":"<h2 class=\"fusion-post-title\">Retorna la actividad a la Escuela<\/h2>\n<div class=\"post-content\" readability=\"45.479721900348\">\n<p>Luego del receso por vacaciones, en febrero retorna la actividad en la Escuela de Fonoaudiolog\u00eda.<\/p>\n<p>Durante la <strong>primera semana de febrero del 2021<\/strong> habr\u00e1 disponibilidad de turnos para el proceso de Valoraci\u00f3n F\u00edsica Pre Ingreso 2021 (que inici\u00f3 en agosto del 2020) para que los aspirantes completen los requisitos necesarios para la Inscripci\u00f3n a la Carrera.<\/p>\n<p>Se debe&nbsp;<em><strong>solicitar turno<\/strong>&nbsp;<\/em>dirigi\u00e9ndose por mail al Despacho de Alumnos de la Escuela de Fonoaudiolog\u00eda&nbsp; a&nbsp;<a href=\"https:\/\/fono.fcm.unc.edu.ar\/turnos-para-la-valoracion-fisica-pre-ingreso-2021\/despachofono@fcm.unc.edu.ar\">despachofono@fcm.unc.edu.ar<\/a><\/p>\n<p>Durante esa semana podr\u00e1n tambi\u00e9n realizar la <strong>Inscripci\u00f3n <\/strong>V\u00eda e-mail a <a href=\"https:\/\/fono.fcm.unc.edu.ar\/retorna-la-actividad-a-la-escuela\/ingresofono2021@fcm.unc.edu.ar\">ingresofono2021@fcm.unc.edu.ar<\/a><\/p>\n<p>Para consultar la documentaci\u00f3n a enviar ingrese <a href=\"http:\/\/fono.fcm.unc.edu.ar\/inscripcion-ciclo-2021-documentacion-a-entregar\/\" target=\"_blank\" rel=\"noopener noreferrer\">AQU\u00cd<\/a><\/p>\n<p>El <strong>Ciclo de Nivelaci\u00f3n<\/strong> para los aspirantes a Ingreso 2021 iniciar\u00eda el d\u00eda <strong>11 de febrero<\/strong>. Se informar\u00e1 oportunamente a trav\u00e9s de los canales oficiales de la Escuela ( redes sociales y p\u00e1gina web).<\/p>\n<\/p><\/div>\n","protected":false},"excerpt":{"rendered":"<p>Retorna la actividad a la Escuela Luego del receso por vacaciones, en febrero retorna la actividad en la Escuela de Fonoaudiolog\u00eda. Durante la primera semana de febrero del 2021 habr\u00e1 disponibilidad de turnos para el proceso de Valoraci\u00f3n F\u00edsica Pre Ingreso 2021 (que inici\u00f3 en agosto del 2020) para que los aspirantes completen los requisitos [&hellip;]<\/p>\n","protected":false},"author":1,"featured_media":0,"comment_status":"closed","ping_status":"closed","sticky":false,"template":"","format":"standard","meta":[],"categories":[1],"tags":[],"_links":{"self":[{"href":"http:\/\/hoycordobaweb.com\/index.php\/wp-json\/wp\/v2\/posts\/11220"}],"collection":[{"href":"http:\/\/hoycordobaweb.com\/index.php\/wp-json\/wp\/v2\/posts"}],"about":[{"href":"http:\/\/hoycordobaweb.com\/index.php\/wp-json\/wp\/v2\/types\/post"}],"author":[{"embeddable":true,"href":"http:\/\/hoycordobaweb.com\/index.php\/wp-json\/wp\/v2\/users\/1"}],"replies":[{"embeddable":true,"href":"http:\/\/hoycordobaweb.com\/index.php\/wp-json\/wp\/v2\/comments?post=11220"}],"version-history":[{"count":0,"href":"http:\/\/hoycordobaweb.com\/index.php\/wp-json\/wp\/v2\/posts\/11220\/revisions"}],"wp:attachment":[{"href":"http:\/\/hoycordobaweb.com\/index.php\/wp-json\/wp\/v2\/media?parent=11220"}],"wp:term":[{"taxonomy":"category","embeddable":true,"href":"http:\/\/hoycordobaweb.com\/index.php\/wp-json\/wp\/v2\/categories?post=11220"},{"taxonomy":"post_tag","embeddable":true,"href":"http:\/\/hoycordobaweb.com\/index.php\/wp-json\/wp\/v2\/tags?post=11220"}],"curies":[{"name":"wp","href":"https:\/\/api.w.org\/{rel}","templated":true}]}}