{"id":112029,"date":"2025-07-25T16:05:03","date_gmt":"2025-07-25T16:05:03","guid":{"rendered":"http:\/\/hoycordobaweb.com\/index.php\/2025\/07\/25\/edelmiro-molinari-no-existe-una-inteligencia-artificial-que-de-una-caricia-eso-no-lo-puede-inventar-nadie\/"},"modified":"2025-07-25T16:05:03","modified_gmt":"2025-07-25T16:05:03","slug":"edelmiro-molinari-no-existe-una-inteligencia-artificial-que-de-una-caricia-eso-no-lo-puede-inventar-nadie","status":"publish","type":"post","link":"http:\/\/hoycordobaweb.com\/index.php\/2025\/07\/25\/edelmiro-molinari-no-existe-una-inteligencia-artificial-que-de-una-caricia-eso-no-lo-puede-inventar-nadie\/","title":{"rendered":"Edelmiro Molinari: \u00abNo existe una inteligencia artificial que d\u00e9 una caricia, eso no lo puede inventar nadie\u00bb"},"content":{"rendered":"<div class=\"media_block\"><\/div>\n<div><img src=\"http:\/\/hoycordobaweb.com\/wp-content\/uploads\/2025\/07\/edelmiro-molinari-no-existe-una-inteligencia-artificial-que-de-una-caricia-eso-no-lo-puede-inventar-nadie.jpg\" class=\"ff-og-image-inserted\"><\/div>\n<p><strong>A sus 78 a\u00f1os, <a target=\"_blank\" href=\"https:\/\/www.perfil.com\/noticias\/cultura\/el-duro-momento-de-edelmiro-molinari-guitarrista-de-almendra-mi-familia-y-yo-nos-quedaremos-en-la-calle.phtml\" rel=\"noopener noreferrer\">Edelmiro Molinari<\/a>,<\/strong> uno de los protagonistas de la primera parte de la historia del <a target=\"_blank\" href=\"https:\/\/radio.perfil.com\/noticias\/podcasts\/david-lebon-legendario-guitarrista-del-rock-nacional.phtml\" rel=\"noopener noreferrer\">rock nacional,<\/a> vuelve a encender los motores de su m\u00fasica. Fundador de grupos emblem\u00e1ticos de los primeros a\u00f1os del rock vern\u00e1culo, como <strong>Almendra y Color Humano,<\/strong> vuelve a presentarse en vivo con una formaci\u00f3n singular, el pr\u00f3ximo 29 de julio en el Bebop Club, en la Ciudad Aut\u00f3noma de Buenos Aires. <\/p>\n<p>\u201cEstoy presentando VPower, como los motores en V, solo concentrado en guitarra y <a target=\"_blank\" href=\"https:\/\/www.perfil.com\/noticias\/espectaculos\/musicos-amigos-se-juntan-para-homenajear-a-moro-20070722-0059.phtml\" rel=\"noopener noreferrer\">bater\u00eda<\/a> a cargo de <strong>Sebasti\u00e1n Peycer\u00e9<\/strong>. <strong>Es una experiencia incre\u00edble que me lleva a lo m\u00e1s sublime,<\/strong> que es tocar liberado con otra persona y disfrutando en el tiempo y tempo\u201d, afirm\u00f3 Molinari en di\u00e1logo con PERFIL.<\/p>\n<p>Con respecto al repertorio que abarca con este formato \u00edntimo, el guitarrista recorrer\u00e1 temas desde Almendra y Color Humano hasta sus discos solitas: \u201cNo tener un repertorio armado, porque <strong>los temas van surgiendo a trav\u00e9s de lo que se genera en contacto con la gente\u201d<\/strong>.<\/p>\n<div class=\"subscription\" readability=\"6.683257918552\">\n<p> Esto no les gusta a los autoritarios <\/p>\n<div class=\"subscription__container\" readability=\"6.1467391304348\">\n<div class=\"subscription__text-wrapper\" readability=\"31.20652173913\">\n<p> El ejercicio del periodismo profesional y cr\u00edtico es un pilar fundamental de la democracia. Por eso molesta a quienes creen ser los due\u00f1os de la verdad. <\/p>\n<\/p><\/div><\/div><\/div>\n<p class=\"destacadoNota\"><a target=\"_blank\" href=\"https:\/\/www.perfil.com\/noticias\/protagonistas\/luis-alberto-spinetta-las-10-canciones-mas-escuchadas-del-inolvidable-flaco.phtml\" rel=\"noopener noreferrer\">Luis Alberto Spinetta: las historias detr\u00e1s de las 10 canciones m\u00e1s escuchadas<\/a><\/p>\n<p>Un aspecto que destaca Molinari es la presencia de j\u00f3venes escuchando su m\u00fasica: \u201cEs natural porque quieren escuchar a las fuentes. <strong>Bienvenido sea el entusiasmo de los m\u00e1s j\u00f3venes por escuchar y volar juntos con la m\u00fasica\u201d. <\/strong><\/p>\n<p>Teniendo en cuenta que form\u00f3 parte de la primera etapa del rock nacional, el guitarrista opin\u00f3 sobre la actualidad del movimiento:<strong> \u201cEl rock nacional sigue evolucionando, van cambiando y es imposible parar eso. <\/strong>Son otros tiempos, obviamente, pero me encanta ese desaf\u00edo y me gusta mucha de la m\u00fasica que hoy se toca. Hay much\u00edsimos grupos, si nombro a media docena quedo mal con muchos otros, pero hay que prestarles atenci\u00f3n porque hay quienes escriben letras incre\u00edbles o m\u00fasica impresionante\u201d. <\/p>\n<p>\u201cHay que abrir la cabeza, ese es el esp\u00edritu del rock and roll, una experiencia abierta y libre en todo, para que siga existiendo.<strong> Incluso veo formas de encarar las cosas como lo hac\u00eda Almendra en algunos grupos y m\u00fasicos<\/strong>, siempre teniendo en cuenta de que son \u00e9pocas diferentes\u201d.<\/p>\n<p>Con respecto al vigente reconocimiento a<strong> Luis Alberto Spinetta<\/strong>, con quien comparti\u00f3 Almendra, a trav\u00e9s de libros, exposiciones y homenajes sobre su obra, Molinari se\u00f1al\u00f3 que \u201cEl Flaco fue siempre b\u00e1rbaro, desde el principio hasta el d\u00eda que se fue, as\u00ed que sigue recibiendo lo que se merece\u201d.<\/p>\n<h2><strong>El futuro<\/strong><\/h2>\n<p>Con la mirada en el futuro, el m\u00fasico coment\u00f3 que<strong> \u201cestoy b\u00e1rbaro con VPower, componiendo y grabando cosas. <\/strong>Incluso hay muchas ideas y cosas que voy a concretar no solamente en este formato y que todav\u00eda no puedo adelantar\u201d.<\/p>\n<p>Desde su perspectiva, los m\u00fasicos actuales tienen un acercamiento distinto a lo nuevo con respecto a su generaci\u00f3n en la d\u00e9cada del 1969: \u201cAntes nos junt\u00e1bamos entre varios para escuchar un disco nuevo importado que pod\u00eda comprar alguno. Hoy apretando un bot\u00f3n se puede elegir m\u00e1s r\u00e1pido, sin embargo pod\u00e9s pasarte toda la vida haciendo eso y nunca vas a poder absorber toda la informaci\u00f3n, <strong>corriendo el riesgo de ser una especie de turista de la m\u00fasica\u201d.<\/strong><\/p>\n<p>Y concluy\u00f3: \u201cHay tanta informaci\u00f3n que uno puede pasar la vida mirando lo que hacen los dem\u00e1s y no hacer nada. Eso te saca la creatividad.<strong> Mirar todo el d\u00eda una pantalla te saca lo natural y es lo que le puede pasar a los chicos nuevos. <\/strong>No hay ninguna inteligencia artificial que te d\u00e9 una caricia, eso no lo puede inventar nadie\u201d.<\/p>\n<p>LM<\/p>\n","protected":false},"excerpt":{"rendered":"<p>A sus 78 a\u00f1os, Edelmiro Molinari, uno de los protagonistas de la primera parte de la historia del rock nacional, vuelve a encender los motores de su m\u00fasica. Fundador de grupos emblem\u00e1ticos de los primeros a\u00f1os del rock vern\u00e1culo, como Almendra y Color Humano, vuelve a presentarse en vivo con una formaci\u00f3n singular, el pr\u00f3ximo [&hellip;]<\/p>\n","protected":false},"author":1,"featured_media":112030,"comment_status":"closed","ping_status":"closed","sticky":false,"template":"","format":"standard","meta":[],"categories":[19],"tags":[1679,785],"_links":{"self":[{"href":"http:\/\/hoycordobaweb.com\/index.php\/wp-json\/wp\/v2\/posts\/112029"}],"collection":[{"href":"http:\/\/hoycordobaweb.com\/index.php\/wp-json\/wp\/v2\/posts"}],"about":[{"href":"http:\/\/hoycordobaweb.com\/index.php\/wp-json\/wp\/v2\/types\/post"}],"author":[{"embeddable":true,"href":"http:\/\/hoycordobaweb.com\/index.php\/wp-json\/wp\/v2\/users\/1"}],"replies":[{"embeddable":true,"href":"http:\/\/hoycordobaweb.com\/index.php\/wp-json\/wp\/v2\/comments?post=112029"}],"version-history":[{"count":0,"href":"http:\/\/hoycordobaweb.com\/index.php\/wp-json\/wp\/v2\/posts\/112029\/revisions"}],"wp:featuredmedia":[{"embeddable":true,"href":"http:\/\/hoycordobaweb.com\/index.php\/wp-json\/wp\/v2\/media\/112030"}],"wp:attachment":[{"href":"http:\/\/hoycordobaweb.com\/index.php\/wp-json\/wp\/v2\/media?parent=112029"}],"wp:term":[{"taxonomy":"category","embeddable":true,"href":"http:\/\/hoycordobaweb.com\/index.php\/wp-json\/wp\/v2\/categories?post=112029"},{"taxonomy":"post_tag","embeddable":true,"href":"http:\/\/hoycordobaweb.com\/index.php\/wp-json\/wp\/v2\/tags?post=112029"}],"curies":[{"name":"wp","href":"https:\/\/api.w.org\/{rel}","templated":true}]}}