{"id":111999,"date":"2025-07-25T00:26:38","date_gmt":"2025-07-25T00:26:38","guid":{"rendered":"https:\/\/www.ole.com.ar\/boca-juniors\/riquelme-boca-crisis-dirigencia_0_OqV2lRwxqP.html"},"modified":"2025-07-25T00:26:38","modified_gmt":"2025-07-25T00:26:38","slug":"riquelme-factura-expuesta","status":"publish","type":"post","link":"http:\/\/hoycordobaweb.com\/index.php\/2025\/07\/25\/riquelme-factura-expuesta\/","title":{"rendered":"Riquelme: factura expuesta"},"content":{"rendered":"<p><img src=\"http:\/\/hoycordobaweb.com\/wp-content\/uploads\/2025\/07\/riquelme-factura-expuesta.jpg\"><\/p>\n<p><time class=\"createDate\" datetime=\"2025-07-24T21:26:38-03:00\">24\/07\/2025 21:26hs.<\/time><\/p>\n<div id=\"storyBody\">\n<div class=\"custom-text \" readability=\"46.915975103734\">\n<p>Ahora s\u00ed, el rey qued\u00f3 desnudo, expuesto, en carne viva, vulnerable a las cosas que, al resto de los mortales, nos hacen humanos no desde la omnipotencia, sino m\u00e1s bien desde todo lo contrario: la fragilidad, lo perentorio de nuestra propia existencia. El \u00faltimo episodio de esta crisis que tiene m\u00e1s cap\u00edtulos que telenovela venezolana dej\u00f3 a <strong><a href=\"https:\/\/www.ole.com.ar\/tema\/juan-roman-riquelme.html\" title=\"Juan Rom\u00e1n Riquelme\" alt=\"Juan Rom\u00e1n Riquelme\" class=\"slug\">Juan Rom\u00e1n Riquelme<\/a><\/strong> en piel y huesos como el principal responsable, aunque no el \u00fanico, de esta debacle. En definitiva, fue el factor com\u00fan que aparece en cada uno de los escalones en el inexorable descenso al pantano de los fracasos. El responsable final que asoma en cada decisi\u00f3n que llev\u00f3 a un gigante como <strong><a href=\"https:\/\/www.ole.com.ar\/tema\/boca-juniors.html\" title=\"Boca Juniors\" alt=\"Boca Juniors\" class=\"slug\">Boca<\/a><\/strong> a no ganar ninguno de los \u00faltimos 11 campeonatos que disput\u00f3, a no jugar las \u00faltimas dos ediciones de la <a href=\"https:\/\/www.ole.com.ar\/tema\/copa-libertadores.html\" title=\"Copa Libertadores\" alt=\"Copa Libertadores\" class=\"slug\">Copa Libertadores<\/a>, a no festejar ning\u00fan t\u00edtulo desde hace casi tres a\u00f1os, de cambiar t\u00e9cnicos como corbata y de deteriorar a un plantel que deber\u00eda ser los mejores del continente.<\/p>\n<\/div>\n<div class=\"custom-text \" readability=\"41.475935828877\">\n<p><strong>Inerme ante la realidad, al presidente no le quedan fusibles por quemar,<\/strong> que no sea una parte central de su armado pol\u00edtico, de su ri\u00f1\u00f3n de gesti\u00f3n, y seguramente prefiera seguir ignorando la crisis, diluirla en las rondas interminablas de mate junto a su s\u00e9quito. Porque Rom\u00e1n ya gast\u00f3 cinco t\u00e9cnicos con los interinatos de <a href=\"https:\/\/www.ole.com.ar\/tema\/mariano-herron.html\" title=\"Mariano Herr\u00f3n\" alt=\"Mariano Herr\u00f3n\" class=\"slug\">Herr\u00f3n<\/a> en el medio, sacrific\u00f3 jugadores en sus razias espor\u00e1dicas, se despilfarr\u00f3 varias fortunas en m\u00e1s Pavones que Zidanes y ya no queda m\u00e1s que su propia figura como garante final para levantar el muerto de esta fiesta.<\/p>\n<\/div>\n<div class=\"sc-e7b891c4-0 ifHnQL image-embed\"><img alt=\"Riquelme en el \u00faltimo partido en la Bombonera (Juano Tesone).\" loading=\"lazy\" width=\"720\" height=\"100\" decoding=\"async\" data-nimg=\"1\" src=\"http:\/\/hoycordobaweb.com\/wp-content\/uploads\/2025\/07\/riquelme-factura-expuesta-2.jpg\"><span class=\"epigraphe\">Riquelme en el \u00faltimo partido en la Bombonera (Juano Tesone).<\/span><\/div>\n<div class=\"custom-text \" readability=\"50.722448979592\">\n<p>Sin nombrarlo, la Bombonera ya lo pute\u00f3, como contra Alianza e Independiente, dos de los tres fracasos estrepitosos del primer semestre (el otro, el supercl\u00e1sico, salida de <a href=\"https:\/\/www.ole.com.ar\/tema\/fernando-gago.html\" title=\"Fernando Gago\" alt=\"Fernando Gago\" class=\"slug\">Gago<\/a> incluida). El mi\u00e9rcoles, en Santiago del Estero, lo insultaron de frente manteca, con nombre y apellido, sin eufemismos ni sustantivos colectivos. <strong>\u201cEl principal responsable es Riquelme, se tiene que ir\u201d, \u201cChau Riquelme\u201d, \u201cRom\u00e1n sos el mejor jugador de la historia de Boca, pero tambi\u00e9n el peor presidente\u201d, \u201cEl culpable de esta debacle de Boca es de la dirigencia y principalmente de Riquelme\u201d y \u201cNo s\u00e9 qu\u00e9 carajo est\u00e1 pasando con Riquelme, Russo y los jugadores\u201d, <\/strong>fueron algunos de los fuertes mensajes a la salida de la cancha.<\/p>\n<\/div>\n<div class=\"custom-text \" readability=\"38\">\n<p>Las redes sociales y las encuestas tampoco, ya, gastan en eufemismo. En la encuesta de <strong>Ol\u00e9<\/strong>, casi el 80% de los consultados lo se\u00f1alan como el culpable de la crisis. La de Clarin dice algo parecido. Simplemente, ya no hay m\u00e1s a qui\u00e9n culpar.<\/p>\n<\/div>\n<div class=\"custom-text \" readability=\"39\">\n<p>Debe agradecer el presidente que el pr\u00f3ximo partido Boca lo juega de visitante, el domingo en el Duc\u00f3. Y que el pr\u00f3ximo partido en la Bombonera ser\u00e1 15 d\u00edas despu\u00e9s, y en ese tiempo quiz\u00e1 la espuma de la indignaci\u00f3n baje un poco. Pero \u00e9l m\u00e1s que nadie sabe que al primer tropez\u00f3n volver\u00e1 a subir con la fuerza de un volc\u00e1n en erupci\u00f3n. Y el rival, Racing, es quiz\u00e1 el peor que le podr\u00eda tocar en este contexto&#8230;<\/p>\n<\/div>\n<div class=\"custom-text \" readability=\"39\">\n<p>Riquelme est\u00e1 ante una crisis pol\u00edtica que amenaza su propio proyecto, a dos a\u00f1os de las pr\u00f3ximas elecciones presidenciales. Lo que har\u00eda otro pol\u00edtico en su lugar (Rom\u00e1n lo es, aunque no sea uno tradicional) ser\u00eda oxigenar su gesti\u00f3n. Como hacen los presidentes con los ministros de Econom\u00eda cuando se dispara el d\u00f3lar o la inflaci\u00f3n se descontrola. En otras palabras,<strong> lo m\u00e1s sano ser\u00eda remover a todo el Consejo de F\u00fatbol y traer una figura de prestigio en su lugar. <\/strong>En otras palabras, resignar poder para ganar gesti\u00f3n y poder recuperarlo despu\u00e9s. Pero eso no est\u00e1 en su ADN. All\u00e1 \u00e9l.<\/p>\n<\/div>\n<div class=\"custom-text \" readability=\"37\">\n<p>En el medio, <strong>Miguel Russo qued\u00f3 muy herido<\/strong>, pero esa botonera est\u00e1 por el momento anulada. Boca tiene esto y con esto deber\u00e1 ganar el campeonato, aunque a esta altura parece una misi\u00f3n casi imposible.<\/p>\n<\/div>\n<div class=\"custom-text \" readability=\"41.94833153929\">\n<p>La \u00fanica iniciativa de Rom\u00e1n, en el post eliminaci\u00f3n, fue una charla cruda con el plantel. \u201cTraguen saliva, agachen la cabeza y saquen esto adelante porque de ac\u00e1 se sale ganando nada m\u00e1s\u201d, fueron b\u00e1sicamente las palabras que trascendieron que dijo Riquelme. Y tom\u00f3 como referencia a Cavani y a Paredes. \u00abEllos dos tiene que ser campeones en Boca. Tenemos que ser campeones por ellos dos\u201d, agreg\u00f3. \u00bfAlcanza? Sacando eso, la \u00fanica reacci\u00f3n del oficialismo <a href=\"https:\/\/www.ole.com.ar\/boca-juniors\/boca-serna-consejo-futbol-autocritica_0_ZD2ThYzE6R.html\" target=\"_self\" title=\"fue sacar a la cancha a Chicho Serna a ensayar una autocr\u00edtica\" alt=\"fue sacar a la cancha a Chicho Serna a ensayar una autocr\u00edtica\" rel=\"noopener noreferrer\">fue sacar a la cancha a Chicho Serna a ensayar una autocr\u00edtica<\/a> a modo de control de da\u00f1os. Ante la situaci\u00f3n de un a\u00f1o desastroso parece una respuesta de escaso calibre. Deber\u00eda haber sido el propio Riquelme el que saliera a dar explicaciones, a poner el cuerpo al mal momento, a dar la cara ante el hincha. Pero ante eso mand\u00f3 a un integrante del Consejo, justo la oficina m\u00e1s cuestionada por el hincha, a tratar de calmar a las fieras. No sucedi\u00f3.<\/p>\n<\/div>\n<div class=\"custom-text \" readability=\"34\">\n<p>El d\u00eda cerr\u00f3 con una buena noticia para el oficialismo: una convocatoria anti Riquelme lanzada por cuentas del macrismo en X no tuvo eco: hubo m\u00e1s polic\u00edas que hinchas. Se\u00f1al que por ahora la gente observa y se\u00f1ala y espera alguna reacci\u00f3n que est\u00e9 a la altura&#8230;<\/p>\n<\/div>\n<div class=\"sc-e7b891c4-0 ifHnQL image-embed\"><img alt=\"La marcha contra Riquelme: poca convocatoria (Mart\u00edn Bonetto).\" loading=\"lazy\" width=\"720\" height=\"100\" decoding=\"async\" data-nimg=\"1\" src=\"http:\/\/hoycordobaweb.com\/wp-content\/uploads\/2025\/07\/riquelme-factura-expuesta-3.jpg\"><span class=\"epigraphe\">La marcha contra Riquelme: poca convocatoria (Mart\u00edn Bonetto).<\/span><\/div>\n<p><h2><strong>La encuesta Ol\u00e9<\/strong><\/h2>\n<\/p>\n<p><h2><strong>El partido en Santiago del Estero<\/strong><\/h2>\n<\/p>\n<div class=\"sc-3c5a76cc-1 idjLTd\">\n<div class=\"sc-d00d9e74-0 hnHYbk\" type=\"embed\">\n<div class=\"sc-d00d9e74-1 iKVbz videoText\" id=\"contentTitleembedVKR2DZ6T\" type=\"embed\"><svg fill=\"#ffffff\"><symbol id=\"play\" viewBox=\"0 0 512 512\"><path d=\"M512 256C512 397.4 397.4 512 256 512C114.6 512 0 397.4 0 256C0 114.6 114.6 0 256 0C397.4 0 512 114.6 512 256zM176 168V344C176 352.7 180.7 360.7 188.3 364.9C195.8 369.2 205.1 369 212.5 364.5L356.5 276.5C363.6 272.1 368 264.4 368 256C368 247.6 363.6 239.9 356.5 235.5L212.5 147.5C205.1 142.1 195.8 142.8 188.3 147.1C180.7 151.3 176 159.3 176 168V168z\" \/><\/symbol><use xlink:href=\"#play\" \/><\/svg><\/p>\n<div class=\"right\">\n<p>Copa Argentina<!-- --> &#8211; <span>&nbsp;<\/span><\/p>\n<h2 class=\"title-vid\">Atl\u00e9tico Tucum\u00e1n le gan\u00f3 a Boca 2 a 1 por Copa Argentina<\/h2>\n<\/div>\n<\/div>\n<p><span class=\"back\" id=\"spanBackembedVKR2DZ6T\"><\/span><\/div>\n<div class=\"JWvideoNota_title\">\n<p>Fuente: TyC Sports<\/p>\n<\/div>\n<\/div>\n<div class=\"sc-a7166897-0 eoLsBE\" readability=\"6.5\">\n<section readability=\"3\"><picture><img alt=\"Otra se\u00f1al de la crisis: Boca igual\u00f3 sus peores rachas hist\u00f3ricas sin ganar y sum\u00f3 otros n\u00fameros alarmantes\" loading=\"lazy\" width=\"290\" height=\"290\" decoding=\"async\" data-nimg=\"1\" src=\"http:\/\/hoycordobaweb.com\/wp-content\/uploads\/2025\/07\/riquelme-factura-expuesta-4.jpg\"><\/picture>\n<p><span>Mir\u00e1 tambi\u00e9n<\/span><\/p>\n<hr>\n<h3>Otra se\u00f1al de la crisis: Boca igual\u00f3 sus peores rachas hist\u00f3ricas sin ganar y sum\u00f3 otros n\u00fameros alarmantes<\/h3>\n<\/p>\n<\/section>\n<\/div>\n<div class=\"sc-a7166897-0 eoLsBE\" readability=\"6\">\n<section readability=\"2\"><picture><img alt=\"Boca anunci\u00f3 la rescisi\u00f3n del contrato de un jugador apartado por Russo\" loading=\"lazy\" width=\"290\" height=\"290\" decoding=\"async\" data-nimg=\"1\" src=\"http:\/\/hoycordobaweb.com\/wp-content\/uploads\/2025\/07\/riquelme-factura-expuesta-5.jpg\"><\/picture>\n<p><span>Mir\u00e1 tambi\u00e9n<\/span><\/p>\n<hr>\n<h3>Boca anunci\u00f3 la rescisi\u00f3n del contrato de un jugador apartado por Russo<\/h3>\n<\/p>\n<\/section>\n<\/div>\n<\/div>\n","protected":false},"excerpt":{"rendered":"<p>24\/07\/2025 21:26hs. Ahora s\u00ed, el rey qued\u00f3 desnudo, expuesto, en carne viva, vulnerable a las cosas que, al resto de los mortales, nos hacen humanos no desde la omnipotencia, sino m\u00e1s bien desde todo lo contrario: la fragilidad, lo perentorio de nuestra propia existencia. El \u00faltimo episodio de esta crisis que tiene m\u00e1s cap\u00edtulos que [&hellip;]<\/p>\n","protected":false},"author":1,"featured_media":112000,"comment_status":"open","ping_status":"closed","sticky":false,"template":"","format":"standard","meta":[],"categories":[16],"tags":[],"_links":{"self":[{"href":"http:\/\/hoycordobaweb.com\/index.php\/wp-json\/wp\/v2\/posts\/111999"}],"collection":[{"href":"http:\/\/hoycordobaweb.com\/index.php\/wp-json\/wp\/v2\/posts"}],"about":[{"href":"http:\/\/hoycordobaweb.com\/index.php\/wp-json\/wp\/v2\/types\/post"}],"author":[{"embeddable":true,"href":"http:\/\/hoycordobaweb.com\/index.php\/wp-json\/wp\/v2\/users\/1"}],"replies":[{"embeddable":true,"href":"http:\/\/hoycordobaweb.com\/index.php\/wp-json\/wp\/v2\/comments?post=111999"}],"version-history":[{"count":0,"href":"http:\/\/hoycordobaweb.com\/index.php\/wp-json\/wp\/v2\/posts\/111999\/revisions"}],"wp:featuredmedia":[{"embeddable":true,"href":"http:\/\/hoycordobaweb.com\/index.php\/wp-json\/wp\/v2\/media\/112000"}],"wp:attachment":[{"href":"http:\/\/hoycordobaweb.com\/index.php\/wp-json\/wp\/v2\/media?parent=111999"}],"wp:term":[{"taxonomy":"category","embeddable":true,"href":"http:\/\/hoycordobaweb.com\/index.php\/wp-json\/wp\/v2\/categories?post=111999"},{"taxonomy":"post_tag","embeddable":true,"href":"http:\/\/hoycordobaweb.com\/index.php\/wp-json\/wp\/v2\/tags?post=111999"}],"curies":[{"name":"wp","href":"https:\/\/api.w.org\/{rel}","templated":true}]}}