{"id":111904,"date":"2025-07-24T00:58:28","date_gmt":"2025-07-24T00:58:28","guid":{"rendered":"https:\/\/www.ole.com.ar\/copa-argentina\/video-ida-vuelta-mateo-coronel-leandro-paredes_0_D9TOYzATJY.html"},"modified":"2025-07-24T00:58:28","modified_gmt":"2025-07-24T00:58:28","slug":"video-el-ida-y-vuelta-entre-mateo-coronel-y-leandro-paredes","status":"publish","type":"post","link":"http:\/\/hoycordobaweb.com\/index.php\/2025\/07\/24\/video-el-ida-y-vuelta-entre-mateo-coronel-y-leandro-paredes\/","title":{"rendered":"Video: el ida y vuelta entre Mateo Coronel y Leandro Paredes"},"content":{"rendered":"<p><img src=\"http:\/\/hoycordobaweb.com\/wp-content\/uploads\/2025\/07\/video-el-ida-y-vuelta-entre-mateo-coronel-y-leandro-paredes.jpg\"><\/p>\n<p><span class=\"createDate\">23\/07\/2025 21:58hs.<\/span><time class=\"modificatedDate\" datetime=\"2025-07-23T22:36:46-03:00\"> Actualizado al 23\/07\/2025 22:36hs.<\/time><\/p>\n<div id=\"storyBody\">\n<div class=\"custom-text \" readability=\"30.642857142857\">\n<p>Iban cinco minutos de juego cuando <a href=\"https:\/\/www.ole.com.ar\/tema\/leandro-paredes.html\" title=\"Leandro Paredes\" alt=\"Leandro Paredes\" class=\"slug\">Leandro Paredes<\/a> intent\u00f3 interceptar a <a href=\"https:\/\/www.ole.com.ar\/tema\/mateo-coronel.html\" title=\"Mateo Coronel\" alt=\"Mateo Coronel\" class=\"slug\">Mateo Coronel <\/a>pero termin\u00f3 pis\u00e1ndole el tobillo desde atr\u00e1s. <strong>El delantero de <a href=\"https:\/\/www.ole.com.ar\/tema\/atletico-tucuman.html\" title=\"Atl\u00e9tico Tucum\u00e1n\" alt=\"Atl\u00e9tico Tucum\u00e1n\" class=\"slug\">Atl\u00e9tico Tucum\u00e1n<\/a> qued\u00f3 tendido en el suelo y se mostr\u00f3 muy dolorido, pero el volante de <a href=\"https:\/\/www.ole.com.ar\/tema\/boca-juniors.html\" title=\"Boca Juniors\" alt=\"Boca Juniors\" class=\"slug\">Boca<\/a> se salv\u00f3 de la amarilla. <\/strong>De lo que no se salv\u00f3 fue de la devoluci\u00f3n de su rival&#8230;<\/p>\n<\/div>\n<div class=\"custom-text \" readability=\"39\">\n<p>Apenas tres minutos despu\u00e9s, Coronel fue a presionar a Paredes, pero con un \u00edmpetu extra, y lo embisti\u00f3 con el brazo arriba tir\u00e1ndolo al suelo. El volante de Boca tambi\u00e9n se mostr\u00f3 dolorido y el jugador de Atl\u00e9tico le extendi\u00f3 la mano r\u00e1pido para pedirle disculpas, <strong>pero el #5 no quiso saber nada.<\/strong><\/p>\n<\/div>\n<div class=\"custom-text \" readability=\"38\">\n<p>De hecho, Paredes termin\u00f3 molesto solt\u00e1ndole algunas palabras a Coronel, mientras el futbolista de Atl\u00e9tico, para evitar estirar ese ida y vuelta, no contest\u00f3.<strong> Tambi\u00e9n se salv\u00f3 de la amarilla y solo hubo un llamado de atenci\u00f3n por parte del \u00e1rbitro Hern\u00e1n Mastr\u00e1ngelo.<\/strong><\/p>\n<\/div>\n<div class=\"custom-text \" readability=\"35\">\n<p>En el entretiempo, Coronel fue reemplazado por Mateo Bajamich, luego de que se le inflamara la parte de atr\u00e1s de su tobillo producto de ese pisot\u00f3n. Se lo vio con chancletas y rengueando.<\/p>\n<\/div>\n<p><h2><strong>El video<\/strong><\/h2>\n<\/p>\n<div class=\"sc-3c5a76cc-1 idjLTd\">\n<div class=\"sc-d00d9e74-0 hnHYbk\" type=\"embed\">\n<div class=\"sc-d00d9e74-1 iKVbz videoText\" id=\"contentTitleembedv5bBFJrP\" type=\"embed\"><svg fill=\"#ffffff\"><symbol id=\"play\" viewBox=\"0 0 512 512\"><path d=\"M512 256C512 397.4 397.4 512 256 512C114.6 512 0 397.4 0 256C0 114.6 114.6 0 256 0C397.4 0 512 114.6 512 256zM176 168V344C176 352.7 180.7 360.7 188.3 364.9C195.8 369.2 205.1 369 212.5 364.5L356.5 276.5C363.6 272.1 368 264.4 368 256C368 247.6 363.6 239.9 356.5 235.5L212.5 147.5C205.1 142.1 195.8 142.8 188.3 147.1C180.7 151.3 176 159.3 176 168V168z\" \/><\/symbol><use xlink:href=\"#play\" \/><\/svg><\/p>\n<div class=\"right\">\n<p>Leandro Paredes<!-- --> &#8211; <span>&nbsp;<\/span><\/p>\n<h2 class=\"title-vid\">El ida y vuelta entre Coronel y Paredes en Boca &#8211; Atl\u00e9tico Tucum\u00e1n<\/h2>\n<\/div>\n<\/div>\n<p><span class=\"back\" id=\"spanBackembedv5bBFJrP\"><\/span><\/div>\n<div class=\"JWvideoNota_title\">\n<p>Fuente: TyC Sports<\/p>\n<\/div>\n<\/div>\n<div class=\"sc-a7166897-0 eoLsBE\" readability=\"6.5\">\n<section readability=\"3\"><picture><img alt=\"Otro golpe dur\u00edsimo a un Boca en llamas: perdi\u00f3 2-1 con Atl\u00e9tico Tucum\u00e1n y qued\u00f3 afuera de la Copa Argentina\" loading=\"lazy\" width=\"290\" height=\"290\" decoding=\"async\" data-nimg=\"1\" src=\"http:\/\/hoycordobaweb.com\/wp-content\/uploads\/2025\/07\/video-el-ida-y-vuelta-entre-mateo-coronel-y-leandro-paredes-2.jpg\"><\/picture>\n<p><span>Mir\u00e1 tambi\u00e9n<\/span><\/p>\n<hr>\n<h3>Otro golpe dur\u00edsimo a un Boca en llamas: perdi\u00f3 2-1 con Atl\u00e9tico Tucum\u00e1n y qued\u00f3 afuera de la Copa Argentina<\/h3>\n<\/p>\n<\/section>\n<\/div>\n<div class=\"sc-a7166897-0 eoLsBE\" readability=\"6\">\n<section readability=\"2\"><picture><img alt=\"Fabra titular: por qu\u00e9 Russo lo revivi\u00f3 cuando parec\u00eda afuera de Boca\" loading=\"lazy\" width=\"290\" height=\"290\" decoding=\"async\" data-nimg=\"1\" src=\"http:\/\/hoycordobaweb.com\/wp-content\/uploads\/2025\/07\/video-el-ida-y-vuelta-entre-mateo-coronel-y-leandro-paredes-3.jpg\"><\/picture>\n<p><span>Mir\u00e1 tambi\u00e9n<\/span><\/p>\n<hr>\n<h3>Fabra titular: por qu\u00e9 Russo lo revivi\u00f3 cuando parec\u00eda afuera de Boca<\/h3>\n<\/p>\n<\/section>\n<\/div>\n<div class=\"sc-a7166897-0 eoLsBE\" readability=\"6.5\">\n<section readability=\"3\"><picture><img alt=\"Las dos noticias que sacuden a Saracchi: se cay\u00f3 su pase al Rojo y Fabra va de titular\" loading=\"lazy\" width=\"290\" height=\"290\" decoding=\"async\" data-nimg=\"1\" src=\"http:\/\/hoycordobaweb.com\/wp-content\/uploads\/2025\/07\/video-el-ida-y-vuelta-entre-mateo-coronel-y-leandro-paredes-4.jpg\"><\/picture>\n<p><span>Mir\u00e1 tambi\u00e9n<\/span><\/p>\n<hr>\n<h3>Las dos noticias que sacuden a Saracchi: se cay\u00f3 su pase al Rojo y Fabra va de titular<\/h3>\n<\/p>\n<\/section>\n<\/div>\n<\/div>\n","protected":false},"excerpt":{"rendered":"<p>23\/07\/2025 21:58hs. Actualizado al 23\/07\/2025 22:36hs. Iban cinco minutos de juego cuando Leandro Paredes intent\u00f3 interceptar a Mateo Coronel pero termin\u00f3 pis\u00e1ndole el tobillo desde atr\u00e1s. El delantero de Atl\u00e9tico Tucum\u00e1n qued\u00f3 tendido en el suelo y se mostr\u00f3 muy dolorido, pero el volante de Boca se salv\u00f3 de la amarilla. De lo que no [&hellip;]<\/p>\n","protected":false},"author":1,"featured_media":111905,"comment_status":"open","ping_status":"closed","sticky":false,"template":"","format":"standard","meta":[],"categories":[16],"tags":[],"_links":{"self":[{"href":"http:\/\/hoycordobaweb.com\/index.php\/wp-json\/wp\/v2\/posts\/111904"}],"collection":[{"href":"http:\/\/hoycordobaweb.com\/index.php\/wp-json\/wp\/v2\/posts"}],"about":[{"href":"http:\/\/hoycordobaweb.com\/index.php\/wp-json\/wp\/v2\/types\/post"}],"author":[{"embeddable":true,"href":"http:\/\/hoycordobaweb.com\/index.php\/wp-json\/wp\/v2\/users\/1"}],"replies":[{"embeddable":true,"href":"http:\/\/hoycordobaweb.com\/index.php\/wp-json\/wp\/v2\/comments?post=111904"}],"version-history":[{"count":0,"href":"http:\/\/hoycordobaweb.com\/index.php\/wp-json\/wp\/v2\/posts\/111904\/revisions"}],"wp:featuredmedia":[{"embeddable":true,"href":"http:\/\/hoycordobaweb.com\/index.php\/wp-json\/wp\/v2\/media\/111905"}],"wp:attachment":[{"href":"http:\/\/hoycordobaweb.com\/index.php\/wp-json\/wp\/v2\/media?parent=111904"}],"wp:term":[{"taxonomy":"category","embeddable":true,"href":"http:\/\/hoycordobaweb.com\/index.php\/wp-json\/wp\/v2\/categories?post=111904"},{"taxonomy":"post_tag","embeddable":true,"href":"http:\/\/hoycordobaweb.com\/index.php\/wp-json\/wp\/v2\/tags?post=111904"}],"curies":[{"name":"wp","href":"https:\/\/api.w.org\/{rel}","templated":true}]}}