{"id":111898,"date":"2025-07-12T16:47:54","date_gmt":"2025-07-12T16:47:54","guid":{"rendered":"https:\/\/manoamanocba.com.ar\/?p=7180"},"modified":"2025-07-12T16:47:54","modified_gmt":"2025-07-12T16:47:54","slug":"enrique-graf-presenta-el-concierto-en-fa-mayor","status":"publish","type":"post","link":"http:\/\/hoycordobaweb.com\/index.php\/2025\/07\/12\/enrique-graf-presenta-el-concierto-en-fa-mayor\/","title":{"rendered":"Enrique Graf presenta el concierto en Fa Mayor"},"content":{"rendered":"<div><img src=\"http:\/\/hoycordobaweb.com\/wp-content\/uploads\/2025\/07\/enrique-graf-presenta-el-concierto-en-fa-mayor.png\" class=\"ff-og-image-inserted\"><\/div>\n<div class=\"xdj266r x14z9mp xat24cr x1lziwak x1vvkbs x126k92a\" readability=\"14\">\n<p>La Fundaci\u00f3n Pro Arte C\u00f3rdoba presenta, en la continuidad de su Ciclo de Abono 2025, al famoso pianista Enrique Graf interpretando el Concierto en Fa Mayor de Gershwin junto a la Orquesta Sinf\u00f3nica de C\u00f3rdoba, dirigida por el maestro JongWhi Vakh. El concierto tiene claras alusiones a la m\u00fasica jazz y tambi\u00e9n a la francesa, que Gershwin admiraba.<\/p>\n<\/p><\/div>\n<p>El programa se completa con la Obertura de El Barbero de Sevilla de Rossini y la 5\u00b0 Sinfon\u00eda de Tchaikovsky.<\/p>\n<div class=\"x14z9mp xat24cr x1lziwak x1vvkbs xtlvy1s x126k92a\" readability=\"12\">\n<p>La presentaci\u00f3n sera este viernes 18 de julio, a las 20, en una gran oportunidad para conocer a este pianista uruguayo con una carrera internacional impresionante que llega a C\u00f3rdoba por primera vez, en un concierto excepcional.<\/p>\n<\/div>\n<div class=\"x14z9mp xat24cr x1lziwak x1vvkbs xtlvy1s x126k92a\" readability=\"8\">\n<p>Las entradas se encuentran a la venta en la boleter\u00eda del Teatro y en Autoentrada y sus valores son:<\/p>\n<\/div>\n<div class=\"x14z9mp xat24cr x1lziwak x1vvkbs xtlvy1s x126k92a\" readability=\"7\">\n<p>\u2023 Para\u00edsos $10.000<\/p>\n<p>\u2023 Tertulias $20.000<\/p>\n<p>\u2023 Cazuelas $25.000<\/p>\n<p>\u2023 Plateas $30.000<\/p>\n<p>\u2023 Palcos Cazuelas $80.000<\/p>\n<p>\u2023 Palcos $100.000<\/p>\n<\/div>\n","protected":false},"excerpt":{"rendered":"<p>La Fundaci\u00f3n Pro Arte C\u00f3rdoba presenta, en la continuidad de su Ciclo de Abono 2025, al famoso pianista Enrique Graf interpretando el Concierto en Fa Mayor de Gershwin junto a la Orquesta Sinf\u00f3nica de C\u00f3rdoba, dirigida por el maestro JongWhi Vakh. El concierto tiene claras alusiones a la m\u00fasica jazz y tambi\u00e9n a la francesa, [&hellip;]<\/p>\n","protected":false},"author":1,"featured_media":111899,"comment_status":"closed","ping_status":"closed","sticky":false,"template":"","format":"standard","meta":[],"categories":[19],"tags":[],"_links":{"self":[{"href":"http:\/\/hoycordobaweb.com\/index.php\/wp-json\/wp\/v2\/posts\/111898"}],"collection":[{"href":"http:\/\/hoycordobaweb.com\/index.php\/wp-json\/wp\/v2\/posts"}],"about":[{"href":"http:\/\/hoycordobaweb.com\/index.php\/wp-json\/wp\/v2\/types\/post"}],"author":[{"embeddable":true,"href":"http:\/\/hoycordobaweb.com\/index.php\/wp-json\/wp\/v2\/users\/1"}],"replies":[{"embeddable":true,"href":"http:\/\/hoycordobaweb.com\/index.php\/wp-json\/wp\/v2\/comments?post=111898"}],"version-history":[{"count":0,"href":"http:\/\/hoycordobaweb.com\/index.php\/wp-json\/wp\/v2\/posts\/111898\/revisions"}],"wp:featuredmedia":[{"embeddable":true,"href":"http:\/\/hoycordobaweb.com\/index.php\/wp-json\/wp\/v2\/media\/111899"}],"wp:attachment":[{"href":"http:\/\/hoycordobaweb.com\/index.php\/wp-json\/wp\/v2\/media?parent=111898"}],"wp:term":[{"taxonomy":"category","embeddable":true,"href":"http:\/\/hoycordobaweb.com\/index.php\/wp-json\/wp\/v2\/categories?post=111898"},{"taxonomy":"post_tag","embeddable":true,"href":"http:\/\/hoycordobaweb.com\/index.php\/wp-json\/wp\/v2\/tags?post=111898"}],"curies":[{"name":"wp","href":"https:\/\/api.w.org\/{rel}","templated":true}]}}