{"id":111814,"date":"2025-07-23T14:32:14","date_gmt":"2025-07-23T14:32:14","guid":{"rendered":"https:\/\/www.mujerhoy.com\/moda\/no-te-pierdas\/infanta-sofia-hereda-anillo-letizia-look-oficina-formal-20250723161219-nt.html"},"modified":"2025-07-23T14:32:14","modified_gmt":"2025-07-23T14:32:14","slug":"la-infanta-sofia-sorprende-en-giron-hereda-el-anillo-mas-especial-de-su-madre-y-se-pone-un-look-de-oficina","status":"publish","type":"post","link":"http:\/\/hoycordobaweb.com\/index.php\/2025\/07\/23\/la-infanta-sofia-sorprende-en-giron-hereda-el-anillo-mas-especial-de-su-madre-y-se-pone-un-look-de-oficina\/","title":{"rendered":"La infanta Sof\u00eda sorprende en Giron: hereda el anillo m\u00e1s especial de su madre y se pone un look de oficina"},"content":{"rendered":"<p><!-- AUTHOR --><\/p>\n<div class=\"voc-author-timesocial \">\n<!-- AUTHOR --><\/p>\n<div class=\"voc-author-timesocial__signature \">\n<!-- IMAGE AUTHOR -->\n<picture class=\"voc-image-signature\">\n<img class=\"voc-image-signature__img\" src=\"http:\/\/hoycordobaweb.com\/wp-content\/uploads\/2025\/07\/la-infanta-sofia-sorprende-en-giron-hereda-el-anillo-mas-especial-de-su-madre-y-se-pone-un-look-de-oficina.jpg\" alt=\"Raquel Rodr\u00edguez\">\n<\/picture>\n<!-- INFO AUTHOR --> <\/div><\/div>\n<p><!-- COMPONENTS --><\/p>\n<p class=\"voc-paragraph\">La<a href=\"https:\/\/www.mujerhoy.com\/temas\/personajes\/infanta-sofia-de-borbon.html\" title=\"www.mujerhoy.com\" data-voc-vtm-id=\"in-text-traffic\" data-mrf-link=\"www.mujerhoy.com\"> infanta Sof\u00eda<\/a>, reci\u00e9n graduada del bachillerato,<strong> ha regresado a Espa\u00f1a <\/strong>por todo lo alto participando en varios de los actos de la familia real espa\u00f1ola. La vimos aparecer por sorpresa con <a href=\"https:\/\/www.mujerhoy.com\/moda\/no-te-pierdas\/infanta-sofia-sopresa-repite-vestido-verde-zara-verano-prestado-letizia-20250715131118-nt.html\" title=\"www.mujerhoy.com\" data-voc-vtm-id=\"in-text-traffic\" data-mrf-link=\"www.mujerhoy.com\">un vestido verde de Zara de su madre<\/a> hace tan solo unos d\u00edas, y tampoco quiso perderse l<a href=\"https:\/\/www.mujerhoy.com\/moda\/no-te-pierdas\/infanta-sofia-sorprende-look-adulto-marin-blanco-negro-blusa-original-20250716124955-nt.html\" title=\"www.mujerhoy.com\" data-voc-vtm-id=\"in-text-traffic\" data-mrf-link=\"www.mujerhoy.com\">a jura de bandera de su hermana en Mar\u00edn<\/a>. Hoy, como no pod\u00eda ser de otra forma, tambi\u00e9n ha participado en el primer acto de los <a href=\"https:\/\/www.mujerhoy.com\/celebrities\/realeza\/leonor-sofia-novedades-premios-princesa-girona-lugar-fecha-2025-20250711104531-nt.html\" title=\"www.mujerhoy.com\" data-voc-vtm-id=\"in-text-traffic\" data-mrf-link=\"www.mujerhoy.com\">Premios Princesa de Girona<\/a>, que tendr\u00e1n lugar esta noche y que estar\u00e1n presididos por los reyes y tambi\u00e9n su hermana la princesa Leonor.<\/p>\n<p class=\"voc-paragraph\">Y, a pesar de que esta cita es crucial para la heredera al trono, la infanta Sof\u00eda no se queda atr\u00e1s, y en los \u00faltimos a\u00f1os ha evidenciado<a href=\"https:\/\/www.mujerhoy.com\/moda\/no-te-pierdas\/infanta-sofia-premios-princesa-girona-looks-cambio-radical-20250722160030-nt.html\" title=\"www.mujerhoy.com\" data-voc-vtm-id=\"in-text-traffic\" data-mrf-link=\"www.mujerhoy.com\"> un cambio radical con los looks elegidos<\/a> para esta ocasi\u00f3n. Parece que la peque\u00f1a de los royals espa\u00f1oles le gusta mucho este evento y <strong>su primera aparici\u00f3n <\/strong>de la edici\u00f3n de 2025 lo confirma.<\/p>\n<div class=\"v-c-cmp v-c-cmp--t1 \">\n<div class=\"v-cmp-rld v-cmp-rld--2 \">\n<div class=\"v-cnt-m v-cnt-m--m\">\n<div class=\"v-cnt-m__c\">\n<div class=\"v-cnt-m__w v-cnt-m__w--1\">\n<p class=\"v-cnt-m__t\">\nTAMBI\u00c9N TE INTERESA\n<\/p>\n<\/div>\n<\/div>\n<\/div>\n<div class=\"v-g v-g--2-c v-g--bdr-min-xs\">\n<div class=\"v-g__c \">\n<article class=\"v-a v-a--cmp-rld v-a--cmp-rld-2 v-a--p-l\">\n<div class=\"v-a-img-c\">\n<figure class=\"v-a-fig\">\n<a href=\"https:\/\/www.mujerhoy.com\/moda\/no-te-pierdas\/leonor-premios-princesa-girona-mejores-looks-vestidos-invitada-error-protocolo-20250723182007-nt.html#vtm_modulosEngag=mod-rel:moda:noticia:1:cmp:2-not\" class=\"v-a-link\" title=\"Los looks de Leonor en los Premios Princesa Girona: tres vestidos perfectos y un error que no ha vuelto a repetir\"><br \/>\n<img loading=\"lazy\" class=\"v-a-img\" src=\"http:\/\/hoycordobaweb.com\/wp-content\/uploads\/2025\/07\/la-infanta-sofia-sorprende-en-giron-hereda-el-anillo-mas-especial-de-su-madre-y-se-pone-un-look-de-oficina-1.jpg\" alt=\"Los looks de Leonor en los Premios Princesa Girona: tres vestidos perfectos y un error que no ha vuelto a repetir\"><br \/>\n<\/a><br \/>\n<\/figure>\n<\/div>\n<\/article>\n<\/div>\n<div class=\"v-g__c \">\n<article class=\"v-a v-a--cmp-rld v-a--cmp-rld-2 v-a--p-l\">\n<div class=\"v-a-img-c\">\n<figure class=\"v-a-fig\">\n<a href=\"https:\/\/www.mujerhoy.com\/moda\/no-te-pierdas\/princesa-leonor-estrena-mejor-look-verano-falda-blanca-20250723154234-nt.html#vtm_modulosEngag=mod-rel:moda:noticia:2:cmp:2-not\" class=\"v-a-link\" title=\"La princesa Leonor deja el uniforme militar y estrena su mejor look de verano: falda boho y el bolso de rafia de la reina Letizia\"><br \/>\n<img loading=\"lazy\" class=\"v-a-img\" src=\"http:\/\/hoycordobaweb.com\/wp-content\/uploads\/2025\/07\/la-infanta-sofia-sorprende-en-giron-hereda-el-anillo-mas-especial-de-su-madre-y-se-pone-un-look-de-oficina-2.jpg\" alt=\"La princesa Leonor deja el uniforme militar y estrena su mejor look de verano: falda boho y el bolso de rafia de la reina Letizia\"><br \/>\n<\/a><br \/>\n<\/figure>\n<\/div>\n<\/article>\n<\/div>\n<\/div>\n<\/div>\n<\/div>\n<p class=\"voc-paragraph\">Como hemos podido apreciar en todas y cada una de sus apariciones p\u00fablicas, la infanta Sof\u00eda ha sabido c\u00f3mo diferenciarse del estilo de su hermana y de su madre y siempre ha destacado por elegir prendas mucho m\u00e1s especiales. Se nota que la joven tiene un estilo propio mucho m\u00e1s personal y siempre que puede, apuesta por<strong> looks m\u00e1s modernos y sofisticados<\/strong>.<\/p>\n<p class=\"voc-paragraph\">Sin embargo, en esta ocasi\u00f3n hoy ha sorprendido con una propuesta estil\u00edstica mucho m\u00e1s b\u00e1sica. Hablamos de un look que ha elegido para formar parte del <strong>encuentro con los patronos y los nuevos premiados de la Fundaci\u00f3n princesa de Girona<\/strong>. Se trata de una cita con los seis j\u00f3venes reconocidos en esta edici\u00f3n y de la que, al igual que su hermana, la infanta Sof\u00eda, ha formado parte.<\/p>\n<p class=\"voc-paragraph\">La hija peque\u00f1a de los Reyes ha tenido la oportunidad de charlar <strong>con los premiados<\/strong> y ha sido en esta peque\u00f1a audiencia, captada por las c\u00e1maras, donde hemos visto una de las versiones m\u00e1s adultas de la infanta Sof\u00eda. Con 18 a\u00f1os reci\u00e9n cumplidos, ha elegido un outfit formal que no esper\u00e1bamos. <\/p>\n<p><h3 class=\"v-cmp-suh\">\nLa infanta Sof\u00eda con pantalones de traje y bailarinas planas<br \/>\n<\/h3>\n<\/p>\n<div class=\"v-c-cmp \">\n<div class=\"v-cmp-m v-cmp-m--t1\">\n<article class=\"v-a v-a--cmp-m v-c-cmp--m-p\">\n<div class=\"v-a-img-c v-a-img-c--fw-xs\">\n<div class=\"v-a-fig\">\n<div class=\"v-a-link\">\n<img loading=\"lazy\" src=\"http:\/\/hoycordobaweb.com\/wp-content\/uploads\/2025\/07\/la-infanta-sofia-sorprende-en-giron-hereda-el-anillo-mas-especial-de-su-madre-y-se-pone-un-look-de-oficina-3.jpg\" class=\"v-a-img\" width=\"650\" height=\"975\" alt=\"La infanta Sof\u00eda con un look con pantalones blancos.\" data-voc-vtm-id=\"in-text-traffic\">\n<\/div><figcaption class=\"v-fc\">\n<span class=\"v-fc__t\"><br \/>\nLa infanta Sof\u00eda con un look con pantalones blancos.<br \/>\n<\/span><br \/>\n<span class=\"v-fc__p\"><br \/>\nCasa Real<br \/>\n<\/span><br \/>\n<\/figcaption><\/div>\n<\/div>\n<\/article>\n<\/div>\n<\/div>\n<p class=\"voc-paragraph\">El outfit estaba formado y protagonizado por unos<strong> pantalones de traje en color crudo<\/strong> y con pernera ancha. Una prenda que combino con una camiseta blanca b\u00e1sica que parece de tirantes y que estaba cubierta parcialmente por una americana en beige muy claro.<\/p>\n<p class=\"voc-paragraph\">Esta <strong>chaqueta con mangas fruncidas<\/strong> era del mismo color que el calzado elegido. Do\u00f1a Sof\u00eda se decant\u00f3 por unas bailarinas destalonadas de punta triangular y des estilo Mary Jane al tener una cinta con hebilla que cruza el empeine. Las bailarinas planas son su calzado favorito y esta vez las combino a la perfecci\u00f3n en un estilismo que puede servir de inspiraci\u00f3n.<\/p>\n<p class=\"voc-paragraph\">Sin embargo, el accesorio que m\u00e1s nos ha llamado la atenci\u00f3n ha sido el anillo. Y es que, la infanta Sof\u00eda llevaba en el dedo anular de su mano izquierda el anillo que tant\u00edsimo tiempo luci\u00f3 la reina Letizia en su dedo \u00edndice. Se trata de una pieza de <strong>Karen Hallam<\/strong> de la que se dice que fue un regalo que Sof\u00eda y Leonor le hicieron a su madre y que ahora ha heredado la joven.<\/p>\n<div class=\"v-c-cmp v-c-cmp--t1 \">\n<div class=\"v-cmp-rld v-cmp-rld--2 \">\n<div class=\"v-cnt-m v-cnt-m--m\">\n<div class=\"v-cnt-m__c\">\n<div class=\"v-cnt-m__w v-cnt-m__w--1\">\n<p class=\"v-cnt-m__t\">\nTAMBI\u00c9N TE INTERESA\n<\/p>\n<\/div>\n<\/div>\n<\/div>\n<div class=\"v-g v-g--2-c v-g--bdr-min-xs\">\n<div class=\"v-g__c \">\n<article class=\"v-a v-a--cmp-rld v-a--cmp-rld-2 v-a--p-l\">\n<div class=\"v-a-img-c\">\n<figure class=\"v-a-fig\">\n<a href=\"https:\/\/www.mujerhoy.com\/celebrities\/realeza\/irene-urdangarin-crisis-novio-polemica-bautizo-hijo-teresa-urquijo-almeida-20250722000652-nt.html#vtm_modulosEngag=mod-rel:moda:noticia:1:cmp:2-not\" class=\"v-a-link\" title=\"La misteriosa desaparici\u00f3n de Irene Urdangarin: \u00bffue o no fue al bautizo del hijo de Teresa Urquijo y el alcalde Almeida?\"><br \/>\n<img loading=\"lazy\" class=\"v-a-img\" src=\"http:\/\/hoycordobaweb.com\/wp-content\/uploads\/2025\/07\/la-infanta-sofia-sorprende-en-giron-hereda-el-anillo-mas-especial-de-su-madre-y-se-pone-un-look-de-oficina-4.jpg\" alt=\"La misteriosa desaparici\u00f3n de Irene Urdangarin: \u00bffue o no fue al bautizo del hijo de Teresa Urquijo y el alcalde Almeida?\"><br \/>\n<\/a><br \/>\n<\/figure>\n<\/div>\n<\/article>\n<\/div>\n<div class=\"v-g__c \">\n<article class=\"v-a v-a--cmp-rld v-a--cmp-rld-2 v-a--p-l\">\n<div class=\"v-a-img-c\">\n<figure class=\"v-a-fig\">\n<a href=\"https:\/\/www.mujerhoy.com\/celebrities\/realeza\/infanta-sofia-desaparecida-misterio-universidad-incomoda-agenda-talento-instagram-20250625003328-nt.html#vtm_modulosEngag=mod-rel:moda:noticia:2:cmp:2-not\" class=\"v-a-link\" title=\"La misteriosa desaparici\u00f3n de la infanta Sof\u00eda: por qu\u00e9 la hija menor de la reina Letizia no encuentra su sitio\"><br \/>\n<img loading=\"lazy\" class=\"v-a-img\" src=\"http:\/\/hoycordobaweb.com\/wp-content\/uploads\/2025\/07\/la-infanta-sofia-sorprende-en-giron-hereda-el-anillo-mas-especial-de-su-madre-y-se-pone-un-look-de-oficina-5.jpg\" alt=\"La misteriosa desaparici\u00f3n de la infanta Sof\u00eda: por qu\u00e9 la hija menor de la reina Letizia no encuentra su sitio\"><br \/>\n<\/a><br \/>\n<\/figure>\n<\/div>\n<\/article>\n<\/div>\n<\/div>\n<\/div>\n<\/div>\n<div class=\"media_block\"><\/div>\n","protected":false},"excerpt":{"rendered":"<p>La infanta Sof\u00eda, reci\u00e9n graduada del bachillerato, ha regresado a Espa\u00f1a por todo lo alto participando en varios de los actos de la familia real espa\u00f1ola. La vimos aparecer por sorpresa con un vestido verde de Zara de su madre hace tan solo unos d\u00edas, y tampoco quiso perderse la jura de bandera de su [&hellip;]<\/p>\n","protected":false},"author":1,"featured_media":111815,"comment_status":"closed","ping_status":"closed","sticky":false,"template":"","format":"standard","meta":[],"categories":[],"tags":[],"_links":{"self":[{"href":"http:\/\/hoycordobaweb.com\/index.php\/wp-json\/wp\/v2\/posts\/111814"}],"collection":[{"href":"http:\/\/hoycordobaweb.com\/index.php\/wp-json\/wp\/v2\/posts"}],"about":[{"href":"http:\/\/hoycordobaweb.com\/index.php\/wp-json\/wp\/v2\/types\/post"}],"author":[{"embeddable":true,"href":"http:\/\/hoycordobaweb.com\/index.php\/wp-json\/wp\/v2\/users\/1"}],"replies":[{"embeddable":true,"href":"http:\/\/hoycordobaweb.com\/index.php\/wp-json\/wp\/v2\/comments?post=111814"}],"version-history":[{"count":0,"href":"http:\/\/hoycordobaweb.com\/index.php\/wp-json\/wp\/v2\/posts\/111814\/revisions"}],"wp:featuredmedia":[{"embeddable":true,"href":"http:\/\/hoycordobaweb.com\/index.php\/wp-json\/wp\/v2\/media\/111815"}],"wp:attachment":[{"href":"http:\/\/hoycordobaweb.com\/index.php\/wp-json\/wp\/v2\/media?parent=111814"}],"wp:term":[{"taxonomy":"category","embeddable":true,"href":"http:\/\/hoycordobaweb.com\/index.php\/wp-json\/wp\/v2\/categories?post=111814"},{"taxonomy":"post_tag","embeddable":true,"href":"http:\/\/hoycordobaweb.com\/index.php\/wp-json\/wp\/v2\/tags?post=111814"}],"curies":[{"name":"wp","href":"https:\/\/api.w.org\/{rel}","templated":true}]}}