{"id":111802,"date":"2025-07-23T01:00:03","date_gmt":"2025-07-23T01:00:03","guid":{"rendered":"https:\/\/www.ole.com.ar\/boca-juniors\/boca-russo-equipo-cambios-cavani-paredes-atletico-copa-argentina_0_UHhLAhhgEF.html"},"modified":"2025-07-23T01:00:03","modified_gmt":"2025-07-23T01:00:03","slug":"boca-a-todo-nada-el-11-alrededor-de-paredes-y-cavani","status":"publish","type":"post","link":"http:\/\/hoycordobaweb.com\/index.php\/2025\/07\/23\/boca-a-todo-nada-el-11-alrededor-de-paredes-y-cavani\/","title":{"rendered":"Boca, a todo nada: el 11 alrededor de Paredes y Cavani"},"content":{"rendered":"<p><img src=\"http:\/\/hoycordobaweb.com\/wp-content\/uploads\/2025\/07\/boca-a-todo-nada-el-11-alrededor-de-paredes-y-cavani.jpg\"><\/p>\n<p><time class=\"createDate\" datetime=\"2025-07-22T22:00:03-03:00\">22\/07\/2025 22:00hs.<\/time><\/p>\n<div id=\"storyBody\">\n<div class=\"custom-text \" readability=\"37.789655172414\">\n<p>En el <strong><a href=\"https:\/\/www.ole.com.ar\/tema\/boca-juniors.html\" title=\"Boca Juniors\" alt=\"Boca Juniors\" class=\"slug\">Boca <\/a><\/strong>de los \u00faltimos dos a\u00f1os fueron desfilando nombres de entrenadores, todos golpeados por los malos resultados y por ir dejando en el camino los objetivos iniciales de sus distintos ciclos. Por supuesto, eso implic\u00f3 que muchos jugadores de los que estaban cuando el DT era Jorge Almir\u00f3n hoy sean parte del pasado, incluso acompa\u00f1ados por otros que llegaron posteriormente. <strong>Sin embargo, en todo ese tiempo existi\u00f3 una constante en las distintas formaciones solamente alteradas en casos de fuerza mayor: el armado de un equipo alrededor de la figura de <a href=\"https:\/\/www.ole.com.ar\/tema\/edinson-cavani.html\" title=\"Edinson Cavani\" alt=\"Edinson Cavani\" class=\"slug\">Edinson Cavani<\/a>.<\/strong><\/p>\n<\/div>\n<div class=\"custom-text \" readability=\"33.6\">\n<p>En este caso, el resurgimiento del uruguayo est\u00e1 acompa\u00f1ado por la nueva bandera del equipo, que no es otro que Leandro Paredes. <strong>En ellos se centrar\u00e1 al menos la planificaci\u00f3n de un 11 dif\u00edcil de armar para <a href=\"https:\/\/www.ole.com.ar\/tema\/miguel-angel-russo.html\" title=\"Miguel Angel Russo\" alt=\"Miguel Angel Russo\" class=\"slug\">Miguel \u00c1ngel Russo<\/a>. Y esa decisi\u00f3n dice mucho de la actualidad xeneize. <\/strong><\/p>\n<\/div>\n<div> <link rel=\"stylesheet\" href=\"https:\/\/fonts.googleapis.com\/css2?family=Heebo:wght@700&amp;display=swap\">\n<div class=\"svg-container\"> <svg viewBox=\"0 0 775 493.042\"> <g id=\"markings\" transform=\"rotate(90) translate(140.97912524850892, -140.97912524850892)\" stroke=\"#c3c3c3\" stroke-width=\"5\" fill=\"none\"> <rect width=\"491.04174950298216\" height=\"773\" x=\"1\" y=\"1\" fill=\"none\" \/> <rect width=\"140.20874751491056\" height=\"140.20874751491056\" x=\"176.4165009940358\" y=\"317.3956262425447\" rx=\"70.10437375745528\" fill=\"none\" \/> <line x1=\"1\" x2=\"491.04174950298216\" y1=\"387.5\" y2=\"387.5\" fill=\"none\" \/> <rect width=\"309.20285164015905\" height=\"126.78429423459245\" x=\"91.91944893141155\" y=\"1\" fill=\"currentColor\" \/> <rect width=\"139.87017333499008\" height=\"42.26143141153082\" x=\"176.58578808399602\" y=\"1\" fill=\"currentColor\" \/> <path d=\"M 302.37193218411016 127.11232604373758 A 70.10437375745528 70.10437375745528 0 0 1 190.66981731887202 127.11232604373758\" fill=\"none\" \/> <rect width=\"309.20285164015905\" height=\"126.78429423459245\" x=\"91.91944893141155\" y=\"647.2157057654075\" fill=\"currentColor\" \/> <rect width=\"139.87017333499008\" height=\"42.26143141153082\" x=\"176.58578808399602\" y=\"731.7385685884692\" fill=\"currentColor\" \/> <path d=\"M 302.37193218411016 647.8876739562625 A 70.10437375745528 70.10437375745528 0 0 0 190.66981731887202 647.8876739562625\" fill=\"none\" \/> <\/g> <g class=\"position\" transform=\"translate(40, 246.5)\"> <circle class=\"dot-circle\" fill=\"#ffea00\" stroke=\"#7300ff\" stroke-width=\"8\" r=\"20\" \/> <text class=\"label\" fill=\"#70777C\" font-size=\"20\" font-weight=\"bold\" text-anchor=\"middle\" transform=\"translate(0, 42)\"> Marchesin <\/text> <\/g> <g class=\"position\" transform=\"translate(160, 320)\"> <circle class=\"dot-circle\" fill=\"#ffea00\" stroke=\"#7300ff\" stroke-width=\"8\" r=\"20\" \/> <text class=\"label\" fill=\"#70777C\" font-size=\"20\" font-weight=\"bold\" text-anchor=\"middle\" transform=\"translate(0, 42)\"> Di Lollo\/ <\/text> <text class=\"label\" fill=\"#70777C\" font-size=\"20\" font-weight=\"bold\" text-anchor=\"middle\" transform=\"translate(0, 62)\"> Battaglia <\/text> <\/g> <g class=\"position\" transform=\"translate(230, 50)\"> <circle class=\"dot-circle\" fill=\"#ffea00\" stroke=\"#7300ff\" stroke-width=\"8\" r=\"20\" \/> <text class=\"label\" fill=\"#70777C\" font-size=\"20\" font-weight=\"bold\" text-anchor=\"middle\" transform=\"translate(0, 42)\"> Blanco <\/text> <\/g> <g class=\"position\" transform=\"translate(230, 430)\"> <circle class=\"dot-circle\" fill=\"#ffea00\" stroke=\"#7300ff\" stroke-width=\"8\" r=\"20\" \/> <text class=\"label\" fill=\"#70777C\" font-size=\"20\" font-weight=\"bold\" text-anchor=\"middle\" transform=\"translate(0, 42)\"> Barinaga\/ <\/text> <text class=\"label\" fill=\"#70777C\" font-size=\"20\" font-weight=\"bold\" text-anchor=\"middle\" transform=\"translate(0, 62)\"> Adv\u00edncula <\/text> <\/g> <g class=\"position\" transform=\"translate(350, 250)\"> <circle class=\"dot-circle\" fill=\"#ffea00\" stroke=\"#7300ff\" stroke-width=\"8\" r=\"20\" \/> <text class=\"label\" fill=\"#70777C\" font-size=\"20\" font-weight=\"bold\" text-anchor=\"middle\" transform=\"translate(0, 42)\"> Paredes <\/text> <\/g> <g class=\"position\" transform=\"translate(160, 170)\"> <circle class=\"dot-circle\" fill=\"#ffea00\" stroke=\"#7300ff\" stroke-width=\"8\" r=\"20\" \/> <text class=\"label\" fill=\"#70777C\" font-size=\"20\" font-weight=\"bold\" text-anchor=\"middle\" transform=\"translate(0, 42)\"> Pellegrino <\/text> <\/g> <g class=\"position\" transform=\"translate(600, 100)\"> <circle class=\"dot-circle\" fill=\"#ffea00\" stroke=\"#7300ff\" stroke-width=\"8\" r=\"20\" \/> <text class=\"label\" fill=\"#70777C\" font-size=\"20\" font-weight=\"bold\" text-anchor=\"middle\" transform=\"translate(0, 42)\"> Merentiel <\/text> <\/g> <g class=\"position\" transform=\"translate(600, 380)\"> <circle class=\"dot-circle\" fill=\"#ffea00\" stroke=\"#7300ff\" stroke-width=\"8\" r=\"20\" \/> <text class=\"label\" fill=\"#70777C\" font-size=\"20\" font-weight=\"bold\" text-anchor=\"middle\" transform=\"translate(0, 42)\"> Aguirre\/ <\/text> <text class=\"label\" fill=\"#70777C\" font-size=\"20\" font-weight=\"bold\" text-anchor=\"middle\" transform=\"translate(0, 62)\"> Velasco <\/text> <\/g> <g class=\"position\" transform=\"translate(550, 250)\"> <circle class=\"dot-circle\" fill=\"#ffea00\" stroke=\"#7300ff\" stroke-width=\"8\" r=\"20\" \/> <text class=\"label\" fill=\"#70777C\" font-size=\"20\" font-weight=\"bold\" text-anchor=\"middle\" transform=\"translate(0, 42)\"> Cavani <\/text> <\/g> <g class=\"position\" transform=\"translate(400, 380)\"> <circle class=\"dot-circle\" fill=\"#ffea00\" stroke=\"#7300ff\" stroke-width=\"8\" r=\"20\" \/> <text class=\"label\" fill=\"#70777C\" font-size=\"20\" font-weight=\"bold\" text-anchor=\"middle\" transform=\"translate(0, 42)\"> Braida\/ <\/text> <text class=\"label\" fill=\"#70777C\" font-size=\"20\" font-weight=\"bold\" text-anchor=\"middle\" transform=\"translate(0, 62)\"> Delgado <\/text> <\/g> <g class=\"position\" transform=\"translate(400, 100)\"> <circle class=\"dot-circle\" fill=\"#ffea00\" stroke=\"#7300ff\" stroke-width=\"8\" r=\"20\" \/> <text class=\"label\" fill=\"#70777C\" font-size=\"20\" font-weight=\"bold\" text-anchor=\"middle\" transform=\"translate(0, 42)\"> Alarc\u00f3n\/ <\/text> <text class=\"label\" fill=\"#70777C\" font-size=\"20\" font-weight=\"bold\" text-anchor=\"middle\" transform=\"translate(0, 62)\"> Battaglia <\/text> <\/g> <\/svg> <\/p>\n<p>DT: Miguel \u00c1ngel Russo<\/p>\n<\/p><\/div><\/div>\n<div class=\"custom-text \" readability=\"36\">\n<p>No porque el volante no represente una buena noticia, ya que su presencia le dar\u00e1 un vuelo propio al equipo y la sociedad con Cavani no es un punto aislado.<strong> S\u00ed, a pesar del mal momento del uruguayo y las cr\u00edticas que lo empiezan a rodear.<\/strong><\/p>\n<\/div>\n<div class=\"custom-text \" readability=\"36\">\n<p>El tema es que -alrededor de ellos dos- el armado del resto del equipo es una inc\u00f3gnita con muchos puntos por resolver. <strong>Y en las puertas de la final anticipada que representa el partido por la Copa Argentina ante Atl\u00e9tico Tucum\u00e1n, denota que lo trabajado y lo que se pudo ver hasta ac\u00e1 desde que empez\u00f3 la temporada no dej\u00f3 muchos aspectos positivos.<\/strong><\/p>\n<\/div>\n<div class=\"sc-e7b891c4-0 ifHnQL image-embed\"><img alt=\"Los convocados de Boca\" loading=\"lazy\" width=\"720\" height=\"100\" decoding=\"async\" data-nimg=\"1\" src=\"http:\/\/hoycordobaweb.com\/wp-content\/uploads\/2025\/07\/boca-a-todo-nada-el-11-alrededor-de-paredes-y-cavani-2.jpg\"><span class=\"epigraphe\">Los convocados de Boca<\/span><\/div>\n<p><h2><strong>Dudas en el medio y atr\u00e1s<\/strong><\/h2>\n<\/p>\n<div class=\"custom-text \" readability=\"37\">\n<p>Esas dudas que expone el DT pasan -primero- por el mediocampo. <strong>En estos \u00faltimos d\u00edas, los ensayos con el Campe\u00f3n del Mundo lo ubicaron jugando al lado de varios compa\u00f1eros. As\u00ed como en la \u00faltima pr\u00e1ctica comparti\u00f3 el medio con Lucas Blondel y Kevin Zen\u00f3n y antes tambi\u00e9n lo hizo con Malcom Braida y Williams Alarc\u00f3n<\/strong>, ya hab\u00eda estado junto a <strong>Milton Delgado<\/strong> y hasta tuvo chances (antes de reincidir en una lesi\u00f3n) <strong>Ander Herrera<\/strong>.<\/p>\n<\/div>\n<div class=\"custom-text \" readability=\"38\">\n<p>Quien tambi\u00e9n fue parte de alguno de los armados que mezclaron formaciones fue <strong>Rodrigo Battaglia<\/strong>, quien podr\u00eda dejarle el c\u00edrculo central al flamante refuerzo y volver a la zaga para ocupar el lugar de <strong>Lautaro Di Lollo<\/strong>. <strong>Son muchas posibildades de armado para apenas unos pocos puestos, pero la idea de ir variando y buscar la mejor f\u00f3rmula refuerza la posici\u00f3n del 5, que liderar\u00e1 el nuevo Boca desde este partido.<\/strong><\/p>\n<\/div>\n<div class=\"custom-text \" readability=\"37\">\n<p>En el fondo, <strong>esa duda del primer marcador central (que jugar\u00e1 al lado de Marco Pellegrino), se completa con Lautaro Blanco por la izquierda y con otra duda en la derecha, donde el buen ingreso de Juan Barinaga podr\u00eda meterlo en el lugar de Luis Adv\u00edncula.<\/strong><\/p>\n<\/div>\n<p><h2><strong>Arriba, \u00bfun lugar vacante?<\/strong><\/h2>\n<\/p>\n<div class=\"custom-text \" readability=\"37\">\n<p>Cruzando la cancha, el ataque tambi\u00e9n queda involucrado por las dudas del mediocampo. <strong>Con el Matador como fija y Miguel Merentiel inamovible a partir de sus rendimientos cuando los esquemas lo hicieron jugar por \u00e9l y por los laderos que no ten\u00eda, la chance de que Paredes sea el \u00fanico volante central abre una vacante que puede desembocar en un esquema m\u00e1s ofensivo.<\/strong><\/p>\n<\/div>\n<div class=\"custom-text \" readability=\"38\">\n<p>Hasta ac\u00e1, los dos volantes centrales tuvieron por delante una l\u00ednea de tres mediapuntas (que se repartieron alternando tambi\u00e9n funciones defensivas) en la que jugaron -tanto ante Argentinos como con Uni\u00f3n- Braida, Alan Velasco y Carlos Palacios.<strong> Por las variantes que pueda haber en esos puestos y la ausencia de Palacios y contemplando que Cavani se meter\u00e1 en el equipo, tal vez haya espacio para que otro delantero (\u00bfBrian Aguirre? \u00bfZeballos?) se meta en el equipo arrancando desde m\u00e1s atr\u00e1s.<\/strong><\/p>\n<\/div>\n<div class=\"custom-text \" readability=\"37\">\n<p>Sin definici\u00f3n, lo que s\u00ed est\u00e1 m\u00e1s que claro es que para jugarse la vida ante los tucumanos la elecci\u00f3n de Russo es apostar a las banderas. <strong>A la nueva y esperanzadora de Paredes. Y a esa que ya tiene una historia propia en el club, aunque esta vez le toque rendir examen frente a un ambiente que ya lo mira de reojo.<\/strong><\/p>\n<\/div>\n<p><h2><strong>El probable 11<\/strong><\/h2>\n<\/p>\n<div class=\"custom-text \" readability=\"41\">\n<p>Agust\u00edn Marchesin; Luis Adv\u00edncula \u00f3 Juan Barinaga, Lautaro Di Lollo \u00f3 Rodrigo Battaglia, Marco Pellegrino, Lautaro Blanco; Malcom Braida \u00f3 Milton Delgado, Leandro Paredes, Williams Alarc\u00f3n \u00f3 Rodrigo Battaglia; Alan Velasco \u00f3 Brian Aguirre, Miguel Merentiel, Edinson Cavani.<\/p>\n<\/div>\n<div class=\"sc-a7166897-0 eoLsBE\" readability=\"7.5\">\n<section readability=\"5\"><picture><img alt=\"Boca EN VIVO: la lista de Russo, el 11 para la Copa Argentina con Paredes, los partes m\u00e9dicos y m\u00e1s de este martes 22 de julio\" loading=\"lazy\" width=\"290\" height=\"290\" decoding=\"async\" data-nimg=\"1\" src=\"http:\/\/hoycordobaweb.com\/wp-content\/uploads\/2025\/07\/boca-a-todo-nada-el-11-alrededor-de-paredes-y-cavani-3.jpg\"><\/picture>\n<p><span>Mir\u00e1 tambi\u00e9n<\/span><\/p>\n<hr>\n<h3>Boca EN VIVO: la lista de Russo, el 11 para la Copa Argentina con Paredes, los partes m\u00e9dicos y m\u00e1s de este martes 22 de julio<\/h3>\n<\/p>\n<\/section>\n<\/div>\n<div class=\"sc-a7166897-0 eoLsBE\" readability=\"6\">\n<section readability=\"2\"><picture><img alt=\"El jugador de Boca que no se entren\u00f3 y se quedar\u00eda fuera de los concentrados\" loading=\"lazy\" width=\"290\" height=\"290\" decoding=\"async\" data-nimg=\"1\" src=\"http:\/\/hoycordobaweb.com\/wp-content\/uploads\/2025\/07\/boca-a-todo-nada-el-11-alrededor-de-paredes-y-cavani-4.jpg\"><\/picture>\n<p><span>Mir\u00e1 tambi\u00e9n<\/span><\/p>\n<hr>\n<h3>El jugador de Boca que no se entren\u00f3 y se quedar\u00eda fuera de los concentrados<\/h3>\n<\/p>\n<\/section>\n<\/div>\n<div class=\"sc-a7166897-0 eoLsBE\" readability=\"7.5\">\n<section readability=\"5\"><picture><img alt=\"Boca vs. Atl\u00e9tico Tucum\u00e1n, por la Copa Argentina: hora, c\u00f3mo ver y probables formaciones\" loading=\"lazy\" width=\"290\" height=\"290\" decoding=\"async\" data-nimg=\"1\" src=\"http:\/\/hoycordobaweb.com\/wp-content\/uploads\/2025\/07\/boca-a-todo-nada-el-11-alrededor-de-paredes-y-cavani-5.jpg\"><\/picture>\n<p><span>Mir\u00e1 tambi\u00e9n<\/span><\/p>\n<hr>\n<h3>Boca vs. Atl\u00e9tico Tucum\u00e1n, por la Copa Argentina: hora, c\u00f3mo ver y probables formaciones<\/h3>\n<\/p>\n<\/section>\n<\/div>\n<div class=\"sc-a7166897-0 eoLsBE\" readability=\"6\">\n<section readability=\"2\"><picture><img alt=\"Cu\u00e1nto recibir\u00e1 Boca por la venta de Mateo Retegui a Arabia\" loading=\"lazy\" width=\"290\" height=\"290\" decoding=\"async\" data-nimg=\"1\" src=\"http:\/\/hoycordobaweb.com\/wp-content\/uploads\/2025\/07\/boca-a-todo-nada-el-11-alrededor-de-paredes-y-cavani-6.jpg\"><\/picture>\n<p><span>Mir\u00e1 tambi\u00e9n<\/span><\/p>\n<hr>\n<h3>Cu\u00e1nto recibir\u00e1 Boca por la venta de Mateo Retegui a Arabia<\/h3>\n<\/p>\n<\/section>\n<\/div>\n<\/div>\n","protected":false},"excerpt":{"rendered":"<p>22\/07\/2025 22:00hs. En el Boca de los \u00faltimos dos a\u00f1os fueron desfilando nombres de entrenadores, todos golpeados por los malos resultados y por ir dejando en el camino los objetivos iniciales de sus distintos ciclos. Por supuesto, eso implic\u00f3 que muchos jugadores de los que estaban cuando el DT era Jorge Almir\u00f3n hoy sean parte [&hellip;]<\/p>\n","protected":false},"author":1,"featured_media":111803,"comment_status":"open","ping_status":"closed","sticky":false,"template":"","format":"standard","meta":[],"categories":[16],"tags":[],"_links":{"self":[{"href":"http:\/\/hoycordobaweb.com\/index.php\/wp-json\/wp\/v2\/posts\/111802"}],"collection":[{"href":"http:\/\/hoycordobaweb.com\/index.php\/wp-json\/wp\/v2\/posts"}],"about":[{"href":"http:\/\/hoycordobaweb.com\/index.php\/wp-json\/wp\/v2\/types\/post"}],"author":[{"embeddable":true,"href":"http:\/\/hoycordobaweb.com\/index.php\/wp-json\/wp\/v2\/users\/1"}],"replies":[{"embeddable":true,"href":"http:\/\/hoycordobaweb.com\/index.php\/wp-json\/wp\/v2\/comments?post=111802"}],"version-history":[{"count":0,"href":"http:\/\/hoycordobaweb.com\/index.php\/wp-json\/wp\/v2\/posts\/111802\/revisions"}],"wp:featuredmedia":[{"embeddable":true,"href":"http:\/\/hoycordobaweb.com\/index.php\/wp-json\/wp\/v2\/media\/111803"}],"wp:attachment":[{"href":"http:\/\/hoycordobaweb.com\/index.php\/wp-json\/wp\/v2\/media?parent=111802"}],"wp:term":[{"taxonomy":"category","embeddable":true,"href":"http:\/\/hoycordobaweb.com\/index.php\/wp-json\/wp\/v2\/categories?post=111802"},{"taxonomy":"post_tag","embeddable":true,"href":"http:\/\/hoycordobaweb.com\/index.php\/wp-json\/wp\/v2\/tags?post=111802"}],"curies":[{"name":"wp","href":"https:\/\/api.w.org\/{rel}","templated":true}]}}