{"id":111624,"date":"2025-07-21T11:30:23","date_gmt":"2025-07-21T11:30:23","guid":{"rendered":"https:\/\/www.mujerhoy.com\/moda\/no-te-pierdas\/vestido-noche-zara-tendencia-elegante-20250721084919-nt.html"},"modified":"2025-07-21T11:30:23","modified_gmt":"2025-07-21T11:30:23","slug":"este-verano-solo-necesitas-un-vestido-para-triunfar-con-todos-tus-looks-de-noche","status":"publish","type":"post","link":"http:\/\/hoycordobaweb.com\/index.php\/2025\/07\/21\/este-verano-solo-necesitas-un-vestido-para-triunfar-con-todos-tus-looks-de-noche\/","title":{"rendered":"Este verano solo necesitas un vestido para triunfar con todos tus looks de noche"},"content":{"rendered":"<p><!-- AUTHOR --><\/p>\n<div class=\"voc-author-timesocial \">\n<!-- AUTHOR --><\/p>\n<div class=\"voc-author-timesocial__signature \">\n<!-- IMAGE AUTHOR -->\n<picture class=\"voc-image-signature\">\n<img class=\"voc-image-signature__img\" src=\"http:\/\/hoycordobaweb.com\/wp-content\/uploads\/2025\/07\/este-verano-solo-necesitas-un-vestido-para-triunfar-con-todos-tus-looks-de-noche.jpg\" alt=\"Gemma Cano\">\n<\/picture>\n<!-- INFO AUTHOR --><\/p>\n<div class=\"voc-author-timesocial__info\" data-mrf-recirculation=\"Autor\">\n<div class=\"voc-author-info\">\n<author><br \/>\n<a class=\"voc-author\" href=\"https:\/\/www.mujerhoy.com\/autor\/gemma-cano-1220.html\">Gemma Cano<\/a><br \/>\n<\/author><br \/>\n<!-- TIME --><br \/>\n<time datetime=\"2025-07-21T11:30:23Z\" data-timestamp><br \/>\nPublicado \u00b7 <span data-voc-date-modified-short> 21 de julio de 2025, 13:30 h <\/span><br \/>\n<\/time>\n<\/div>\n<\/div>\n<\/div><\/div>\n<p><!-- COMPONENTS --><\/p>\n<p class=\"voc-paragraph\">Con las vacaciones a la vuelta de la esquina, <strong>nuestro calendario de eventos sociales se est\u00e1 incrementado por momentos<\/strong>. Las noches de verano, cuando las altas temperaturas t\u00edpicas del verano se relajan, son la excusa perfecta para disfrutar de mil y un planes. Y ante ese panorama toca idear el armario estival perfecto. <\/p>\n<p class=\"voc-paragraph\">Los&nbsp;vestidos con escote halter son la mejor opci\u00f3n para estrenar en todos esos planes de fiesta, con complementos veraniegos. Pero al mismo tiempo es una prenda que tambi\u00e9n podr\u00e1s adaptar a tu d\u00eda a d\u00eda. Y una vez m\u00e1s,&nbsp;<strong>Zara&nbsp;tiene la selecci\u00f3n de dise\u00f1os m\u00e1s interesante<\/strong> dentro del avance de colecci\u00f3n que acaba de llegar a las tiendas.<\/p>\n<div class=\"v-c-cmp v-c-cmp--t1 \">\n<div class=\"v-cmp-rld v-cmp-rld--2 \">\n<div class=\"v-cnt-m v-cnt-m--m\">\n<div class=\"v-cnt-m__c\">\n<div class=\"v-cnt-m__w v-cnt-m__w--1\">\n<p class=\"v-cnt-m__t\">\nTAMBI\u00c9N TE INTERESA\n<\/p>\n<\/div>\n<\/div>\n<\/div>\n<div class=\"v-g v-g--2-c v-g--bdr-min-xs\">\n<div class=\"v-g__c \">\n<article class=\"v-a v-a--cmp-rld v-a--cmp-rld-2 v-a--p-l\">\n<div class=\"v-a-img-c\">\n<figure class=\"v-a-fig\">\n<a href=\"https:\/\/www.mujerhoy.com\/moda\/no-te-pierdas\/rebajas-verano-2025-zara-vestidos-bolsos-20250619170647-nt.html#vtm_modulosEngag=mod-rel:moda:noticia:1:cmp:2-not\" class=\"v-a-link\" title=\"Las mejores prendas de las rebajas de Zara que no deber\u00edas dejar escapar este verano\"><br \/>\n<img loading=\"lazy\" class=\"v-a-img\" src=\"http:\/\/hoycordobaweb.com\/wp-content\/uploads\/2025\/07\/este-verano-solo-necesitas-un-vestido-para-triunfar-con-todos-tus-looks-de-noche-1.jpg\" alt=\"Las mejores prendas de las rebajas de Zara que no deber\u00edas dejar escapar este verano\"><br \/>\n<\/a><br \/>\n<\/figure>\n<\/div>\n<\/article>\n<\/div>\n<div class=\"v-g__c \">\n<article class=\"v-a v-a--cmp-rld v-a--cmp-rld-2 v-a--p-l\">\n<div class=\"v-a-img-c\">\n<figure class=\"v-a-fig\">\n<a href=\"https:\/\/www.mujerhoy.com\/moda\/tendencias\/vaqueros-tipazo-blancos-basicos-verano-20250604133552-nt.html#vtm_modulosEngag=mod-rel:moda:noticia:2:cmp:2-not\" class=\"v-a-link\" title=\"El pantal\u00f3n blanco es el b\u00e1sico imbatible que tienes que tener este verano\"><br \/>\n<img loading=\"lazy\" class=\"v-a-img\" src=\"http:\/\/hoycordobaweb.com\/wp-content\/uploads\/2025\/07\/este-verano-solo-necesitas-un-vestido-para-triunfar-con-todos-tus-looks-de-noche-2.jpg\" alt=\"El pantal\u00f3n blanco es el b\u00e1sico imbatible que tienes que tener este verano\"><br \/>\n<\/a><br \/>\n<\/figure>\n<\/div>\n<\/article>\n<\/div>\n<\/div>\n<\/div>\n<\/div>\n<p class=\"voc-paragraph\"><a href=\"https:\/\/www.mujerhoy.com\/moda\/no-te-pierdas\/vestidos-estampados-verano-efecto-rejuvenecedor-mujeres-mayores-50-anos-hym-20250618114221-nt.html\" data-voc-vtm-id=\"in-text-traffic\" title=\"Estampados\" data-mrf-link=\"www.mujerhoy.com\">Estampados<\/a> de lunares, tejidos satinados, colores vivos,&nbsp;detalles lenceros y un sinf\u00edn de propuestas que te acompa\u00f1ar\u00e1n en las ocasiones m\u00e1s especiales de este verano que acaba de arrancar. Aqu\u00ed est\u00e1 la mejor selecci\u00f3n de <a href=\"https:\/\/www.mujerhoy.com\/moda\/no-te-pierdas\/vestidos-lenceros-elegantes-sensuales-verano-tendencia-noventera-20250621175556-nt.html?ref=https%3A%2F%2Fwww.google.com%2F\" data-voc-vtm-id=\"in-text-traffic\" title=\"vestidos\" data-mrf-link=\"www.mujerhoy.com\">vestidos<\/a> con escote halter del momento. \u00bfCu\u00e1l vas incluir en tu lista de deseos de verano?<\/p>\n<div class=\"v-c-cmp \">\n<div class=\"v-cmp-m v-cmp-m--t1\">\n<article class=\"v-a v-a--cmp-m v-c-cmp--m-p\">\n<div class=\"v-a-img-c v-a-img-c--fw-xs\">\n<div class=\"v-a-fig\">\n<div class=\"v-a-link\">\n<img loading=\"lazy\" src=\"http:\/\/hoycordobaweb.com\/wp-content\/uploads\/2025\/07\/este-verano-solo-necesitas-un-vestido-para-triunfar-con-todos-tus-looks-de-noche-3.jpg\" class=\"v-a-img\" width=\"650\" height=\"975\" alt data-voc-vtm-id=\"in-text-traffic\">\n<\/div>\n<\/div>\n<\/div>\n<\/article>\n<\/div>\n<\/div>\n<p><h3 class=\"v-cmp-suh\">\nVestido con escote halter de Zara (27,99 euros)<br \/>\n<\/h3>\n<\/p>\n<p class=\"voc-paragraph\">Un dise\u00f1o muy elegante, que podr\u00e1s llevar en cualquier ocasi\u00f3n especial. Apuesta por los tonos tierra para crear los looks m\u00e1s elegantes del verano. El lino ser\u00e1 el tejido que llevar\u00e1s sin parar los pr\u00f3ximos meses. <\/p>\n<div class=\"v-c-cmp \">\n<div class=\"v-cmp-m v-cmp-m--t1\">\n<article class=\"v-a v-a--cmp-m v-c-cmp--m-p\">\n<div class=\"v-a-img-c v-a-img-c--fw-xs\">\n<div class=\"v-a-fig\">\n<div class=\"v-a-link\">\n<img loading=\"lazy\" src=\"http:\/\/hoycordobaweb.com\/wp-content\/uploads\/2025\/07\/este-verano-solo-necesitas-un-vestido-para-triunfar-con-todos-tus-looks-de-noche-4.jpg\" class=\"v-a-img\" width=\"650\" height=\"975\" alt data-voc-vtm-id=\"in-text-traffic\">\n<\/div>\n<\/div>\n<\/div>\n<\/article>\n<\/div>\n<\/div>\n<p><h3 class=\"v-cmp-suh\">\nVestido estampado de Zara (89,95 euros)<br \/>\n<\/h3>\n<\/p>\n<p class=\"voc-paragraph\">Un dise\u00f1o de fiesta muy especial, que podr\u00e1s lucir durante las noches de verano. Aunque el negro y el blanco siguen muy presentes en las nuevas colecciones, los colores tierra vienen pisando fuerte este a\u00f1o. <\/p>\n<div class=\"v-c-cmp \">\n<div class=\"v-cmp-m v-cmp-m--t1\">\n<article class=\"v-a v-a--cmp-m v-c-cmp--m-p\">\n<div class=\"v-a-img-c v-a-img-c--fw-xs\">\n<div class=\"v-a-fig\">\n<div class=\"v-a-link\">\n<img loading=\"lazy\" src=\"http:\/\/hoycordobaweb.com\/wp-content\/uploads\/2025\/07\/este-verano-solo-necesitas-un-vestido-para-triunfar-con-todos-tus-looks-de-noche-5.jpg\" class=\"v-a-img\" width=\"650\" height=\"975\" alt data-voc-vtm-id=\"in-text-traffic\">\n<\/div>\n<\/div>\n<\/div>\n<\/article>\n<\/div>\n<\/div>\n<p><h3 class=\"v-cmp-suh\">\nVestido estampado de Zara (45,95 euros)<br \/>\n<\/h3>\n<\/p>\n<p class=\"voc-paragraph\">Un aut\u00e9ntico \u00e9xito de ventas, que ya est\u00e1 a punto de agotarse. Los dise\u00f1os de aires bohemios est\u00e1n m\u00e1s de moda que nunca. Esta temporada apuesta por un dise\u00f1o con estampado multicolor. <\/p>\n<div class=\"v-c-cmp \">\n<div class=\"v-cmp-m v-cmp-m--t1\">\n<article class=\"v-a v-a--cmp-m v-c-cmp--m-p\">\n<div class=\"v-a-img-c v-a-img-c--fw-xs\">\n<div class=\"v-a-fig\">\n<div class=\"v-a-link\">\n<img loading=\"lazy\" src=\"http:\/\/hoycordobaweb.com\/wp-content\/uploads\/2025\/07\/este-verano-solo-necesitas-un-vestido-para-triunfar-con-todos-tus-looks-de-noche-6.jpg\" class=\"v-a-img\" width=\"650\" height=\"975\" alt data-voc-vtm-id=\"in-text-traffic\">\n<\/div>\n<\/div>\n<\/div>\n<\/article>\n<\/div>\n<\/div>\n<p><h3 class=\"v-cmp-suh\">\nVestido estampado de Zara (39,99 euros)<br \/>\n<\/h3>\n<\/p>\n<p class=\"voc-paragraph\">Aqu\u00ed est\u00e1 uno de los dise\u00f1os m\u00e1s interesantes de la nueva temporada de la firma espa\u00f1ola. Un vestido midi, en blanco y negro, que tienes que tener esta temporada. <\/p>\n<div class=\"v-c-cmp \">\n<div class=\"v-cmp-m v-cmp-m--t1\">\n<article class=\"v-a v-a--cmp-m v-c-cmp--m-p\">\n<div class=\"v-a-img-c v-a-img-c--fw-xs\">\n<div class=\"v-a-fig\">\n<div class=\"v-a-link\">\n<img loading=\"lazy\" src=\"http:\/\/hoycordobaweb.com\/wp-content\/uploads\/2025\/07\/este-verano-solo-necesitas-un-vestido-para-triunfar-con-todos-tus-looks-de-noche-7.jpg\" class=\"v-a-img\" width=\"650\" height=\"975\" alt data-voc-vtm-id=\"in-text-traffic\">\n<\/div>\n<\/div>\n<\/div>\n<\/article>\n<\/div>\n<\/div>\n<p><h3 class=\"v-cmp-suh\">\nVestido con escote halter de Zara (59,99 euros)<br \/>\n<\/h3>\n<\/p>\n<p class=\"voc-paragraph\">Si tienes alg\u00fan evento especial este verano tienes que ver este bonito dise\u00f1o. Un vestido largo, con estampado en blanco y negro, que tambi\u00e9n podr\u00e1s llevar con todos tus looks diarios. <\/p>\n<div class=\"v-c-cmp \">\n<div class=\"v-cmp-m v-cmp-m--t1\">\n<article class=\"v-a v-a--cmp-m v-c-cmp--m-p\">\n<div class=\"v-a-img-c v-a-img-c--fw-xs\">\n<div class=\"v-a-fig\">\n<div class=\"v-a-link\">\n<img loading=\"lazy\" src=\"http:\/\/hoycordobaweb.com\/wp-content\/uploads\/2025\/07\/este-verano-solo-necesitas-un-vestido-para-triunfar-con-todos-tus-looks-de-noche-8.jpg\" class=\"v-a-img\" width=\"650\" height=\"975\" alt data-voc-vtm-id=\"in-text-traffic\">\n<\/div>\n<\/div>\n<\/div>\n<\/article>\n<\/div>\n<\/div>\n<p><h3 class=\"v-cmp-suh\">\nVestido caqui de Zara (35,99 euros)<br \/>\n<\/h3>\n<\/p>\n<p class=\"voc-paragraph\">Un dise\u00f1o de color caqui que podr\u00e1s llevar de mil y una formas este verano. Su corte favorece a todo tipo de siluetas y se adapta a todos los estilos. \u00a1Ya est\u00e1 a punto de agotarse! <\/p>\n<div class=\"v-c-cmp v-c-cmp--t1 \">\n<div class=\"v-cmp-rld v-cmp-rld--2 \">\n<div class=\"v-cnt-m v-cnt-m--m\">\n<div class=\"v-cnt-m__c\">\n<div class=\"v-cnt-m__w v-cnt-m__w--1\">\n<p class=\"v-cnt-m__t\">\nTAMBI\u00c9N TE INTERESA\n<\/p>\n<\/div>\n<\/div>\n<\/div>\n<div class=\"v-g v-g--2-c v-g--bdr-min-xs\">\n<div class=\"v-g__c \">\n<article class=\"v-a v-a--cmp-rld v-a--cmp-rld-2 v-a--p-l\">\n<div class=\"v-a-img-c\">\n<figure class=\"v-a-fig\">\n<a href=\"https:\/\/www.mujerhoy.com\/moda\/no-te-pierdas\/copiar-look-facil-vestido-alpargata-bolso-bonito-verano-influencer-20250615074352-nt.html#vtm_modulosEngag=mod-rel:moda:noticia:1:cmp:2-not\" class=\"v-a-link\" title=\"Este es el look de verano que tienes que copiar de pies a cabeza\"><br \/>\n<img loading=\"lazy\" class=\"v-a-img\" src=\"http:\/\/hoycordobaweb.com\/wp-content\/uploads\/2025\/07\/este-verano-solo-necesitas-un-vestido-para-triunfar-con-todos-tus-looks-de-noche-9.jpg\" alt=\"Este es el look de verano que tienes que copiar de pies a cabeza\"><br \/>\n<\/a><br \/>\n<\/figure>\n<\/div>\n<\/article>\n<\/div>\n<div class=\"v-g__c \">\n<article class=\"v-a v-a--cmp-rld v-a--cmp-rld-2 v-a--p-l\">\n<div class=\"v-a-img-c\">\n<figure class=\"v-a-fig\">\n<a href=\"https:\/\/www.mujerhoy.com\/moda\/no-te-pierdas\/pantalones-lino-tipazo-verano-instagram-zara-20250617073758-nt.html#vtm_modulosEngag=mod-rel:moda:noticia:2:cmp:2-not\" class=\"v-a-link\" title=\"Este verano los pantalones de lino ser\u00e1n la prenda imprescindible de tu armario\"><br \/>\n<img loading=\"lazy\" class=\"v-a-img\" src=\"http:\/\/hoycordobaweb.com\/wp-content\/uploads\/2025\/07\/este-verano-solo-necesitas-un-vestido-para-triunfar-con-todos-tus-looks-de-noche-10.jpg\" alt=\"Este verano los pantalones de lino ser\u00e1n la prenda imprescindible de tu armario\"><br \/>\n<\/a><br \/>\n<\/figure>\n<\/div>\n<\/article>\n<\/div>\n<\/div>\n<\/div>\n<\/div>\n<div class=\"media_block\"><\/div>\n","protected":false},"excerpt":{"rendered":"<p>Gemma Cano Publicado \u00b7 21 de julio de 2025, 13:30 h Con las vacaciones a la vuelta de la esquina, nuestro calendario de eventos sociales se est\u00e1 incrementado por momentos. Las noches de verano, cuando las altas temperaturas t\u00edpicas del verano se relajan, son la excusa perfecta para disfrutar de mil y un planes. Y [&hellip;]<\/p>\n","protected":false},"author":1,"featured_media":111625,"comment_status":"closed","ping_status":"closed","sticky":false,"template":"","format":"standard","meta":[],"categories":[],"tags":[],"_links":{"self":[{"href":"http:\/\/hoycordobaweb.com\/index.php\/wp-json\/wp\/v2\/posts\/111624"}],"collection":[{"href":"http:\/\/hoycordobaweb.com\/index.php\/wp-json\/wp\/v2\/posts"}],"about":[{"href":"http:\/\/hoycordobaweb.com\/index.php\/wp-json\/wp\/v2\/types\/post"}],"author":[{"embeddable":true,"href":"http:\/\/hoycordobaweb.com\/index.php\/wp-json\/wp\/v2\/users\/1"}],"replies":[{"embeddable":true,"href":"http:\/\/hoycordobaweb.com\/index.php\/wp-json\/wp\/v2\/comments?post=111624"}],"version-history":[{"count":0,"href":"http:\/\/hoycordobaweb.com\/index.php\/wp-json\/wp\/v2\/posts\/111624\/revisions"}],"wp:featuredmedia":[{"embeddable":true,"href":"http:\/\/hoycordobaweb.com\/index.php\/wp-json\/wp\/v2\/media\/111625"}],"wp:attachment":[{"href":"http:\/\/hoycordobaweb.com\/index.php\/wp-json\/wp\/v2\/media?parent=111624"}],"wp:term":[{"taxonomy":"category","embeddable":true,"href":"http:\/\/hoycordobaweb.com\/index.php\/wp-json\/wp\/v2\/categories?post=111624"},{"taxonomy":"post_tag","embeddable":true,"href":"http:\/\/hoycordobaweb.com\/index.php\/wp-json\/wp\/v2\/tags?post=111624"}],"curies":[{"name":"wp","href":"https:\/\/api.w.org\/{rel}","templated":true}]}}