{"id":111622,"date":"2025-07-21T11:31:21","date_gmt":"2025-07-21T11:31:21","guid":{"rendered":"https:\/\/www.mujerhoy.com\/moda\/no-te-pierdas\/eva-longoria-espectacular-marbella-vestido-vicky-martin-berrocal-20250721131313-nt.html"},"modified":"2025-07-21T11:31:21","modified_gmt":"2025-07-21T11:31:21","slug":"eva-longoria-espectacular-en-marbella-con-un-vestido-de-vicky-martin-berrocal","status":"publish","type":"post","link":"http:\/\/hoycordobaweb.com\/index.php\/2025\/07\/21\/eva-longoria-espectacular-en-marbella-con-un-vestido-de-vicky-martin-berrocal\/","title":{"rendered":"Eva Longoria, espectacular en Marbella con un vestido de Vicky Mart\u00edn Berrocal"},"content":{"rendered":"<p><!-- AUTHOR --><\/p>\n<div class=\"voc-author-timesocial \">\n<!-- AUTHOR --><\/p>\n<div class=\"voc-author-timesocial__signature \">\n<!-- IMAGE AUTHOR -->\n<picture class=\"voc-image-signature\">\n<img class=\"voc-image-signature__img\" src=\"http:\/\/hoycordobaweb.com\/wp-content\/uploads\/2025\/07\/eva-longoria-espectacular-en-marbella-con-un-vestido-de-vicky-martin-berrocal.jpg\" alt=\"Raquel Rodr\u00edguez\">\n<\/picture>\n<!-- INFO AUTHOR --> <\/div><\/div>\n<p><!-- COMPONENTS --><\/p>\n<p class=\"voc-paragraph\">Que a <a href=\"https:\/\/www.mujerhoy.com\/temas\/personajes\/eva-longoria.html\" title=\"www.mujerhoy.com\" data-voc-vtm-id=\"in-text-traffic\" data-mrf-link=\"www.mujerhoy.com\">Eva Longoria <\/a>le encanta Espa\u00f1a es algo que ha quedado m\u00e1s que demostrado. Y no solo con las veces que ha declarado su amor por nuestro pa\u00eds, sino tambi\u00e9n con la cantidad de tiempo que pasa en algunas de las zonas m\u00e1s exclusivas. <strong>Marbella <\/strong>es una de ellas. Pasa gran parte de sus vacaciones en la ciudad malague\u00f1a y no duda en participar en actos, eventos y fiestas que all\u00ed se celebran.<\/p>\n<p class=\"voc-paragraph\">Es el caso de la<strong> la Gala Global Gift<\/strong>, una cita que reuni\u00f3 a personalidades del mundo del espect\u00e1culo, la filantrop\u00eda, los negocios y el arte, todos con un mismo prop\u00f3sito: transformar vidas a trav\u00e9s de la solidaridad. Y la invitada protagonista fue una Eva Longoria que arras\u00f3 vestida de Vicky Mart\u00edn Berrocal.<\/p>\n<div class=\"v-c-cmp v-c-cmp--t1 \">\n<div class=\"v-cmp-rld v-cmp-rld--2 \">\n<div class=\"v-cnt-m v-cnt-m--m\">\n<div class=\"v-cnt-m__c\">\n<div class=\"v-cnt-m__w v-cnt-m__w--1\">\n<p class=\"v-cnt-m__t\">\nTAMBI\u00c9N TE INTERESA\n<\/p>\n<\/div>\n<\/div>\n<\/div>\n<div class=\"v-g v-g--2-c v-g--bdr-min-xs\">\n<div class=\"v-g__c \">\n<article class=\"v-a v-a--cmp-rld v-a--cmp-rld-2 v-a--p-l\">\n<div class=\"v-a-img-c\">\n<figure class=\"v-a-fig\">\n<a href=\"https:\/\/www.mujerhoy.com\/belleza\/maquillaje\/serum-color-barato-maquillaje-eva-longoria-festival-cannes-20250521075627-nt.html#vtm_modulosEngag=mod-rel:moda:noticia:1:cmp:2-not\" class=\"v-a-link\" title=\"El s\u00e9rum con color que usan las famosas para lucir piel perfecta en la alfombra roja\"><br \/>\n<img loading=\"lazy\" class=\"v-a-img\" src=\"http:\/\/hoycordobaweb.com\/wp-content\/uploads\/2025\/07\/eva-longoria-espectacular-en-marbella-con-un-vestido-de-vicky-martin-berrocal-1.jpg\" alt=\"El s\u00e9rum con color que usan las famosas para lucir piel perfecta en la alfombra roja\"><br \/>\n<\/a><br \/>\n<\/figure>\n<\/div>\n<\/article>\n<\/div><\/div>\n<\/div>\n<\/div>\n<p class=\"voc-paragraph\">La actriz era, junto a Mar\u00eda Bravo y Zazou Belounis, uno de los anfitriones de honor para <strong>300 invitados<\/strong> entre los que se encontraban grandes nombres del panorama internacional como el actor de Hollywood Amaury Nolasco, la modelo y actriz, as\u00ed como coach de vida, fil\u00e1ntropa y autora espa\u00f1ola del libro \u00abEmpieza por ti\u00bb, Lorena Bernal, el presentador brit\u00e1nico de radio tv y fil\u00e1ntropo, Nick Ede, o el exjugador profesional de baloncesto estadounidense Sean Elliot.<\/p>\n<p class=\"voc-paragraph\">Tambi\u00e9n estaba la dise\u00f1adora de moda Vicky Mart\u00edn Berrocal, amiga de Eva Longoria y la encargada de dar forma al look elegido por la actriz para esta noche tan especial. Dejando clara su gran complicidad y amistad, Eva volvi\u00f3 a escoger a Victoria, la firma de Vicky, para lucir <strong>muy elegante durante la gala solidaria<\/strong>.<\/p>\n<p><h3 class=\"v-cmp-suh\">\nUn vestido blanco de escote halter<br \/>\n<\/h3>\n<\/p>\n<div class=\"v-c-cmp v-c-cmp--s\">\n<div class=\"v-cmp-m \">\n<article class=\"v-a v-a--cmp-m v-c-cmp--m-z\">\n<div class=\"v-a-img-c \">\n<div class=\"v-a-fig\">\n<button class=\"v-a-link\" popovertarget=\"photo-501\"><br \/>\n<img loading=\"lazy\" src=\"http:\/\/hoycordobaweb.com\/wp-content\/uploads\/2025\/07\/eva-longoria-espectacular-en-marbella-con-un-vestido-de-vicky-martin-berrocal-2.jpg\" class=\"v-a-img\" width=\"650\" height=\"650\" alt=\"Eva Longoria con un vestido blanco de Victoria.\" data-voc-vtm-id=\"in-text-traffic\"> <\/button><figcaption class=\"v-fc\">\n<span class=\"v-fc__t\"><br \/>\nEva Longoria con un vestido blanco de Victoria.<br \/>\n<\/span><br \/>\n<span class=\"v-fc__p\"><br \/>\ngtres<br \/>\n<\/span><br \/>\n<\/figcaption><\/div>\n<\/div>\n<div id=\"photo-501\" popover class=\"v-mdl v-mdl--fw\">\n<button class=\"v-x\" popovertarget=\"photo-501\" popovertargetaction=\"hide\"><br \/>\n<span class=\"v-i\"><br \/>\n<svg width=\"24\" height=\"23.996\" viewBox=\"0 0 24 23.996\">\n<path data-name=\"Uni\u00f3n 29\" d=\"M12,14.03,2.031,24,0,21.963,9.968,12,0,2.033,2.031,0,12,9.966,21.969,0,24,2.033,14.032,12,24,21.963,21.969,24Z\" \/>\n<\/svg><br \/>\n<\/span><br \/>\n<\/button><\/p>\n<div class=\"v-mdl__c\">\n<div class=\"v-mdl__w\">\n<img loading=\"lazy\" src=\"http:\/\/hoycordobaweb.com\/wp-content\/uploads\/2025\/07\/eva-longoria-espectacular-en-marbella-con-un-vestido-de-vicky-martin-berrocal-2.jpg\" class=\"v-mdl__img-z\" width=\"650\" height=\"650\" alt>\n<\/div>\n<\/div>\n<\/div>\n<p><span class=\"v-bdp\"><\/span><br \/>\n<\/article>\n<\/div>\n<\/div>\n<p class=\"voc-paragraph\">Se decant\u00f3 por un bonito vestido blanco, una pieza \u00fanica confeccionada a medida especialmente para la ocasi\u00f3n en crep\u00e9 satinado blanco. Era un dise\u00f1o que combinaba arquitectura y sensualidad gracias a un<strong> escote halter <\/strong>con una abertura frontal y una espalda descubierta que realzan su silueta et\u00e9rea y sofisticada. <\/p>\n<p class=\"voc-paragraph\">Un ejemplo claro del talento y la visi\u00f3n de Victoria Colecci\u00f3n, que se ha posicionado como la marca para mujeres que visten con intenci\u00f3n y personalidad. Y es que, en la actualidad son muchas las invitadas que ahora se decantan por los dise\u00f1os de Vicky Mart\u00edn Berrocal. De hecho, rostros conocidos como el de<strong> Isabel D\u00edaz Ayuso<\/strong> son fieles a sus propuestas estil\u00edsticas.<\/p>\n<div class=\"v-c-cmp v-c-cmp--s\">\n<div class=\"v-cmp-m \">\n<article class=\"v-a v-a--cmp-m v-c-cmp--m-z\">\n<div class=\"v-a-img-c \">\n<div class=\"v-a-fig\">\n<button class=\"v-a-link\" popovertarget=\"photo-687\"><br \/>\n<img loading=\"lazy\" src=\"http:\/\/hoycordobaweb.com\/wp-content\/uploads\/2025\/07\/eva-longoria-espectacular-en-marbella-con-un-vestido-de-vicky-martin-berrocal-3.jpg\" class=\"v-a-img\" width=\"650\" height=\"650\" alt=\"Maria Bravo, Eva Longoria y Vicky Mart\u00edn Berrocal.\" data-voc-vtm-id=\"in-text-traffic\"> <\/button><figcaption class=\"v-fc\">\n<span class=\"v-fc__t\"><br \/>\nMaria Bravo, Eva Longoria y Vicky Mart\u00edn Berrocal.<br \/>\n<\/span><br \/>\n<span class=\"v-fc__p\"><br \/>\ngtres<br \/>\n<\/span><br \/>\n<\/figcaption><\/div>\n<\/div>\n<div id=\"photo-687\" popover class=\"v-mdl v-mdl--fw\">\n<button class=\"v-x\" popovertarget=\"photo-687\" popovertargetaction=\"hide\"><br \/>\n<span class=\"v-i\"><br \/>\n<svg width=\"24\" height=\"23.996\" viewBox=\"0 0 24 23.996\">\n<path data-name=\"Uni\u00f3n 29\" d=\"M12,14.03,2.031,24,0,21.963,9.968,12,0,2.033,2.031,0,12,9.966,21.969,0,24,2.033,14.032,12,24,21.963,21.969,24Z\" \/>\n<\/svg><br \/>\n<\/span><br \/>\n<\/button><\/p>\n<div class=\"v-mdl__c\">\n<div class=\"v-mdl__w\">\n<img loading=\"lazy\" src=\"http:\/\/hoycordobaweb.com\/wp-content\/uploads\/2025\/07\/eva-longoria-espectacular-en-marbella-con-un-vestido-de-vicky-martin-berrocal-3.jpg\" class=\"v-mdl__img-z\" width=\"650\" height=\"650\" alt>\n<\/div>\n<\/div>\n<\/div>\n<p><span class=\"v-bdp\"><\/span><br \/>\n<\/article>\n<\/div>\n<\/div>\n<p class=\"voc-paragraph\">Vicky, tambi\u00e9n de blanco, luci\u00f3 al igual un dise\u00f1o de su propia firma. Era una pieza de escote barco confeccionado en un tejido de gasa con<strong> transparencias y drapeados <\/strong>estrat\u00e9gicos que hac\u00edan que la prenda le sentada de maravilla. Lo acompa\u00f1\u00f3 de una coleta alta tirante y confirm\u00f3, una vez m\u00e1s, que es una de las mujeres m\u00e1s elegantes del momento.<\/p>\n<div class=\"v-c-cmp v-c-cmp--s\">\n<div class=\"v-cmp-m \">\n<article class=\"v-a v-a--cmp-m v-c-cmp--m-z\">\n<div class=\"v-a-img-c \">\n<div class=\"v-a-fig\">\n<button class=\"v-a-link\" popovertarget=\"photo-365\"><br \/>\n<img loading=\"lazy\" src=\"http:\/\/hoycordobaweb.com\/wp-content\/uploads\/2025\/07\/eva-longoria-espectacular-en-marbella-con-un-vestido-de-vicky-martin-berrocal-4.jpg\" class=\"v-a-img\" width=\"650\" height=\"650\" alt=\"Eva Longoria y Vicky Mart\u00edn Berrocal son muy amigas.\" data-voc-vtm-id=\"in-text-traffic\"> <\/button><figcaption class=\"v-fc\">\n<span class=\"v-fc__t\"><br \/>\nEva Longoria y Vicky Mart\u00edn Berrocal son muy amigas.<br \/>\n<\/span><br \/>\n<span class=\"v-fc__p\"><br \/>\ngtres<br \/>\n<\/span><br \/>\n<\/figcaption><\/div>\n<\/div>\n<div id=\"photo-365\" popover class=\"v-mdl v-mdl--fw\">\n<button class=\"v-x\" popovertarget=\"photo-365\" popovertargetaction=\"hide\"><br \/>\n<span class=\"v-i\"><br \/>\n<svg width=\"24\" height=\"23.996\" viewBox=\"0 0 24 23.996\">\n<path data-name=\"Uni\u00f3n 29\" d=\"M12,14.03,2.031,24,0,21.963,9.968,12,0,2.033,2.031,0,12,9.966,21.969,0,24,2.033,14.032,12,24,21.963,21.969,24Z\" \/>\n<\/svg><br \/>\n<\/span><br \/>\n<\/button><\/p>\n<div class=\"v-mdl__c\">\n<div class=\"v-mdl__w\">\n<img loading=\"lazy\" src=\"http:\/\/hoycordobaweb.com\/wp-content\/uploads\/2025\/07\/eva-longoria-espectacular-en-marbella-con-un-vestido-de-vicky-martin-berrocal-4.jpg\" class=\"v-mdl__img-z\" width=\"650\" height=\"650\" alt>\n<\/div>\n<\/div>\n<\/div>\n<p><span class=\"v-bdp\"><\/span><br \/>\n<\/article>\n<\/div>\n<\/div>\n<p class=\"voc-paragraph\">Ambas posaron juntas en un photocall que estuvo protagonizado por las dos celebrities. Eva y Vicky posaron tambi\u00e9n muy sonrientes junto a Maria Bravo, un tr\u00edo de blanco que hizo alarde de lo buena opci\u00f3n que es<strong> vestir de blanco<\/strong> cuando llega el verano: resalta el moreno y favorece much\u00edsimo.<\/p>\n<div class=\"v-c-cmp v-c-cmp--t1 \">\n<div class=\"v-cmp-rld v-cmp-rld--2 \">\n<div class=\"v-cnt-m v-cnt-m--m\">\n<div class=\"v-cnt-m__c\">\n<div class=\"v-cnt-m__w v-cnt-m__w--1\">\n<p class=\"v-cnt-m__t\">\nTAMBI\u00c9N TE INTERESA\n<\/p>\n<\/div>\n<\/div>\n<\/div>\n<div class=\"v-g v-g--2-c v-g--bdr-min-xs\">\n<div class=\"v-g__c \">\n<article class=\"v-a v-a--cmp-rld v-a--cmp-rld-2 v-a--p-l\">\n<div class=\"v-a-img-c\">\n<figure class=\"v-a-fig\">\n<a href=\"https:\/\/www.mujerhoy.com\/celebrities\/alfombra-roja\/premios-platino-2025-alfombra-roja-mejores-looks-eva-longoria-isabel-diaz-ayuso-20250428104043-nt.html#vtm_modulosEngag=mod-rel:moda:noticia:1:cmp:2-not\" class=\"v-a-link\" title=\"As\u00ed ha sido la alfombra roja que ha unido a Eva Longoria, Isabel D\u00edaz Ayuso y Dulceida en Madrid: los mejores looks de los premios Platino 2025\"><br \/>\n<img loading=\"lazy\" class=\"v-a-img\" src=\"http:\/\/hoycordobaweb.com\/wp-content\/uploads\/2025\/07\/eva-longoria-espectacular-en-marbella-con-un-vestido-de-vicky-martin-berrocal-5.jpg\" alt=\"As\u00ed ha sido la alfombra roja que ha unido a Eva Longoria, Isabel D\u00edaz Ayuso y Dulceida en Madrid: los mejores looks de los premios Platino 2025\"><br \/>\n<\/a><br \/>\n<\/figure>\n<\/div>\n<\/article>\n<\/div>\n<div class=\"v-g__c \">\n<article class=\"v-a v-a--cmp-rld v-a--cmp-rld-2 v-a--p-l\">\n<div class=\"v-a-img-c\">\n<figure class=\"v-a-fig\">\n<a href=\"https:\/\/www.mujerhoy.com\/celebrities\/realeza\/reina-letizia-eclipso-kate-middleton-jarretera-vestido-querubina-joyas-pasar-20250719010729-nt.html#vtm_modulosEngag=mod-rel:moda:noticia:2:cmp:2-not\" class=\"v-a-link\" title=\"El d\u00eda que la reina Letizia eclips\u00f3 a Kate Middleton y a todas las royals inglesas: marca andaluza y joyas de pasar\"><br \/>\n<img loading=\"lazy\" class=\"v-a-img\" src=\"http:\/\/hoycordobaweb.com\/wp-content\/uploads\/2025\/07\/eva-longoria-espectacular-en-marbella-con-un-vestido-de-vicky-martin-berrocal-6.jpg\" alt=\"El d\u00eda que la reina Letizia eclips\u00f3 a Kate Middleton y a todas las royals inglesas: marca andaluza y joyas de pasar\"><br \/>\n<\/a><br \/>\n<\/figure>\n<\/div>\n<\/article>\n<\/div>\n<\/div>\n<\/div>\n<\/div>\n<div class=\"media_block\"><\/div>\n","protected":false},"excerpt":{"rendered":"<p>Que a Eva Longoria le encanta Espa\u00f1a es algo que ha quedado m\u00e1s que demostrado. Y no solo con las veces que ha declarado su amor por nuestro pa\u00eds, sino tambi\u00e9n con la cantidad de tiempo que pasa en algunas de las zonas m\u00e1s exclusivas. Marbella es una de ellas. Pasa gran parte de sus [&hellip;]<\/p>\n","protected":false},"author":1,"featured_media":111623,"comment_status":"closed","ping_status":"closed","sticky":false,"template":"","format":"standard","meta":[],"categories":[],"tags":[],"_links":{"self":[{"href":"http:\/\/hoycordobaweb.com\/index.php\/wp-json\/wp\/v2\/posts\/111622"}],"collection":[{"href":"http:\/\/hoycordobaweb.com\/index.php\/wp-json\/wp\/v2\/posts"}],"about":[{"href":"http:\/\/hoycordobaweb.com\/index.php\/wp-json\/wp\/v2\/types\/post"}],"author":[{"embeddable":true,"href":"http:\/\/hoycordobaweb.com\/index.php\/wp-json\/wp\/v2\/users\/1"}],"replies":[{"embeddable":true,"href":"http:\/\/hoycordobaweb.com\/index.php\/wp-json\/wp\/v2\/comments?post=111622"}],"version-history":[{"count":0,"href":"http:\/\/hoycordobaweb.com\/index.php\/wp-json\/wp\/v2\/posts\/111622\/revisions"}],"wp:featuredmedia":[{"embeddable":true,"href":"http:\/\/hoycordobaweb.com\/index.php\/wp-json\/wp\/v2\/media\/111623"}],"wp:attachment":[{"href":"http:\/\/hoycordobaweb.com\/index.php\/wp-json\/wp\/v2\/media?parent=111622"}],"wp:term":[{"taxonomy":"category","embeddable":true,"href":"http:\/\/hoycordobaweb.com\/index.php\/wp-json\/wp\/v2\/categories?post=111622"},{"taxonomy":"post_tag","embeddable":true,"href":"http:\/\/hoycordobaweb.com\/index.php\/wp-json\/wp\/v2\/tags?post=111622"}],"curies":[{"name":"wp","href":"https:\/\/api.w.org\/{rel}","templated":true}]}}