{"id":111608,"date":"2025-07-21T09:00:00","date_gmt":"2025-07-21T09:00:00","guid":{"rendered":"https:\/\/www.ole.com.ar\/informacion-general\/afa-grondona-seleccion-messi_0_CDsqzyDBUt.html"},"modified":"2025-07-21T09:00:00","modified_gmt":"2025-07-21T09:00:00","slug":"a-nueve-anos-de-la-comision-normalizadora-de-la-afa-que-fue-de-sus-integrantes-y-por-que-hubo-denuncias-entre-ellos","status":"publish","type":"post","link":"http:\/\/hoycordobaweb.com\/index.php\/2025\/07\/21\/a-nueve-anos-de-la-comision-normalizadora-de-la-afa-que-fue-de-sus-integrantes-y-por-que-hubo-denuncias-entre-ellos\/","title":{"rendered":"A nueve a\u00f1os de la Comisi\u00f3n Normalizadora de la AFA: qu\u00e9 fue de sus integrantes y por qu\u00e9 hubo denuncias entre ellos"},"content":{"rendered":"<p><img src=\"http:\/\/hoycordobaweb.com\/wp-content\/uploads\/2025\/07\/a-nueve-anos-de-la-comision-normalizadora-de-la-afa-que-fue-de-sus-integrantes-y-por-que-hubo-denuncias-entre-ellos.jpg\"><\/p>\n<p><time class=\"createDate\" datetime=\"2025-07-21T06:00:00-03:00\">21\/07\/2025 06:00hs.<\/time><\/p>\n<div id=\"storyBody\">\n<div class=\"custom-text \" readability=\"44.677685950413\">\n<p>Para <a href=\"https:\/\/www.ole.com.ar\/tema\/julio-grondona.html\" title=\"Julio Grondona\" alt=\"Julio Grondona\" class=\"slug\">Julio Grondona<\/a> el sucesor de <a href=\"https:\/\/www.ole.com.ar\/tema\/alejandro-sabella.html\" title=\"Alejandro Sabella\" alt=\"Alejandro Sabella\" class=\"slug\">Alejandro Sabella<\/a>, tras el Mundial de Brasil, era <a href=\"https:\/\/www.ole.com.ar\/tema\/miguel-angel-russo.html\" title=\"Miguel Angel Russo\" alt=\"Miguel Angel Russo\" class=\"slug\">Miguel \u00c1ngel Russo<\/a>. En su proyecto, seg\u00fan cont\u00f3 Ernesto Cherquis Bialo, \u00faltimo vocero de la <a href=\"https:\/\/www.ole.com.ar\/tema\/afa.html\" title=\"afa\" alt=\"afa\" class=\"slug\">AFA<\/a>, <a href=\"https:\/\/www.ole.com.ar\/tema\/carlos-salvador-bilardo.html\" title=\"Carlos Salvador Bilardo\" alt=\"Carlos Salvador Bilardo\" class=\"slug\">Carlos Bilardo<\/a> seguir\u00eda como Director de Selecciones Nacionales y Humbertito, como t\u00e9cnico de las Juveniles. Esa convicci\u00f3n ten\u00eda Don Julio la noche del martes 29 de julio de 2014 cuando cerr\u00f3 por \u00faltima vez la puerta de su oficina de la AFA, luego de una reuni\u00f3n del Comit\u00e9 Ejecutivo. Baj\u00f3 por su ascensor privado y se subi\u00f3 al asiento delantero de la Amarok, manejada por Alejandro Rodr\u00edguez, su chofer. Ser\u00eda la \u00faltima vez que har\u00eda el recorrido desde Viamonte 1366 hasta su casa en Puerto Madero. Horas despu\u00e9s, a la una del mediod\u00eda del mi\u00e9rcoles 30 de julio, en la puerta del Sanatorio Mitre, Cherquis Bialo daba una noticia que conmov\u00eda al f\u00fatbol argentino:<strong> \u201cSe\u00f1ores, tengo la triste y dif\u00edcil obligaci\u00f3n de informarles que ha muerto Julio Grondona\u201d.<\/strong><\/p>\n<\/div>\n<div class=\"sc-e7b891c4-0 ifHnQL image-embed\"><img alt=\"Los cuatro integrantes de la Comisi\u00f3n Normalizadora: Javier Med\u00edn, Armando P\u00e9rez, Carolina Cristinziano y Pablo Toviggino.\" loading=\"lazy\" width=\"1290\" height=\"760\" decoding=\"async\" data-nimg=\"1\" src=\"http:\/\/hoycordobaweb.com\/wp-content\/uploads\/2025\/07\/a-nueve-anos-de-la-comision-normalizadora-de-la-afa-que-fue-de-sus-integrantes-y-por-que-hubo-denuncias-entre-ellos-2.jpg\"><span class=\"epigraphe\">Los cuatro integrantes de la Comisi\u00f3n Normalizadora: Javier Med\u00edn, Armando P\u00e9rez, Carolina Cristinziano y Pablo Toviggino.<\/span><\/div>\n<div class=\"custom-text \" readability=\"42.109785202864\">\n<p>Luis Segura, empresario, due\u00f1o de los alfajores Amalfi y de una cadena de farmacias y droguer\u00edas, titular de <a href=\"https:\/\/www.ole.com.ar\/tema\/argentinos-juniors.html\" title=\"Argentinos Juniors\" alt=\"Argentinos Juniors\" class=\"slug\">Argentinos Juniors<\/a>, pero sobre todo vicepresidente primero de la AFA, fue quien ocup\u00f3 el lugar de Don Julio. Primero de forma interina y, luego, en octubre, ya elegido por unanimidad 50-0 para completar el mandato de Grondona. Ser\u00eda por un a\u00f1o, hasta octubre de 2015. Nadie imaginaba todo lo que vendr\u00eda.<\/p>\n<\/div>\n<div class=\"sc-a7166897-0 eoLsBE\" readability=\"6.5\">\n<section readability=\"3\"><picture><img alt=\"La llamativa respuesta del Ogro Fabbiani cuando le consultaron por la situaci\u00f3n de Keylor Navas\" loading=\"lazy\" width=\"290\" height=\"290\" decoding=\"async\" data-nimg=\"1\" src=\"http:\/\/hoycordobaweb.com\/wp-content\/uploads\/2025\/07\/a-nueve-anos-de-la-comision-normalizadora-de-la-afa-que-fue-de-sus-integrantes-y-por-que-hubo-denuncias-entre-ellos-3.jpg\"><\/picture>\n<p><span>Mir\u00e1 tambi\u00e9n<\/span><\/p>\n<hr>\n<h3>La llamativa respuesta del Ogro Fabbiani cuando le consultaron por la situaci\u00f3n de Keylor Navas<\/h3>\n<\/p>\n<\/section>\n<\/div>\n<div class=\"custom-text \" readability=\"31.927601809955\">\n<p>Durante la presidencia de Segura, el torneo continu\u00f3 con los 30 benditos equipos que nos hab\u00eda dejado Don Julio y el que asumi\u00f3 como t\u00e9cnico de la Selecci\u00f3n no fue Russo: fue <a href=\"https:\/\/www.ole.com.ar\/tema\/gerardo-martino.html\" title=\"Gerardo Martino\" alt=\"Gerardo Martino\" class=\"slug\">Gerardo Martino<\/a>, campe\u00f3n con <a href=\"https:\/\/www.ole.com.ar\/tema\/newells-old-boys.html\" title=\"Newell's Old Boys\" alt=\"Newell's Old Boys\" class=\"slug\">Newell\u2019s<\/a>.<\/p>\n<\/div>\n<div class=\"sc-e7b891c4-0 ifHnQL image-embed\"><img alt=\"Armando P\u00e9rez estuvo a la cabeza de la Comisi\u00f3n Normalizadora.\" loading=\"lazy\" width=\"1290\" height=\"760\" decoding=\"async\" data-nimg=\"1\" src=\"http:\/\/hoycordobaweb.com\/wp-content\/uploads\/2025\/07\/a-nueve-anos-de-la-comision-normalizadora-de-la-afa-que-fue-de-sus-integrantes-y-por-que-hubo-denuncias-entre-ellos-4.jpg\"><span class=\"epigraphe\">Armando P\u00e9rez estuvo a la cabeza de la Comisi\u00f3n Normalizadora.<\/span><\/div>\n<div class=\"custom-text \" readability=\"44.017467248908\">\n<p>El 3 de diciembre de 2015, en el predio de Ezeiza, m\u00e1s precisamente en la cancha de futsal, lleg\u00f3 el mayor esc\u00e1ndalo en la historia de la AFA: <strong>el imposible 38 a 38 entre Luis Segura y <a href=\"https:\/\/www.ole.com.ar\/tema\/marcelo-tinelli.html\" title=\"Marcelo Tinelli\" alt=\"Marcelo Tinelli\" class=\"slug\">Marcelo Tinelli<\/a>, que quebr\u00f3 todas las leyes de las matem\u00e1ticas al empatar en una votaci\u00f3n con 75 asamble\u00edstas.<\/strong> No se pudo volver a votar porque dos asamble\u00edstas se hab\u00edan ido: Julio Koropeski, de Crucero del Norte, porque perd\u00eda su vuelo a Misiones; y \u00c1ngel Lozano, de Excursionistas, tras ser notificado de pintadas intimidatorias con aerosol en las paredes de su casa. <strong>Todo lo que sigui\u00f3 fue rosca de un lado y del otro, disputas internas, acusaciones cruzadas de dinero a cambio de votos.<\/strong><\/p>\n<\/div>\n<div class=\"sc-a7166897-0 eoLsBE\" readability=\"6\">\n<section readability=\"2\"><picture><img alt=\"La bandera que le colgaron los hinchas de Independiente a Tevez\" loading=\"lazy\" width=\"290\" height=\"290\" decoding=\"async\" data-nimg=\"1\" src=\"http:\/\/hoycordobaweb.com\/wp-content\/uploads\/2025\/07\/a-nueve-anos-de-la-comision-normalizadora-de-la-afa-que-fue-de-sus-integrantes-y-por-que-hubo-denuncias-entre-ellos-5.jpg\"><\/picture>\n<p><span>Mir\u00e1 tambi\u00e9n<\/span><\/p>\n<hr>\n<h3>La bandera que le colgaron los hinchas de Independiente a Tevez<\/h3>\n<\/p>\n<\/section>\n<\/div>\n<div class=\"custom-text \" readability=\"41\">\n<p>Tras meses de incertidumbre, las nuevas elecciones quedaron pactadas para el 30 de junio. Sin embargo, d\u00edas antes se postergaron. \u00bfQu\u00e9 pas\u00f3? Tras una teleconferencia entre el presidente Mauricio Macri y Gianni Infantino, <strong>el 24 de junio se intervino la AFA<\/strong>. <strong>Se desplaz\u00f3 a Luis Segura, que segu\u00eda como presidente, y entr\u00f3 en escena la Inspecci\u00f3n General de Justicia<\/strong> (la famosa IGJ, \u00bfte acord\u00e1s?).<\/p>\n<\/div>\n<div class=\"sc-e7b891c4-0 ifHnQL image-embed\"><img alt=\"Pablo Toviggino, integrante de la Comisi\u00f3n Normalizadora en aquel 2016.\" loading=\"lazy\" width=\"1290\" height=\"760\" decoding=\"async\" data-nimg=\"1\" src=\"http:\/\/hoycordobaweb.com\/wp-content\/uploads\/2025\/07\/a-nueve-anos-de-la-comision-normalizadora-de-la-afa-que-fue-de-sus-integrantes-y-por-que-hubo-denuncias-entre-ellos-6.jpg\"><span class=\"epigraphe\">Pablo Toviggino, integrante de la Comisi\u00f3n Normalizadora en aquel 2016.<\/span><\/div>\n<div class=\"custom-text \" readability=\"39\">\n<p>Qued\u00f3 como presidente interino <strong>Dami\u00e1n Dupiellet<\/strong>, secretario ejecutivo de la AFA, representante del f\u00fatbol playa, ex presidente de Ituzaing\u00f3, que <strong>estar\u00eda en el cargo hasta que la FIFA nombrara una Comisi\u00f3n Normalizadora<\/strong>. \u00bfQu\u00e9 hizo la IGJ como primera medida? Avis\u00f3 que las elecciones del 30 de junio se postergaban por 90 d\u00edas&#8230;<\/p>\n<\/div>\n<div class=\"custom-text \" readability=\"26.404255319149\">\n<p>Como si fuera poco el caos, en esos d\u00edas perd\u00edamos con Chile la final de la <a href=\"https:\/\/www.ole.com.ar\/tema\/copa-america.html\" title=\"Copa America\" alt=\"Copa America\" class=\"slug\">Copa Am\u00e9rica<\/a> Centenario en EE.UU. y <a href=\"https:\/\/www.ole.com.ar\/tema\/lionel-messi.html\" title=\"Lionel Messi\" alt=\"Lionel Messi\" class=\"slug\">Leo Messi<\/a> renunciaba a la <a href=\"https:\/\/www.ole.com.ar\/tema\/seleccion-argentina.html\" title=\"Selecci\u00f3n Argentina\" alt=\"Selecci\u00f3n Argentina\" class=\"slug\">Selecci\u00f3<\/a><a href=\"https:\/\/www.ole.com.ar\/tema\/seleccion-argentina.html\" title=\"Selecci\u00f3n Argentina\" alt=\"Selecci\u00f3n Argentina\" class=\"slug\">n Argentina<\/a>. \u00bfQu\u00e9 m\u00e1s pod\u00eda pasar?<\/p>\n<\/div>\n<div class=\"sc-e7b891c4-0 ifHnQL image-embed\"><img alt=\"Carolina Cristianziano, integrante de la Comisi\u00f3n Normalizadora.\" loading=\"lazy\" width=\"720\" height=\"100\" decoding=\"async\" data-nimg=\"1\" src=\"http:\/\/hoycordobaweb.com\/wp-content\/uploads\/2025\/07\/a-nueve-anos-de-la-comision-normalizadora-de-la-afa-que-fue-de-sus-integrantes-y-por-que-hubo-denuncias-entre-ellos-7.jpg\"><span class=\"epigraphe\">Carolina Cristianziano, integrante de la Comisi\u00f3n Normalizadora.<\/span><\/div>\n<div class=\"custom-text \" readability=\"47\">\n<p>Poco despu\u00e9s, el jueves 21 de julio (este lunes se cumplen nueve a\u00f1os) lleg\u00f3, s\u00ed, la famosa Comisi\u00f3n Normalizadora que respond\u00eda directamente a Mauricio Macri. <strong>A la cabeza estaba Armando P\u00e9rez, por entonces titular de Belgrano<\/strong>, secundado por <strong>Javier Med\u00edn, director de asuntos legales de Boca durante la presidencia de Macri<\/strong>. Los otros cargos los ocuparon <strong>Carolina Cristinziano, abogada, agente FIFA que hab\u00eda trabajado con Gustavo Mascardi y esposa del ex delantero de Central, Gonzalo Belloso<\/strong>, en ese entonces director de Desarrollo de Conmebol. El otro de la foto era alguien no muy conocido entonces: <strong>Pablo Toviggino, rosarino, presidente del Consejo Federal desde su cargo en Comercio Central Unidos de Santiago del Estero y que hab\u00eda emergido en la AFA en 2015 de la mano de Angelici<\/strong>.<\/p>\n<\/div>\n<div class=\"sc-e7b891c4-0 ifHnQL image-embed\"><img alt=\"Javier Med\u00edn, integrante de la Comisi\u00f3n Normalizadora de la AFA.\" loading=\"lazy\" width=\"1290\" height=\"760\" decoding=\"async\" data-nimg=\"1\" src=\"http:\/\/hoycordobaweb.com\/wp-content\/uploads\/2025\/07\/a-nueve-anos-de-la-comision-normalizadora-de-la-afa-que-fue-de-sus-integrantes-y-por-que-hubo-denuncias-entre-ellos-8.jpg\"><span class=\"epigraphe\">Javier Med\u00edn, integrante de la Comisi\u00f3n Normalizadora de la AFA.<\/span><\/div>\n<div class=\"custom-text \" readability=\"36\">\n<p> \u201cEstamos comprometidos y vamos a tener la transparencia que se necesita\u201d, dec\u00eda Armando P\u00e9rez, quien enseguida intentaba despegarse de la figura de Macri: \u201cMi voz no es la voz del Gobierno\u201d.<\/p>\n<\/div>\n<div class=\"sc-a7166897-0 eoLsBE\" readability=\"6\">\n<section readability=\"2\"><picture><img alt=\"Jugadora de la selecci\u00f3n de Inglaterra denunci\u00f3 ataque racial en redes sociales \" loading=\"lazy\" width=\"290\" height=\"290\" decoding=\"async\" data-nimg=\"1\" src=\"http:\/\/hoycordobaweb.com\/wp-content\/uploads\/2025\/07\/a-nueve-anos-de-la-comision-normalizadora-de-la-afa-que-fue-de-sus-integrantes-y-por-que-hubo-denuncias-entre-ellos-9.jpg\"><\/picture>\n<p><span>Mir\u00e1 tambi\u00e9n<\/span><\/p>\n<hr>\n<h3>Jugadora de la selecci\u00f3n de Inglaterra denunci\u00f3 ataque racial en redes sociales <\/h3>\n<\/p>\n<\/section>\n<\/div>\n<div class=\"custom-text \" readability=\"35.831831831832\">\n<p><strong>A todo esto, un peque\u00f1o detalle: la Selecci\u00f3n Argentina estaba sin entrenador.<\/strong> El Tata Martino hab\u00eda renunciado apenas d\u00edas antes, el 5 de julio, porque los clubes no le daban los jugadores para los Juegos de R\u00edo (en ese torneo dirigi\u00f3 el <a href=\"https:\/\/www.ole.com.ar\/tema\/julio-olarticoechea.html\" title=\"Julio Olarticoechea\" alt=\"Julio Olarticoechea\" class=\"slug\">Vasco Olarticoechea<\/a> y pas\u00f3 lo que nos ten\u00eda que pasar: nos volvimos en primera ronda).<\/p>\n<\/div>\n<div class=\"custom-text \" readability=\"35\">\n<p>\u201cEsperemos tener resuelto al nuevo t\u00e9cnico para la semana que viene. No descartamos a nadie y nos vamos a reunir con todos los entrenadores para decidir cu\u00e1l es el m\u00e1s apto\u201d, dec\u00eda Armando P\u00e9rez.<\/p>\n<\/div>\n<div class=\"custom-text \" readability=\"35.673469387755\">\n<p>D\u00edas despu\u00e9s se entrevist\u00f3 con Miguel \u00c1ngel Russo (aquel candidato de Grondona), <a href=\"https:\/\/www.ole.com.ar\/tema\/ramon-diaz.html\" title=\"Ram\u00f3n D\u00edaz\" alt=\"Ram\u00f3n D\u00edaz\" class=\"slug\">Ram\u00f3n D\u00edaz<\/a> y el <a href=\"https:\/\/www.ole.com.ar\/tema\/edgardo-bauza.html\" title=\"Edgardo Bauza\" alt=\"Edgardo Bauza\" class=\"slug\">Pat\u00f3n Bauza<\/a>. Tambi\u00e9n con Caruso Lombardi. <strong>A principios de agosto, se anunci\u00f3 al Pat\u00f3n como t\u00e9cnico de la Selecci\u00f3n<\/strong>. Cuando le preguntaron a Armando P\u00e9rez sobre los plazos del nuevo entrenador, respondi\u00f3: \u201cCon todo optimismo hasta el Mundial de Francia\u201d. La cita era en Rusia&#8230;<\/p>\n<\/div>\n<div class=\"sc-a7166897-0 eoLsBE\" readability=\"6.5\">\n<section readability=\"3\"><picture><img alt=\"El jugador de la Selecci\u00f3n que anot\u00f3 su primer gol con el Marsella luego de ser recibido como un \u00eddolo\" loading=\"lazy\" width=\"290\" height=\"290\" decoding=\"async\" data-nimg=\"1\" src=\"http:\/\/hoycordobaweb.com\/wp-content\/uploads\/2025\/07\/a-nueve-anos-de-la-comision-normalizadora-de-la-afa-que-fue-de-sus-integrantes-y-por-que-hubo-denuncias-entre-ellos-10.jpg\"><\/picture>\n<p><span>Mir\u00e1 tambi\u00e9n<\/span><\/p>\n<hr>\n<h3>El jugador de la Selecci\u00f3n que anot\u00f3 su primer gol con el Marsella luego de ser recibido como un \u00eddolo<\/h3>\n<\/p>\n<\/section>\n<\/div>\n<div class=\"custom-text \" readability=\"39\">\n<p><strong>Mientras tanto, el campeonato de Primera volv\u00eda a cambiar su formato y en la primera mitad del 2016 se jug\u00f3 un torneo corto de transici\u00f3n<\/strong>, \u201cpara equilibrar el calendario con las competiciones europeas\u201d. Dos zonas con 15 equipos, con una final entre el ganador de cada una. Fue campe\u00f3n el Lan\u00fas de Almir\u00f3n, que gole\u00f3 4-0 al San Lorenzo de Pablo Guede en el Monumental.<\/p>\n<\/div>\n<div class=\"sc-e7b891c4-0 ifHnQL image-embed\"><img alt=\"El 5 de agosto de 2008, Armando P\u00e9rez present\u00f3 al Pat\u00f3n Bauza como nuevo DT de la Selecci\u00f3n. \" loading=\"lazy\" width=\"720\" height=\"100\" decoding=\"async\" data-nimg=\"1\" src=\"http:\/\/hoycordobaweb.com\/wp-content\/uploads\/2025\/07\/a-nueve-anos-de-la-comision-normalizadora-de-la-afa-que-fue-de-sus-integrantes-y-por-que-hubo-denuncias-entre-ellos-11.jpg\"><span class=\"epigraphe\">El 5 de agosto de 2008, Armando P\u00e9rez present\u00f3 al Pat\u00f3n Bauza como nuevo DT de la Selecci\u00f3n. <\/span><\/div>\n<div class=\"custom-text \" readability=\"38\">\n<p>\u201cLos clubes le deben a la AFA $ 1.100 millones\u201d, dec\u00eda Armando P\u00e9rez, en una conferencia de prensa en Ezeiza, en agosto de aquel 2016. \u00abSi la AFA fuera una empresa, ya estar\u00eda en convocatoria de acreedores\u00bb.<\/p>\n<\/div>\n<div class=\"custom-text \" readability=\"42\">\n<p><strong>La Comisi\u00f3n Normalizadora estuvo ocho meses, hasta el mi\u00e9rcoles 29 de marzo de 2017 cuando Chiqui Tapia fue elegido presidente de la AFA, con 40 votos a favor y tres abstenciones.<\/strong> El d\u00eda de su asunci\u00f3n, fue acompa\u00f1ado en la foto por Daniel Angelici (por entonces presidente de Boca), V\u00edctor Blanco (Racing), Hugo Moyano (Independiente) y Nicol\u00e1s Russo (Lan\u00fas). Su primera decisi\u00f3n fuerte fue despedir al Pat\u00f3n Bauza, en plenas Eliminatorias para Rusia 2018 y llamar a Jorge Sampaoli, quien por ese entonces dirig\u00eda al Sevilla de Espa\u00f1a.<\/p>\n<\/div>\n<div class=\"custom-text \" readability=\"38\">\n<p>En julio de 2019, Infobae public\u00f3 que los miembros de aquella Comisi\u00f3n Normalizadora que hab\u00eda llegado para \u201cregularizar la situaci\u00f3n institucional de la AFA\u201d <strong>estaban citados a declarar por una millonaria deuda con la AFIP<\/strong>. La denuncia hab\u00eda sido presentada antes del inicio de la presidencia de Tapia y hab\u00eda sido Toviggino, ex tesorero de esa misma Comisi\u00f3n, uno de los impulsores de la denuncia&#8230;<\/p>\n<\/div>\n<div class=\"sc-a7166897-0 eoLsBE\" readability=\"6\">\n<section readability=\"2\"><picture><img alt=\"El presidente de Lan\u00fas pidi\u00f3 parar a Merlos por el penal a Rosario Central\" loading=\"lazy\" width=\"290\" height=\"290\" decoding=\"async\" data-nimg=\"1\" src=\"http:\/\/hoycordobaweb.com\/wp-content\/uploads\/2025\/07\/a-nueve-anos-de-la-comision-normalizadora-de-la-afa-que-fue-de-sus-integrantes-y-por-que-hubo-denuncias-entre-ellos-12.jpg\"><\/picture>\n<p><span>Mir\u00e1 tambi\u00e9n<\/span><\/p>\n<hr>\n<h3>El presidente de Lan\u00fas pidi\u00f3 parar a Merlos por el penal a Rosario Central<\/h3>\n<\/p>\n<\/section>\n<\/div>\n<div class=\"custom-text \" readability=\"35\">\n<p>Armando P\u00e9rez falleci\u00f3 en diciembre de 2024 a los 80 a\u00f1os. Javier Med\u00edn fue el abogado de la f\u00f3rmula Ibarra-Macri en las elecciones presidenciales de Boca contra Riquelme. Carolina Cristinziano es la vicepresidente primera de Central. Y Pablo Toviggino es hoy mano derecha de Chiqui y famoso por trenzarse en discusiones medi\u00e1ticas con quienes critican las decisiones de la AFA.<\/p>\n<\/div>\n<\/div>\n","protected":false},"excerpt":{"rendered":"<p>21\/07\/2025 06:00hs. Para Julio Grondona el sucesor de Alejandro Sabella, tras el Mundial de Brasil, era Miguel \u00c1ngel Russo. En su proyecto, seg\u00fan cont\u00f3 Ernesto Cherquis Bialo, \u00faltimo vocero de la AFA, Carlos Bilardo seguir\u00eda como Director de Selecciones Nacionales y Humbertito, como t\u00e9cnico de las Juveniles. Esa convicci\u00f3n ten\u00eda Don Julio la noche del [&hellip;]<\/p>\n","protected":false},"author":1,"featured_media":111609,"comment_status":"open","ping_status":"closed","sticky":false,"template":"","format":"standard","meta":[],"categories":[16],"tags":[],"_links":{"self":[{"href":"http:\/\/hoycordobaweb.com\/index.php\/wp-json\/wp\/v2\/posts\/111608"}],"collection":[{"href":"http:\/\/hoycordobaweb.com\/index.php\/wp-json\/wp\/v2\/posts"}],"about":[{"href":"http:\/\/hoycordobaweb.com\/index.php\/wp-json\/wp\/v2\/types\/post"}],"author":[{"embeddable":true,"href":"http:\/\/hoycordobaweb.com\/index.php\/wp-json\/wp\/v2\/users\/1"}],"replies":[{"embeddable":true,"href":"http:\/\/hoycordobaweb.com\/index.php\/wp-json\/wp\/v2\/comments?post=111608"}],"version-history":[{"count":0,"href":"http:\/\/hoycordobaweb.com\/index.php\/wp-json\/wp\/v2\/posts\/111608\/revisions"}],"wp:featuredmedia":[{"embeddable":true,"href":"http:\/\/hoycordobaweb.com\/index.php\/wp-json\/wp\/v2\/media\/111609"}],"wp:attachment":[{"href":"http:\/\/hoycordobaweb.com\/index.php\/wp-json\/wp\/v2\/media?parent=111608"}],"wp:term":[{"taxonomy":"category","embeddable":true,"href":"http:\/\/hoycordobaweb.com\/index.php\/wp-json\/wp\/v2\/categories?post=111608"},{"taxonomy":"post_tag","embeddable":true,"href":"http:\/\/hoycordobaweb.com\/index.php\/wp-json\/wp\/v2\/tags?post=111608"}],"curies":[{"name":"wp","href":"https:\/\/api.w.org\/{rel}","templated":true}]}}