{"id":111541,"date":"2025-07-20T21:18:41","date_gmt":"2025-07-20T21:18:41","guid":{"rendered":"https:\/\/cordobaturismo.gov.ar\/?p=897664"},"modified":"2025-07-20T21:18:41","modified_gmt":"2025-07-20T21:18:41","slug":"vacaciones-de-invierno-mas-de-500-mil-turistas-generaron-un-impacto-economico-de-117-mil-millones-en-cordoba","status":"publish","type":"post","link":"http:\/\/hoycordobaweb.com\/index.php\/2025\/07\/20\/vacaciones-de-invierno-mas-de-500-mil-turistas-generaron-un-impacto-economico-de-117-mil-millones-en-cordoba\/","title":{"rendered":"Vacaciones de invierno: m\u00e1s de 500 mil turistas generaron un impacto econ\u00f3mico de $117 mil millones en C\u00f3rdoba"},"content":{"rendered":"<p>Los n\u00fameros corresponden a un balance de los primeros 15 d\u00edas del receso invernal. La que comienza ma\u00f1ana ser\u00e1 la semana de mayor afluencia<\/p>\n<p>Con un gasto promedio diario por persona de $102.109,47 \u2014que incluye alojamiento, comidas, transporte, recreaci\u00f3n, excursiones y otros servicios tur\u00edsticos\u2014 y la llegada de m\u00e1s de 500 mil visitantes, la provincia alcanz\u00f3 un impacto econ\u00f3mico acumulado de $117.116 millones durante la primera quincena del receso invernal.<\/p>\n<figure class=\"wp-block-gallery has-nested-images columns-default is-cropped wp-block-gallery-1 is-layout-flex wp-block-gallery-is-layout-flex\">\n<figure class=\"wp-block-image size-large\"><img loading=\"lazy\" fetchpriority=\"high\" decoding=\"async\" width=\"1024\" height=\"663\" data-id=\"897665\" src=\"http:\/\/hoycordobaweb.com\/wp-content\/uploads\/2025\/07\/vacaciones-de-invierno-mas-de-500-mil-turistas-generaron-un-impacto-economico-de-117-mil-millones-en-cordoba.jpg\" alt class=\"wp-image-897665\" srcset=\"http:\/\/hoycordobaweb.com\/wp-content\/uploads\/2025\/07\/vacaciones-de-invierno-mas-de-500-mil-turistas-generaron-un-impacto-economico-de-117-mil-millones-en-cordoba.jpg 1024w, http:\/\/hoycordobaweb.com\/wp-content\/uploads\/2025\/07\/vacaciones-de-invierno-mas-de-500-mil-turistas-generaron-un-impacto-economico-de-117-mil-millones-en-cordoba-2.jpg 300w, http:\/\/hoycordobaweb.com\/wp-content\/uploads\/2025\/07\/vacaciones-de-invierno-mas-de-500-mil-turistas-generaron-un-impacto-economico-de-117-mil-millones-en-cordoba-3.jpg 768w, http:\/\/hoycordobaweb.com\/wp-content\/uploads\/2025\/07\/vacaciones-de-invierno-mas-de-500-mil-turistas-generaron-un-impacto-economico-de-117-mil-millones-en-cordoba-4.jpg 1536w, http:\/\/hoycordobaweb.com\/wp-content\/uploads\/2025\/07\/vacaciones-de-invierno-mas-de-500-mil-turistas-generaron-un-impacto-economico-de-117-mil-millones-en-cordoba-5.jpg 2048w\" sizes=\"(max-width: 1024px) 100vw, 1024px\"><\/figure>\n<figure class=\"wp-block-image size-large\"><img loading=\"lazy\" decoding=\"async\" width=\"1024\" height=\"576\" data-id=\"897666\" src=\"http:\/\/hoycordobaweb.com\/wp-content\/uploads\/2025\/07\/vacaciones-de-invierno-mas-de-500-mil-turistas-generaron-un-impacto-economico-de-117-mil-millones-en-cordoba-1.jpg\" alt class=\"wp-image-897666\" srcset=\"http:\/\/hoycordobaweb.com\/wp-content\/uploads\/2025\/07\/vacaciones-de-invierno-mas-de-500-mil-turistas-generaron-un-impacto-economico-de-117-mil-millones-en-cordoba-1.jpg 1024w, http:\/\/hoycordobaweb.com\/wp-content\/uploads\/2025\/07\/vacaciones-de-invierno-mas-de-500-mil-turistas-generaron-un-impacto-economico-de-117-mil-millones-en-cordoba-6.jpg 300w, http:\/\/hoycordobaweb.com\/wp-content\/uploads\/2025\/07\/vacaciones-de-invierno-mas-de-500-mil-turistas-generaron-un-impacto-economico-de-117-mil-millones-en-cordoba-7.jpg 768w, http:\/\/hoycordobaweb.com\/wp-content\/uploads\/2025\/07\/vacaciones-de-invierno-mas-de-500-mil-turistas-generaron-un-impacto-economico-de-117-mil-millones-en-cordoba-8.jpg 1280w\" sizes=\"(max-width: 1024px) 100vw, 1024px\"><\/figure>\n<\/figure>\n<p>El presidente de la Agencia C\u00f3rdoba Turismo, Dar\u00edo Capitani, destac\u00f3: \u201cLos n\u00fameros reflejan el dinamismo y la capacidad de atracci\u00f3n de C\u00f3rdoba como destino tur\u00edstico en invierno. Esta temporada est\u00e1 superando nuestras proyecciones, y esto es el resultado del trabajo conjunto con el sector privado, los municipios y el compromiso de seguir posicionando a C\u00f3rdoba en lo m\u00e1s alto del mapa tur\u00edstico nacional.\u201d<\/p>\n<p>Si bien ya se transitaron las dos primeras semanas del receso \u2014del 5 al 11 y del 12 al 18 de julio, con m\u00e1s de 500 mil turistas y un crecimiento del 7% respecto al 2024 en la segunda semana\u2014 a\u00fan hay provincias que contin\u00faan de vacaciones hasta el 27 de julio.<\/p>\n<p>Esto mantiene la afluencia de visitantes y este \u00faltimo fin de semana volvi\u00f3 a dejar muy buenos indicadores, con destinos que superaron ampliamente el 65% de ocupaci\u00f3n. Entre ellos se destacan: Villa General Belgrano (78%, con picos cercanos al 90%), La Cumbrecita (68%), Santa Rosa de Calamuchita (71%), Almafuerte (67%), La Falda (69%), Capilla del Monte (72%), Tanti (62%), La Cumbre (67%), Villa Carlos Paz (68%, con picos superiores al 87%), Alta Gracia (68%), C\u00f3rdoba Capital (62%, con ocupaci\u00f3n plena en categor\u00edas superiores), Mina Clavero (68%) y Miramar de Ansenuza (69%).<\/p>\n","protected":false},"excerpt":{"rendered":"<p>Los n\u00fameros corresponden a un balance de los primeros 15 d\u00edas del receso invernal. La que comienza ma\u00f1ana ser\u00e1 la semana de mayor afluencia Con un gasto promedio diario por persona de $102.109,47 \u2014que incluye alojamiento, comidas, transporte, recreaci\u00f3n, excursiones y otros servicios tur\u00edsticos\u2014 y la llegada de m\u00e1s de 500 mil visitantes, la provincia [&hellip;]<\/p>\n","protected":false},"author":1,"featured_media":111542,"comment_status":"closed","ping_status":"closed","sticky":false,"template":"","format":"standard","meta":[],"categories":[19],"tags":[],"_links":{"self":[{"href":"http:\/\/hoycordobaweb.com\/index.php\/wp-json\/wp\/v2\/posts\/111541"}],"collection":[{"href":"http:\/\/hoycordobaweb.com\/index.php\/wp-json\/wp\/v2\/posts"}],"about":[{"href":"http:\/\/hoycordobaweb.com\/index.php\/wp-json\/wp\/v2\/types\/post"}],"author":[{"embeddable":true,"href":"http:\/\/hoycordobaweb.com\/index.php\/wp-json\/wp\/v2\/users\/1"}],"replies":[{"embeddable":true,"href":"http:\/\/hoycordobaweb.com\/index.php\/wp-json\/wp\/v2\/comments?post=111541"}],"version-history":[{"count":0,"href":"http:\/\/hoycordobaweb.com\/index.php\/wp-json\/wp\/v2\/posts\/111541\/revisions"}],"wp:featuredmedia":[{"embeddable":true,"href":"http:\/\/hoycordobaweb.com\/index.php\/wp-json\/wp\/v2\/media\/111542"}],"wp:attachment":[{"href":"http:\/\/hoycordobaweb.com\/index.php\/wp-json\/wp\/v2\/media?parent=111541"}],"wp:term":[{"taxonomy":"category","embeddable":true,"href":"http:\/\/hoycordobaweb.com\/index.php\/wp-json\/wp\/v2\/categories?post=111541"},{"taxonomy":"post_tag","embeddable":true,"href":"http:\/\/hoycordobaweb.com\/index.php\/wp-json\/wp\/v2\/tags?post=111541"}],"curies":[{"name":"wp","href":"https:\/\/api.w.org\/{rel}","templated":true}]}}