{"id":111140,"date":"2025-07-15T23:49:25","date_gmt":"2025-07-15T23:49:25","guid":{"rendered":"https:\/\/www.ole.com.ar\/san-lorenzo\/san-lorenzo-mercado-pases-lucas-alario-estudiantes_0_RJq1g7jRCx.html"},"modified":"2025-07-15T23:49:25","modified_gmt":"2025-07-15T23:49:25","slug":"san-lorenzo-tiene-en-la-mira-a-un-delantero-con-pasado-en-river-y-en-la-seleccion","status":"publish","type":"post","link":"http:\/\/hoycordobaweb.com\/index.php\/2025\/07\/15\/san-lorenzo-tiene-en-la-mira-a-un-delantero-con-pasado-en-river-y-en-la-seleccion\/","title":{"rendered":"San Lorenzo tiene en la mira a un delantero con pasado en River y en la Selecci\u00f3n"},"content":{"rendered":"<p><img src=\"http:\/\/hoycordobaweb.com\/wp-content\/uploads\/2025\/07\/san-lorenzo-tiene-en-la-mira-a-un-delantero-con-pasado-en-river-y-en-la-seleccion.jpg\"><\/p>\n<p><time class=\"createDate\" datetime=\"2025-07-15T20:49:25-03:00\">15\/07\/2025 20:49hs.<\/time><\/p>\n<div id=\"storyBody\">\n<div class=\"custom-text \" readability=\"34.446529080675\">\n<p>Ingenio. Esa es la palabra que <strong>Dami\u00e1n Ayude<\/strong> y su cuerpo t\u00e9cnico tienen como estandarte a la hora de pensar c\u00f3mo reforzar el plantel. Sabiendo que en <strong><a href=\"https:\/\/www.ole.com.ar\/tema\/san-lorenzo.html\" title=\"San Lorenzo\" alt=\"San Lorenzo\" class=\"slug\">San Lorenzo<\/a><\/strong> no sobran los billetes y que la idea de Julio Lopardo (el presidente provisorio ante la licencia de Moretti) y el resto de los dirigentes es <strong>tratar de tener un semestre de austeridad para tratar de acomodar la econom\u00eda<\/strong>, el laburo de todos pasa por <strong>encontrar oportunidades en el mercado para poder sumarle variantes al plantel y una de ellas podr\u00eda ser <a href=\"https:\/\/www.ole.com.ar\/tema\/lucas-alario.html\" title=\"Lucas Alario\" alt=\"Lucas Alario\" class=\"slug\">Lucas Alario<\/a>&#8230;<\/strong><\/p>\n<\/div>\n<div class=\"custom-text \" readability=\"37\">\n<p>Mientras esperan levantar las inhibiciones de FIFA en los pr\u00f3ximos d\u00edas, en Boedo ya<strong> tienen apalabrados a Leandro Allende (lateral &#8211; volante de Quilmes) y Sa\u00fal Salcedo (zaguero de Newell\u2019s) para convertirlos en refuerzos apenas est\u00e9 autorizado a incorporar<\/strong>. Sin embargo, en las \u00faltimas horas apareci\u00f3 un tercer nombre y de peso: Alario.<\/p>\n<\/div>\n<div class=\"custom-text \" readability=\"37\">\n<p>El delantero, de destacados rendimientos en Colon y River pero que <strong>en el \u00faltimo tiempo no consigui\u00f3 tener continuidad en Estudiantes<\/strong> en lo que fue su regreso al pa\u00eds tras varios a\u00f1os Alemania y un breve paso por Inter de Porto Alegre, interrumpir\u00eda su contrato con el Pincha y en el Cicl\u00f3n pensaron en sumarlo.<\/p>\n<\/div>\n<div class=\"custom-text \" readability=\"41\">\n<p>Si bien viene con pocos minutos en cancha (en el Le\u00f3n disput\u00f3 16 partidos y marc\u00f3 un solo gol, de penal) <strong>para Ayude puede ser importante su llegada, adem\u00e1s de lo futbol\u00edstico, por lo que puede aportar en un plantel que solo cuenta con cuatro futbolistas que superaron la barrera de los 30 a\u00f1os<\/strong> (Devecchi, Nery Dom\u00ednguez, Vombgerar y Cerutti) por lo cual sumar a un experimentado, con una larga trayectoria (incluso fue citado a la Selecci\u00f3n primero en el ciclo del Pat\u00f3n Bauza y despu\u00e9s en el de Jorge Sampaoli) y a meses de cumplir los 33 es algo que ven con buenos ojos.<\/p>\n<\/div>\n<div class=\"custom-text \" readability=\"37\">\n<p>Si bien <strong>es casi un hecho que de Estudiantes saldr\u00e1 libre y en Boedo no tendr\u00edan que desembolsar dinero por su llegada, el contrato del futbolista puede ser una complicaci\u00f3n<\/strong>. Est\u00e1 claro que <strong>los directivos azulgrana no pueden ni quieren hacer locuras y habr\u00e1 que ver si Alario est\u00e1 dispuesto a resignar dinero<\/strong>. La historia reci\u00e9n empieza, \u00bfser\u00e1 de la buena Pipa para el Cicl\u00f3n?<\/p>\n<\/div>\n<div class=\"custom-text \" readability=\"32\">\n<p><strong>\u00bfLevantan las inhibiciones?<\/strong><\/p>\n<\/div>\n<div class=\"custom-text \" readability=\"34\">\n<p>En estas horas<strong> entrar\u00e1n a las arcas azulgranas u$s 1.800.000 desde Emiratos \u00c1rabes por la venta de Irala <\/strong>y con eso <strong>esperan pagar (son cerca de dos millones de d\u00f3lares) para levantar las inhibiciones<\/strong> y quedar autorizados a incorporar.<\/p>\n<\/div>\n<div class=\"sc-a7166897-0 eoLsBE\" readability=\"6\">\n<section readability=\"2\"><picture><img alt=\"La AFA intercede en el conflicto de Moretti en San Lorenzo\" loading=\"lazy\" width=\"290\" height=\"290\" decoding=\"async\" data-nimg=\"1\" src=\"http:\/\/hoycordobaweb.com\/wp-content\/uploads\/2025\/07\/san-lorenzo-tiene-en-la-mira-a-un-delantero-con-pasado-en-river-y-en-la-seleccion-2.jpg\"><\/picture>\n<p><span>Mir\u00e1 tambi\u00e9n<\/span><\/p>\n<hr>\n<h3>La AFA intercede en el conflicto de Moretti en San Lorenzo<\/h3>\n<\/p>\n<\/section>\n<\/div>\n<div class=\"sc-a7166897-0 eoLsBE\" readability=\"6\">\n<section readability=\"2\"><picture><img alt=\"M\u00e1s problemas contra Moretti: la fiscal pidi\u00f3 la indagatoria\" loading=\"lazy\" width=\"290\" height=\"290\" decoding=\"async\" data-nimg=\"1\" src=\"http:\/\/hoycordobaweb.com\/wp-content\/uploads\/2025\/07\/san-lorenzo-tiene-en-la-mira-a-un-delantero-con-pasado-en-river-y-en-la-seleccion-3.jpg\"><\/picture>\n<p><span>Mir\u00e1 tambi\u00e9n<\/span><\/p>\n<hr>\n<h3>M\u00e1s problemas contra Moretti: la fiscal pidi\u00f3 la indagatoria<\/h3>\n<\/p>\n<\/section>\n<\/div>\n<div class=\"sc-a7166897-0 eoLsBE\" readability=\"6.5\">\n<section readability=\"3\"><picture><img alt=\"Esc\u00e1ndalo en San Lorenzo: los socios responsabilizan al oficialismo por un piso quemado\" loading=\"lazy\" width=\"290\" height=\"290\" decoding=\"async\" data-nimg=\"1\" src=\"http:\/\/hoycordobaweb.com\/wp-content\/uploads\/2025\/07\/san-lorenzo-tiene-en-la-mira-a-un-delantero-con-pasado-en-river-y-en-la-seleccion-4.jpg\"><\/picture>\n<p><span>Mir\u00e1 tambi\u00e9n<\/span><\/p>\n<hr>\n<h3>Esc\u00e1ndalo en San Lorenzo: los socios responsabilizan al oficialismo por un piso quemado<\/h3>\n<\/p>\n<\/section>\n<\/div>\n<div class=\"sc-a7166897-0 eoLsBE\" readability=\"6.5\">\n<section readability=\"3\"><picture><img alt=\"Empez\u00f3 el Clausura: as\u00ed est\u00e1 la clasificaci\u00f3n para la Libertadores y Sudamericana 2026\" loading=\"lazy\" width=\"290\" height=\"290\" decoding=\"async\" data-nimg=\"1\" src=\"http:\/\/hoycordobaweb.com\/wp-content\/uploads\/2025\/07\/san-lorenzo-tiene-en-la-mira-a-un-delantero-con-pasado-en-river-y-en-la-seleccion-5.jpg\"><\/picture>\n<p><span>Mir\u00e1 tambi\u00e9n<\/span><\/p>\n<hr>\n<h3>Empez\u00f3 el Clausura: as\u00ed est\u00e1 la clasificaci\u00f3n para la Libertadores y Sudamericana 2026<\/h3>\n<\/p>\n<\/section>\n<\/div>\n<div class=\"sc-a7166897-0 eoLsBE\" readability=\"6\">\n<section readability=\"2\"><picture><img alt=\"Arranc\u00f3 el Clausura: resultados de la primera y c\u00f3mo se juega la segunda fecha\" loading=\"lazy\" width=\"290\" height=\"290\" decoding=\"async\" data-nimg=\"1\" src=\"http:\/\/hoycordobaweb.com\/wp-content\/uploads\/2025\/07\/san-lorenzo-tiene-en-la-mira-a-un-delantero-con-pasado-en-river-y-en-la-seleccion-6.jpg\"><\/picture>\n<p><span>Mir\u00e1 tambi\u00e9n<\/span><\/p>\n<hr>\n<h3>Arranc\u00f3 el Clausura: resultados de la primera y c\u00f3mo se juega la segunda fecha<\/h3>\n<\/p>\n<\/section>\n<\/div>\n<\/div>\n","protected":false},"excerpt":{"rendered":"<p>15\/07\/2025 20:49hs. Ingenio. Esa es la palabra que Dami\u00e1n Ayude y su cuerpo t\u00e9cnico tienen como estandarte a la hora de pensar c\u00f3mo reforzar el plantel. Sabiendo que en San Lorenzo no sobran los billetes y que la idea de Julio Lopardo (el presidente provisorio ante la licencia de Moretti) y el resto de los [&hellip;]<\/p>\n","protected":false},"author":1,"featured_media":111141,"comment_status":"open","ping_status":"closed","sticky":false,"template":"","format":"standard","meta":[],"categories":[16],"tags":[],"_links":{"self":[{"href":"http:\/\/hoycordobaweb.com\/index.php\/wp-json\/wp\/v2\/posts\/111140"}],"collection":[{"href":"http:\/\/hoycordobaweb.com\/index.php\/wp-json\/wp\/v2\/posts"}],"about":[{"href":"http:\/\/hoycordobaweb.com\/index.php\/wp-json\/wp\/v2\/types\/post"}],"author":[{"embeddable":true,"href":"http:\/\/hoycordobaweb.com\/index.php\/wp-json\/wp\/v2\/users\/1"}],"replies":[{"embeddable":true,"href":"http:\/\/hoycordobaweb.com\/index.php\/wp-json\/wp\/v2\/comments?post=111140"}],"version-history":[{"count":0,"href":"http:\/\/hoycordobaweb.com\/index.php\/wp-json\/wp\/v2\/posts\/111140\/revisions"}],"wp:featuredmedia":[{"embeddable":true,"href":"http:\/\/hoycordobaweb.com\/index.php\/wp-json\/wp\/v2\/media\/111141"}],"wp:attachment":[{"href":"http:\/\/hoycordobaweb.com\/index.php\/wp-json\/wp\/v2\/media?parent=111140"}],"wp:term":[{"taxonomy":"category","embeddable":true,"href":"http:\/\/hoycordobaweb.com\/index.php\/wp-json\/wp\/v2\/categories?post=111140"},{"taxonomy":"post_tag","embeddable":true,"href":"http:\/\/hoycordobaweb.com\/index.php\/wp-json\/wp\/v2\/tags?post=111140"}],"curies":[{"name":"wp","href":"https:\/\/api.w.org\/{rel}","templated":true}]}}